

{"id":7174,"date":"2012-09-16T18:27:13","date_gmt":"2012-09-16T15:27:13","guid":{"rendered":"https:\/\/e-marineeducation.com\/tr\/?p=7174"},"modified":"2012-09-16T18:27:13","modified_gmt":"2012-09-16T15:27:13","slug":"denizcilik-egitiminde-deniz-kokenli-akademisyenlerin-analizi","status":"publish","type":"post","link":"https:\/\/e-marineeducation.com\/tr\/denizcilik-egitiminde-deniz-kokenli-akademisyenlerin-analizi\/","title":{"rendered":"Denizcilik E\u011fitiminde Deniz K\u00f6kenli Akademisyenlerin Analizi"},"content":{"rendered":"<p style=\"text-align: justify;\">A\u015fa\u011f\u0131da yer alan tablolar, <span style=\"color: #3366cc;\"><em>Denizcilik Dergisi<\/em><\/span>&#8216;nin 59. say\u0131s\u0131nda bulunan Dokuz Eyl\u00fcl \u00dcniversitesi Denizcilik Fak\u00fcltesi Deniz Ula\u015ft\u0131rma \u0130\u015fletme M\u00fchendisli\u011fi program\u0131 Seyir Anabilim Dal\u0131 Ba\u015fkan\u0131 Do\u00e7. Dr. <em><span style=\"color: #3366cc;\">Sel\u00e7uk Nas<\/span><\/em> ve Recep Tayyip Erdo\u011fan \u00dcniversitesi Turgut K\u0131ran Denizcilik Y\u00fcksekokulu Ar\u015f. G\u00f6revlisi <span style=\"color: #3366cc;\"><em>Burcu \u00c7elik<\/em><\/span>&#8216;in\u00a0<em><span style=\"color: #3366cc;\">T\u00fcrkiye\u2019de Lisans D\u00fczeyinde Denizcilik\u00a0E\u011fitimi Veren Kurumlarda \u0130stihdam Edilen\u00a0Deniz K\u00f6kenli Akademisyenlerin Profili<\/span> <\/em>ba\u015fl\u0131kl\u0131 yaz\u0131s\u0131ndan al\u0131nm\u0131\u015ft\u0131r.<\/p>\n<table style=\"height: 20px;\" border=\"0\">\n<tbody>\n<tr>\n<td><\/td>\n<\/tr>\n<\/tbody>\n<\/table>\n<p style=\"text-align: center;\"><img loading=\"lazy\" decoding=\"async\" class=\"aligncenter size-full wp-image-7175\" style=\"text-align: center;\" title=\"Tablo 1\" src=\"https:\/\/e-marineeducation.com\/tr\/wp-content\/uploads\/Tablo-1.png\" alt=\"\" width=\"627\" height=\"296\" srcset=\"https:\/\/e-marineeducation.com\/tr\/wp-content\/uploads\/Tablo-1.png 627w, https:\/\/e-marineeducation.com\/tr\/wp-content\/uploads\/Tablo-1-150x70.png 150w, https:\/\/e-marineeducation.com\/tr\/wp-content\/uploads\/Tablo-1-300x141.png 300w, https:\/\/e-marineeducation.com\/tr\/wp-content\/uploads\/Tablo-1-600x283.png 600w\" sizes=\"auto, (max-width: 627px) 100vw, 627px\" \/><strong style=\"text-align: center;\">T\u00fcrkiye\u2019 de Denizcilik E\u011fitimi Veren Deniz K\u00f6kenli\u00a0<\/strong><strong style=\"text-align: center;\">Akademisyenlerin<\/strong><span style=\"text-align: center;\">\u00a0<\/span><strong style=\"text-align: center;\">Akademik Kariyerleri<\/strong><\/p>\n<table style=\"height: 20px;\" border=\"0\">\n<tbody>\n<tr>\n<td><\/td>\n<\/tr>\n<\/tbody>\n<\/table>\n<p style=\"text-align: center;\">\n<p style=\"text-align: left;\"><img loading=\"lazy\" decoding=\"async\" class=\"aligncenter size-full wp-image-7177\" title=\"Tablo 2\" src=\"https:\/\/e-marineeducation.com\/tr\/wp-content\/uploads\/Tablo-2.png\" alt=\"\" width=\"627\" height=\"369\" srcset=\"https:\/\/e-marineeducation.com\/tr\/wp-content\/uploads\/Tablo-2.png 627w, https:\/\/e-marineeducation.com\/tr\/wp-content\/uploads\/Tablo-2-150x88.png 150w, https:\/\/e-marineeducation.com\/tr\/wp-content\/uploads\/Tablo-2-300x176.png 300w, https:\/\/e-marineeducation.com\/tr\/wp-content\/uploads\/Tablo-2-600x353.png 600w\" sizes=\"auto, (max-width: 627px) 100vw, 627px\" \/><\/p>\n<p style=\"text-align: center;\"><strong>Denizcilik E\u011fitimi Veren Kurumlarda \u0130stihdam Edilen Deniz<\/strong>\u00a0<strong>K\u00f6kenli Akademisyenlerin<\/strong><\/p>\n<p style=\"text-align: center;\"><strong>Deniz Hizmet S\u00fcreleri, Cinsiyet ve Ya\u015f<\/strong>\u00a0<strong>Da\u011f\u0131l\u0131mlar\u0131<\/strong><\/p>\n<table style=\"height: 20px;\" border=\"0\">\n<tbody>\n<tr>\n<td><\/td>\n<\/tr>\n<\/tbody>\n<\/table>\n<p style=\"text-align: left;\"><img loading=\"lazy\" decoding=\"async\" class=\"aligncenter size-full wp-image-7182\" title=\"\" src=\"https:\/\/e-marineeducation.com\/tr\/wp-content\/uploads\/Tablo-3.png\" alt=\"\" width=\"627\" height=\"368\" srcset=\"https:\/\/e-marineeducation.com\/tr\/wp-content\/uploads\/Tablo-3.png 627w, https:\/\/e-marineeducation.com\/tr\/wp-content\/uploads\/Tablo-3-150x88.png 150w, https:\/\/e-marineeducation.com\/tr\/wp-content\/uploads\/Tablo-3-300x176.png 300w, https:\/\/e-marineeducation.com\/tr\/wp-content\/uploads\/Tablo-3-600x352.png 600w\" sizes=\"auto, (max-width: 627px) 100vw, 627px\" \/><\/p>\n<p style=\"text-align: center;\"><strong>Lisans D\u00fczeyindeki \u00d6\u011frenci Kontenjan Say\u0131s\u0131 ile \u0130stihdam\u00a0Edilen <\/strong><\/p>\n<p style=\"text-align: center;\"><strong>Deniz K\u00f6kenli Akademisyen Say\u0131s\u0131 Aras\u0131ndaki \u0130li\u015fkisi<\/strong><\/p>\n<table style=\"height: 20px;\" border=\"0\">\n<tbody>\n<tr>\n<td><\/td>\n<\/tr>\n<\/tbody>\n<\/table>\n<p style=\"text-align: left;\"><img loading=\"lazy\" decoding=\"async\" class=\"aligncenter size-full wp-image-7184\" title=\"\" src=\"https:\/\/e-marineeducation.com\/tr\/wp-content\/uploads\/Tablo-4.png\" alt=\"\" width=\"627\" height=\"147\" srcset=\"https:\/\/e-marineeducation.com\/tr\/wp-content\/uploads\/Tablo-4.png 627w, https:\/\/e-marineeducation.com\/tr\/wp-content\/uploads\/Tablo-4-150x35.png 150w, https:\/\/e-marineeducation.com\/tr\/wp-content\/uploads\/Tablo-4-300x70.png 300w, https:\/\/e-marineeducation.com\/tr\/wp-content\/uploads\/Tablo-4-600x140.png 600w\" sizes=\"auto, (max-width: 627px) 100vw, 627px\" \/><\/p>\n<p style=\"text-align: center;\"><strong>Deniz K\u00f6kenli Akademisyenlerin Lisans E\u011fitimlerini Tamamlad\u0131klar\u0131<\/strong><\/p>\n<p style=\"text-align: center;\"><strong>E\u011fitim Kurumlar\u0131na G\u00f6re Da\u011f\u0131l\u0131m\u0131<\/strong><\/p>\n","protected":false},"excerpt":{"rendered":"<p>A\u015fa\u011f\u0131da yer alan tablolar, Denizcilik Dergisi&#8216;nin 59. say\u0131s\u0131nda bulunan Dokuz Eyl\u00fcl \u00dcniversitesi Denizcilik Fak\u00fcltesi Deniz Ula\u015ft\u0131rma \u0130\u015fletme M\u00fchendisli\u011fi program\u0131 Seyir Anabilim Dal\u0131 Ba\u015fkan\u0131 Do\u00e7. Dr. Sel\u00e7uk Nas ve Recep Tayyip Erdo\u011fan \u00dcniversitesi Turgut K\u0131ran Denizcilik Y\u00fcksekokulu Ar\u015f. G\u00f6revlisi Burcu \u00c7elik&#8216;in\u00a0T\u00fcrkiye\u2019de Lisans D\u00fczeyinde Denizcilik\u00a0E\u011fitimi Veren Kurumlarda \u0130stihdam Edilen\u00a0Deniz K\u00f6kenli Akademisyenlerin Profili ba\u015fl\u0131kl\u0131 yaz\u0131s\u0131ndan al\u0131nm\u0131\u015ft\u0131r. T\u00fcrkiye\u2019 de &hellip;<\/p>\n","protected":false},"author":1,"featured_media":6859,"comment_status":"open","ping_status":"open","sticky":false,"template":"","format":"standard","meta":{"_acf_changed":false,"_bbp_topic_count":0,"_bbp_reply_count":0,"_bbp_total_topic_count":0,"_bbp_total_reply_count":0,"_bbp_voice_count":0,"_bbp_anonymous_reply_count":0,"_bbp_topic_count_hidden":0,"_bbp_reply_count_hidden":0,"_bbp_forum_subforum_count":0,"footnotes":""},"categories":[522],"tags":[968,3393,816],"class_list":["post-7174","post","type-post","status-publish","format-standard","has-post-thumbnail","","category-ozel-yazilar","tag-burcu-celik","tag-ozel-yazilar","tag-selcuk-nas"],"acf":[],"yoast_head":"<!-- This site is optimized with the Yoast SEO plugin v27.4 - https:\/\/yoast.com\/product\/yoast-seo-wordpress\/ -->\n<title>Denizcilik E\u011fitiminde Deniz K\u00f6kenli Akademisyenlerin Analizi - e-MarineEducation.com<\/title>\n<meta name=\"description\" content=\"Do\u00e7. Dr. Sel\u00e7uk Nas ve Ar\u015f. G\u00f6revlisi Burcu \u00c7elik&#039;in T\u00fcrkiye&#039;deki denizci k\u00f6kenli akademisyenleri inceledi\u011fi yaz\u0131d\u0131r.\" \/>\n<meta name=\"robots\" content=\"index, follow, max-snippet:-1, max-image-preview:large, max-video-preview:-1\" \/>\n<link rel=\"canonical\" href=\"https:\/\/e-marineeducation.com\/tr\/denizcilik-egitiminde-deniz-kokenli-akademisyenlerin-analizi\/\" \/>\n<meta property=\"og:locale\" content=\"tr_TR\" \/>\n<meta property=\"og:type\" content=\"article\" \/>\n<meta property=\"og:title\" content=\"Denizcilik E\u011fitiminde Deniz K\u00f6kenli Akademisyenlerin Analizi - e-MarineEducation.com\" \/>\n<meta property=\"og:description\" content=\"Do\u00e7. Dr. Sel\u00e7uk Nas ve Ar\u015f. G\u00f6revlisi Burcu \u00c7elik&#039;in T\u00fcrkiye&#039;deki denizci k\u00f6kenli akademisyenleri inceledi\u011fi yaz\u0131d\u0131r.\" \/>\n<meta property=\"og:url\" content=\"https:\/\/e-marineeducation.com\/tr\/denizcilik-egitiminde-deniz-kokenli-akademisyenlerin-analizi\/\" \/>\n<meta property=\"og:site_name\" content=\"e-MarineEducation.com\" \/>\n<meta property=\"article:author\" content=\"https:\/\/www.facebook.com\/oruc.aybars\" \/>\n<meta property=\"article:published_time\" content=\"2012-09-16T15:27:13+00:00\" \/>\n<meta property=\"og:image\" content=\"https:\/\/e-marineeducation.com\/tr\/wp-content\/uploads\/Denizcilik-E\u011fitimi-Simge.png\" \/>\n\t<meta property=\"og:image:width\" content=\"74\" \/>\n\t<meta property=\"og:image:height\" content=\"74\" \/>\n\t<meta property=\"og:image:type\" content=\"image\/png\" \/>\n<meta name=\"author\" content=\"Dr. Aybars Oru\u00e7\" \/>\n<meta name=\"twitter:card\" content=\"summary_large_image\" \/>\n<meta name=\"twitter:creator\" content=\"@aybarsoruc\" \/>\n<meta name=\"twitter:label1\" content=\"Yazan:\" \/>\n\t<meta name=\"twitter:data1\" content=\"Dr. Aybars Oru\u00e7\" \/>\n\t<meta name=\"twitter:label2\" content=\"Tahmini okuma s\u00fcresi\" \/>\n\t<meta name=\"twitter:data2\" content=\"1 dakika\" \/>\n<script type=\"application\/ld+json\" class=\"yoast-schema-graph\">{\"@context\":\"https:\\\/\\\/schema.org\",\"@graph\":[{\"@type\":\"Article\",\"@id\":\"https:\\\/\\\/e-marineeducation.com\\\/tr\\\/denizcilik-egitiminde-deniz-kokenli-akademisyenlerin-analizi\\\/#article\",\"isPartOf\":{\"@id\":\"https:\\\/\\\/e-marineeducation.com\\\/tr\\\/denizcilik-egitiminde-deniz-kokenli-akademisyenlerin-analizi\\\/\"},\"author\":{\"name\":\"Dr. Aybars Oru\u00e7\",\"@id\":\"https:\\\/\\\/e-marineeducation.com\\\/tr\\\/#\\\/schema\\\/person\\\/f7f32de91b2efb12f23950a06aad9e36\"},\"headline\":\"Denizcilik E\u011fitiminde Deniz K\u00f6kenli Akademisyenlerin Analizi\",\"datePublished\":\"2012-09-16T15:27:13+00:00\",\"mainEntityOfPage\":{\"@id\":\"https:\\\/\\\/e-marineeducation.com\\\/tr\\\/denizcilik-egitiminde-deniz-kokenli-akademisyenlerin-analizi\\\/\"},\"wordCount\":165,\"commentCount\":0,\"image\":{\"@id\":\"https:\\\/\\\/e-marineeducation.com\\\/tr\\\/denizcilik-egitiminde-deniz-kokenli-akademisyenlerin-analizi\\\/#primaryimage\"},\"thumbnailUrl\":\"https:\\\/\\\/e-marineeducation.com\\\/tr\\\/wp-content\\\/uploads\\\/Denizcilik-E\u011fitimi-Simge.png\",\"keywords\":[\"burcu \u00e7elik\",\"\u00d6zel Yaz\u0131lar\",\"sel\u00e7uk nas\"],\"articleSection\":[\"\u00d6zel Yaz\u0131lar\"],\"inLanguage\":\"tr\",\"potentialAction\":[{\"@type\":\"CommentAction\",\"name\":\"Comment\",\"target\":[\"https:\\\/\\\/e-marineeducation.com\\\/tr\\\/denizcilik-egitiminde-deniz-kokenli-akademisyenlerin-analizi\\\/#respond\"]}]},{\"@type\":\"WebPage\",\"@id\":\"https:\\\/\\\/e-marineeducation.com\\\/tr\\\/denizcilik-egitiminde-deniz-kokenli-akademisyenlerin-analizi\\\/\",\"url\":\"https:\\\/\\\/e-marineeducation.com\\\/tr\\\/denizcilik-egitiminde-deniz-kokenli-akademisyenlerin-analizi\\\/\",\"name\":\"Denizcilik E\u011fitiminde Deniz K\u00f6kenli Akademisyenlerin Analizi - e-MarineEducation.com\",\"isPartOf\":{\"@id\":\"https:\\\/\\\/e-marineeducation.com\\\/tr\\\/#website\"},\"primaryImageOfPage\":{\"@id\":\"https:\\\/\\\/e-marineeducation.com\\\/tr\\\/denizcilik-egitiminde-deniz-kokenli-akademisyenlerin-analizi\\\/#primaryimage\"},\"image\":{\"@id\":\"https:\\\/\\\/e-marineeducation.com\\\/tr\\\/denizcilik-egitiminde-deniz-kokenli-akademisyenlerin-analizi\\\/#primaryimage\"},\"thumbnailUrl\":\"https:\\\/\\\/e-marineeducation.com\\\/tr\\\/wp-content\\\/uploads\\\/Denizcilik-E\u011fitimi-Simge.png\",\"datePublished\":\"2012-09-16T15:27:13+00:00\",\"author\":{\"@id\":\"https:\\\/\\\/e-marineeducation.com\\\/tr\\\/#\\\/schema\\\/person\\\/f7f32de91b2efb12f23950a06aad9e36\"},\"description\":\"Do\u00e7. Dr. Sel\u00e7uk Nas ve Ar\u015f. G\u00f6revlisi Burcu \u00c7elik'in T\u00fcrkiye'deki denizci k\u00f6kenli akademisyenleri inceledi\u011fi yaz\u0131d\u0131r.\",\"breadcrumb\":{\"@id\":\"https:\\\/\\\/e-marineeducation.com\\\/tr\\\/denizcilik-egitiminde-deniz-kokenli-akademisyenlerin-analizi\\\/#breadcrumb\"},\"inLanguage\":\"tr\",\"potentialAction\":[{\"@type\":\"ReadAction\",\"target\":[\"https:\\\/\\\/e-marineeducation.com\\\/tr\\\/denizcilik-egitiminde-deniz-kokenli-akademisyenlerin-analizi\\\/\"]}]},{\"@type\":\"ImageObject\",\"inLanguage\":\"tr\",\"@id\":\"https:\\\/\\\/e-marineeducation.com\\\/tr\\\/denizcilik-egitiminde-deniz-kokenli-akademisyenlerin-analizi\\\/#primaryimage\",\"url\":\"https:\\\/\\\/e-marineeducation.com\\\/tr\\\/wp-content\\\/uploads\\\/Denizcilik-E\u011fitimi-Simge.png\",\"contentUrl\":\"https:\\\/\\\/e-marineeducation.com\\\/tr\\\/wp-content\\\/uploads\\\/Denizcilik-E\u011fitimi-Simge.png\",\"width\":\"74\",\"height\":\"74\"},{\"@type\":\"BreadcrumbList\",\"@id\":\"https:\\\/\\\/e-marineeducation.com\\\/tr\\\/denizcilik-egitiminde-deniz-kokenli-akademisyenlerin-analizi\\\/#breadcrumb\",\"itemListElement\":[{\"@type\":\"ListItem\",\"position\":1,\"name\":\"Ana sayfa\",\"item\":\"https:\\\/\\\/e-marineeducation.com\\\/tr\\\/\"},{\"@type\":\"ListItem\",\"position\":2,\"name\":\"Denizcilik E\u011fitiminde Deniz K\u00f6kenli Akademisyenlerin Analizi\"}]},{\"@type\":\"WebSite\",\"@id\":\"https:\\\/\\\/e-marineeducation.com\\\/tr\\\/#website\",\"url\":\"https:\\\/\\\/e-marineeducation.com\\\/tr\\\/\",\"name\":\"e-MarineEducation.com\",\"description\":\"Denizcilik E\u011fitimine Yeni Bir Bak\u0131\u015f A\u00e7\u0131s\u0131\",\"potentialAction\":[{\"@type\":\"SearchAction\",\"target\":{\"@type\":\"EntryPoint\",\"urlTemplate\":\"https:\\\/\\\/e-marineeducation.com\\\/tr\\\/?s={search_term_string}\"},\"query-input\":{\"@type\":\"PropertyValueSpecification\",\"valueRequired\":true,\"valueName\":\"search_term_string\"}}],\"inLanguage\":\"tr\"},{\"@type\":\"Person\",\"@id\":\"https:\\\/\\\/e-marineeducation.com\\\/tr\\\/#\\\/schema\\\/person\\\/f7f32de91b2efb12f23950a06aad9e36\",\"name\":\"Dr. Aybars Oru\u00e7\",\"image\":{\"@type\":\"ImageObject\",\"inLanguage\":\"tr\",\"@id\":\"https:\\\/\\\/e-marineeducation.com\\\/tr\\\/wp-content\\\/uploads\\\/avatars\\\/1\\\/1713307065-bpfull.jpg\",\"url\":\"https:\\\/\\\/e-marineeducation.com\\\/tr\\\/wp-content\\\/uploads\\\/avatars\\\/1\\\/1713307065-bpfull.jpg\",\"contentUrl\":\"https:\\\/\\\/e-marineeducation.com\\\/tr\\\/wp-content\\\/uploads\\\/avatars\\\/1\\\/1713307065-bpfull.jpg\",\"caption\":\"Dr. Aybars Oru\u00e7\"},\"description\":\"Dr. Aybars Oruc, e-MarineEducation.com'un kurucusudur. \u015eu anda Tallinn Teknoloji \u00dcniversitesi'ndeki Denizcilik Siber G\u00fcvenlik Merkezi'nde doktor ara\u015ft\u0131rmac\u0131 olarak \u00e7al\u0131\u015fmaktad\u0131r. Doktora (PhD) derecesini Norve\u00e7 Bilim ve Teknoloji \u00dcniversitesi'nden (NTNU) alm\u0131\u015ft\u0131r. \u00c7e\u015fitli tip ve tonajlardaki gemielrde \u00e7al\u0131\u015ft\u0131ktan sonra karaya ge\u00e7mi\u015f ve enspekt\u00f6r olarak \u00e7al\u0131\u015fm\u0131\u015ft\u0131r. Teknik ve operasyonel y\u00f6nlerin yan\u0131 s\u0131ra insan fakt\u00f6rlerini de i\u00e7eren geni\u015f bir yelpazede denizcilik siber g\u00fcvenli\u011fi \u00fczerine bilimsel ara\u015ft\u0131rmalar yapmaktad\u0131r. Uluslararas\u0131 Denizcilik \u00d6rg\u00fct\u00fc (IMO) taraf\u0131ndan bir ay s\u00fcreyle ara\u015ft\u0131rmalar\u0131n\u0131 y\u00fcr\u00fctmek \u00fczere kabul edilmi\u015ftir. Dr. Aybars Oruc, \u00f6zel ve askeri kurumlar dahil olmak \u00fczere klas kurulu\u015flar\u0131na, sigorta \u015firketlerine, Ar-Ge firmalar\u0131na, sahil g\u00fcvenlik ve donanma kuvvetlerine denizcilik siber g\u00fcvenli\u011fi konusunda bir\u00e7ok seminer vermi\u015ftir. 2022 y\u0131l\u0131nda NATO\u2019nun siber g\u00fcvenlik konferans\u0131 (CyCon) kapsam\u0131nda Davetli Konu\u015fmac\u0131 olarak yer alm\u0131\u015f ve \u00e7al\u0131\u015fmalar\u0131n\u0131 geni\u015f bir kitleyle payla\u015fm\u0131\u015ft\u0131r.\",\"sameAs\":[\"https:\\\/\\\/e-marineeducation.com\\\/tr\\\/profil-aybars-oruc\\\/\",\"https:\\\/\\\/www.facebook.com\\\/oruc.aybars\",\"https:\\\/\\\/www.instagram.com\\\/orucaybars\\\/\",\"https:\\\/\\\/www.linkedin.com\\\/in\\\/aybarsoruc\",\"https:\\\/\\\/x.com\\\/aybarsoruc\"],\"url\":\"https:\\\/\\\/e-marineeducation.com\\\/tr\\\/author\\\/denizci88\\\/\"}]}<\/script>\n<!-- \/ Yoast SEO plugin. -->","yoast_head_json":{"title":"Denizcilik E\u011fitiminde Deniz K\u00f6kenli Akademisyenlerin Analizi - e-MarineEducation.com","description":"Do\u00e7. Dr. Sel\u00e7uk Nas ve Ar\u015f. G\u00f6revlisi Burcu \u00c7elik'in T\u00fcrkiye'deki denizci k\u00f6kenli akademisyenleri inceledi\u011fi yaz\u0131d\u0131r.","robots":{"index":"index","follow":"follow","max-snippet":"max-snippet:-1","max-image-preview":"max-image-preview:large","max-video-preview":"max-video-preview:-1"},"canonical":"https:\/\/e-marineeducation.com\/tr\/denizcilik-egitiminde-deniz-kokenli-akademisyenlerin-analizi\/","og_locale":"tr_TR","og_type":"article","og_title":"Denizcilik E\u011fitiminde Deniz K\u00f6kenli Akademisyenlerin Analizi - e-MarineEducation.com","og_description":"Do\u00e7. Dr. Sel\u00e7uk Nas ve Ar\u015f. G\u00f6revlisi Burcu \u00c7elik'in T\u00fcrkiye'deki denizci k\u00f6kenli akademisyenleri inceledi\u011fi yaz\u0131d\u0131r.","og_url":"https:\/\/e-marineeducation.com\/tr\/denizcilik-egitiminde-deniz-kokenli-akademisyenlerin-analizi\/","og_site_name":"e-MarineEducation.com","article_author":"https:\/\/www.facebook.com\/oruc.aybars","article_published_time":"2012-09-16T15:27:13+00:00","og_image":[{"width":74,"height":74,"url":"https:\/\/e-marineeducation.com\/tr\/wp-content\/uploads\/Denizcilik-E\u011fitimi-Simge.png","type":"image\/png"}],"author":"Dr. Aybars Oru\u00e7","twitter_card":"summary_large_image","twitter_creator":"@aybarsoruc","twitter_misc":{"Yazan:":"Dr. Aybars Oru\u00e7","Tahmini okuma s\u00fcresi":"1 dakika"},"schema":{"@context":"https:\/\/schema.org","@graph":[{"@type":"Article","@id":"https:\/\/e-marineeducation.com\/tr\/denizcilik-egitiminde-deniz-kokenli-akademisyenlerin-analizi\/#article","isPartOf":{"@id":"https:\/\/e-marineeducation.com\/tr\/denizcilik-egitiminde-deniz-kokenli-akademisyenlerin-analizi\/"},"author":{"name":"Dr. Aybars Oru\u00e7","@id":"https:\/\/e-marineeducation.com\/tr\/#\/schema\/person\/f7f32de91b2efb12f23950a06aad9e36"},"headline":"Denizcilik E\u011fitiminde Deniz K\u00f6kenli Akademisyenlerin Analizi","datePublished":"2012-09-16T15:27:13+00:00","mainEntityOfPage":{"@id":"https:\/\/e-marineeducation.com\/tr\/denizcilik-egitiminde-deniz-kokenli-akademisyenlerin-analizi\/"},"wordCount":165,"commentCount":0,"image":{"@id":"https:\/\/e-marineeducation.com\/tr\/denizcilik-egitiminde-deniz-kokenli-akademisyenlerin-analizi\/#primaryimage"},"thumbnailUrl":"https:\/\/e-marineeducation.com\/tr\/wp-content\/uploads\/Denizcilik-E\u011fitimi-Simge.png","keywords":["burcu \u00e7elik","\u00d6zel Yaz\u0131lar","sel\u00e7uk nas"],"articleSection":["\u00d6zel Yaz\u0131lar"],"inLanguage":"tr","potentialAction":[{"@type":"CommentAction","name":"Comment","target":["https:\/\/e-marineeducation.com\/tr\/denizcilik-egitiminde-deniz-kokenli-akademisyenlerin-analizi\/#respond"]}]},{"@type":"WebPage","@id":"https:\/\/e-marineeducation.com\/tr\/denizcilik-egitiminde-deniz-kokenli-akademisyenlerin-analizi\/","url":"https:\/\/e-marineeducation.com\/tr\/denizcilik-egitiminde-deniz-kokenli-akademisyenlerin-analizi\/","name":"Denizcilik E\u011fitiminde Deniz K\u00f6kenli Akademisyenlerin Analizi - e-MarineEducation.com","isPartOf":{"@id":"https:\/\/e-marineeducation.com\/tr\/#website"},"primaryImageOfPage":{"@id":"https:\/\/e-marineeducation.com\/tr\/denizcilik-egitiminde-deniz-kokenli-akademisyenlerin-analizi\/#primaryimage"},"image":{"@id":"https:\/\/e-marineeducation.com\/tr\/denizcilik-egitiminde-deniz-kokenli-akademisyenlerin-analizi\/#primaryimage"},"thumbnailUrl":"https:\/\/e-marineeducation.com\/tr\/wp-content\/uploads\/Denizcilik-E\u011fitimi-Simge.png","datePublished":"2012-09-16T15:27:13+00:00","author":{"@id":"https:\/\/e-marineeducation.com\/tr\/#\/schema\/person\/f7f32de91b2efb12f23950a06aad9e36"},"description":"Do\u00e7. Dr. Sel\u00e7uk Nas ve Ar\u015f. G\u00f6revlisi Burcu \u00c7elik'in T\u00fcrkiye'deki denizci k\u00f6kenli akademisyenleri inceledi\u011fi yaz\u0131d\u0131r.","breadcrumb":{"@id":"https:\/\/e-marineeducation.com\/tr\/denizcilik-egitiminde-deniz-kokenli-akademisyenlerin-analizi\/#breadcrumb"},"inLanguage":"tr","potentialAction":[{"@type":"ReadAction","target":["https:\/\/e-marineeducation.com\/tr\/denizcilik-egitiminde-deniz-kokenli-akademisyenlerin-analizi\/"]}]},{"@type":"ImageObject","inLanguage":"tr","@id":"https:\/\/e-marineeducation.com\/tr\/denizcilik-egitiminde-deniz-kokenli-akademisyenlerin-analizi\/#primaryimage","url":"https:\/\/e-marineeducation.com\/tr\/wp-content\/uploads\/Denizcilik-E\u011fitimi-Simge.png","contentUrl":"https:\/\/e-marineeducation.com\/tr\/wp-content\/uploads\/Denizcilik-E\u011fitimi-Simge.png","width":"74","height":"74"},{"@type":"BreadcrumbList","@id":"https:\/\/e-marineeducation.com\/tr\/denizcilik-egitiminde-deniz-kokenli-akademisyenlerin-analizi\/#breadcrumb","itemListElement":[{"@type":"ListItem","position":1,"name":"Ana sayfa","item":"https:\/\/e-marineeducation.com\/tr\/"},{"@type":"ListItem","position":2,"name":"Denizcilik E\u011fitiminde Deniz K\u00f6kenli Akademisyenlerin Analizi"}]},{"@type":"WebSite","@id":"https:\/\/e-marineeducation.com\/tr\/#website","url":"https:\/\/e-marineeducation.com\/tr\/","name":"e-MarineEducation.com","description":"Denizcilik E\u011fitimine Yeni Bir Bak\u0131\u015f A\u00e7\u0131s\u0131","potentialAction":[{"@type":"SearchAction","target":{"@type":"EntryPoint","urlTemplate":"https:\/\/e-marineeducation.com\/tr\/?s={search_term_string}"},"query-input":{"@type":"PropertyValueSpecification","valueRequired":true,"valueName":"search_term_string"}}],"inLanguage":"tr"},{"@type":"Person","@id":"https:\/\/e-marineeducation.com\/tr\/#\/schema\/person\/f7f32de91b2efb12f23950a06aad9e36","name":"Dr. Aybars Oru\u00e7","image":{"@type":"ImageObject","inLanguage":"tr","@id":"https:\/\/e-marineeducation.com\/tr\/wp-content\/uploads\/avatars\/1\/1713307065-bpfull.jpg","url":"https:\/\/e-marineeducation.com\/tr\/wp-content\/uploads\/avatars\/1\/1713307065-bpfull.jpg","contentUrl":"https:\/\/e-marineeducation.com\/tr\/wp-content\/uploads\/avatars\/1\/1713307065-bpfull.jpg","caption":"Dr. Aybars Oru\u00e7"},"description":"Dr. Aybars Oruc, e-MarineEducation.com'un kurucusudur. \u015eu anda Tallinn Teknoloji \u00dcniversitesi'ndeki Denizcilik Siber G\u00fcvenlik Merkezi'nde doktor ara\u015ft\u0131rmac\u0131 olarak \u00e7al\u0131\u015fmaktad\u0131r. Doktora (PhD) derecesini Norve\u00e7 Bilim ve Teknoloji \u00dcniversitesi'nden (NTNU) alm\u0131\u015ft\u0131r. \u00c7e\u015fitli tip ve tonajlardaki gemielrde \u00e7al\u0131\u015ft\u0131ktan sonra karaya ge\u00e7mi\u015f ve enspekt\u00f6r olarak \u00e7al\u0131\u015fm\u0131\u015ft\u0131r. Teknik ve operasyonel y\u00f6nlerin yan\u0131 s\u0131ra insan fakt\u00f6rlerini de i\u00e7eren geni\u015f bir yelpazede denizcilik siber g\u00fcvenli\u011fi \u00fczerine bilimsel ara\u015ft\u0131rmalar yapmaktad\u0131r. Uluslararas\u0131 Denizcilik \u00d6rg\u00fct\u00fc (IMO) taraf\u0131ndan bir ay s\u00fcreyle ara\u015ft\u0131rmalar\u0131n\u0131 y\u00fcr\u00fctmek \u00fczere kabul edilmi\u015ftir. Dr. Aybars Oruc, \u00f6zel ve askeri kurumlar dahil olmak \u00fczere klas kurulu\u015flar\u0131na, sigorta \u015firketlerine, Ar-Ge firmalar\u0131na, sahil g\u00fcvenlik ve donanma kuvvetlerine denizcilik siber g\u00fcvenli\u011fi konusunda bir\u00e7ok seminer vermi\u015ftir. 2022 y\u0131l\u0131nda NATO\u2019nun siber g\u00fcvenlik konferans\u0131 (CyCon) kapsam\u0131nda Davetli Konu\u015fmac\u0131 olarak yer alm\u0131\u015f ve \u00e7al\u0131\u015fmalar\u0131n\u0131 geni\u015f bir kitleyle payla\u015fm\u0131\u015ft\u0131r.","sameAs":["https:\/\/e-marineeducation.com\/tr\/profil-aybars-oruc\/","https:\/\/www.facebook.com\/oruc.aybars","https:\/\/www.instagram.com\/orucaybars\/","https:\/\/www.linkedin.com\/in\/aybarsoruc","https:\/\/x.com\/aybarsoruc"],"url":"https:\/\/e-marineeducation.com\/tr\/author\/denizci88\/"}]}},"_links":{"self":[{"href":"https:\/\/e-marineeducation.com\/tr\/wp-json\/wp\/v2\/posts\/7174","targetHints":{"allow":["GET"]}}],"collection":[{"href":"https:\/\/e-marineeducation.com\/tr\/wp-json\/wp\/v2\/posts"}],"about":[{"href":"https:\/\/e-marineeducation.com\/tr\/wp-json\/wp\/v2\/types\/post"}],"author":[{"embeddable":true,"href":"https:\/\/e-marineeducation.com\/tr\/wp-json\/wp\/v2\/users\/1"}],"replies":[{"embeddable":true,"href":"https:\/\/e-marineeducation.com\/tr\/wp-json\/wp\/v2\/comments?post=7174"}],"version-history":[{"count":0,"href":"https:\/\/e-marineeducation.com\/tr\/wp-json\/wp\/v2\/posts\/7174\/revisions"}],"wp:featuredmedia":[{"embeddable":true,"href":"https:\/\/e-marineeducation.com\/tr\/wp-json\/wp\/v2\/media\/6859"}],"wp:attachment":[{"href":"https:\/\/e-marineeducation.com\/tr\/wp-json\/wp\/v2\/media?parent=7174"}],"wp:term":[{"taxonomy":"category","embeddable":true,"href":"https:\/\/e-marineeducation.com\/tr\/wp-json\/wp\/v2\/categories?post=7174"},{"taxonomy":"post_tag","embeddable":true,"href":"https:\/\/e-marineeducation.com\/tr\/wp-json\/wp\/v2\/tags?post=7174"}],"curies":[{"name":"wp","href":"https:\/\/api.w.org\/{rel}","templated":true}]}}