

{"id":7107,"date":"2012-09-13T19:52:04","date_gmt":"2012-09-13T17:52:04","guid":{"rendered":"https:\/\/e-marineeducation.com\/tr\/?p=7107"},"modified":"2022-09-16T10:22:42","modified_gmt":"2022-09-16T07:22:42","slug":"roportaj-arkas-deniz-ticaret-filosu-insan-kaynaklari-muduru-alaattin-kurt","status":"publish","type":"post","link":"https:\/\/e-marineeducation.com\/tr\/roportaj-arkas-deniz-ticaret-filosu-insan-kaynaklari-muduru-alaattin-kurt\/","title":{"rendered":"R\u00f6portaj: Arkas Deniz Ticaret Filosu \u0130nsan Kaynaklar\u0131 M\u00fcd\u00fcr\u00fc Sn. Alaattin Kurt"},"content":{"rendered":"<p style=\"text-align: justify;\"><img loading=\"lazy\" decoding=\"async\" class=\"alignleft size-full wp-image-7108\" title=\"Arkas Logo\" src=\"https:\/\/e-marineeducation.com\/tr\/wp-content\/uploads\/Arkas-Logo.png\" alt=\"\" width=\"127\" height=\"92\" \/>D\u00fcnyan\u0131n \u00f6nde gelen marka de\u011ferlendirme kurulu\u015flar\u0131ndan <em><span style=\"color: #3366cc;\">Brand Finance<\/span><\/em>\u2019\u0131n \u201cT\u00fcrkiye\u2019nin en de\u011ferli markalar\u0131\u201d listesinde bulunan ve <span style=\"color: #3366cc;\"><em>A<\/em><\/span>\u00a0notuyla nitelendirdi\u011fi Arkas Holding b\u00fcnyesindeki Arkas Denizcilik ve Nakliyat \u015firketine ge\u00e7ti\u011fimiz g\u00fcnlerde bir ziyaret ger\u00e7ekle\u015ftirdim. Yakla\u015f\u0131k olarak \u00fc\u00e7 (3) saat kalaca\u011f\u0131m\u0131 \u00f6ng\u00f6rd\u00fc\u011f\u00fcm Arkas Denizcilik\u2019te tam alt\u0131 (6) saat ge\u00e7irdim. A\u00e7\u0131k\u00e7as\u0131 bu s\u00fcrenin de \u015firketi tan\u0131mak i\u00e7in yeterli olaca\u011f\u0131na inanm\u0131yorum. Belki r\u00f6portaj yapmam da yanl\u0131\u015ft\u0131; Arkas\u2019\u0131 tan\u0131tmak i\u00e7in bir belgesel \u00e7ekmeliydik.<\/p>\n<p style=\"text-align: justify;\">\u015eirkete giderken baz\u0131 \u00f6nyarg\u0131lar\u0131m vard\u0131. Kar\u015f\u0131mda as\u0131k suratl\u0131, ters miza\u00e7l\u0131 y\u00f6neticiler bulmay\u0131 bekliyordum ama yan\u0131ld\u0131m. Tan\u0131\u015ft\u0131\u011f\u0131m herkes b\u00fcy\u00fck bir nezaket g\u00f6stererek benimle ilgilendi. Kap\u0131da kar\u015f\u0131lad\u0131lar, kap\u0131ya kadar ge\u00e7irdiler.<\/p>\n<p style=\"text-align: justify;\">\u00d6zellikle kendilerini \u00e7ok yordu\u011fuma inand\u0131\u011f\u0131m Sn. <em><span style=\"color: #3366cc;\">Alaattin Kurt<\/span><\/em>, Sn. <em><span style=\"color: #3366cc;\">Recai Bayramo\u011flu<\/span><\/em>, Sn. <em><span style=\"color: #3366cc;\">Ferit G\u00f6kdeniz<\/span><\/em> ve Sn. <em><span style=\"color: #3366cc;\">Handenaz Tun\u00e7<\/span><\/em>\u2019a de\u011ferli vakitlerini ay\u0131rd\u0131klar\u0131 ve g\u00f6sterdikleri nezaketten \u00f6t\u00fcr\u00fc te\u015fekk\u00fcr ederim.<\/p>\n<p style=\"text-align: justify;\">Son bir not; Arkas Holding b\u00fcnyesinde bulunan 55 \u015firketten biri de <em><span style=\"color: #3366cc;\">LA \u015earaplar\u0131<\/span><\/em> ve \u00fcrettiklerinden <em><span style=\"color: #3366cc;\">Smyrna Merlot<\/span><\/em> \u015farab\u0131n\u0131n i\u00e7imi ger\u00e7ekten g\u00fczel; denemenizi \u00f6neririm.<\/p>\n<p style=\"text-align: right;\"><strong>Aybars Oru\u00e7<\/strong><\/p>\n<p style=\"text-align: justify;\"><strong>Sn. Alaattin Kurt, sizi k\u0131saca tan\u0131yabilir miyiz?<\/strong><\/p>\n<p style=\"text-align: justify;\">Ben 1978 senesinde \u015fu anki ad\u0131 ile Barbaros Hayrettin Pa\u015fa Denizcilik Anadolu Meslek Lisesi\u2019nden,\u00a0 1983 y\u0131l\u0131nda ise \u015fu anki ad\u0131 ile \u0130T\u00dc Denizcilik Fak\u00fcltesi\u2019nden mezun oldum. Mezuniyetim sonras\u0131nda T\u00fcrk ve yabanc\u0131 armat\u00f6r firmalar\u0131n \u00e7e\u015fitli gemilerinde 15 y\u0131l kadar g\u00fcverte zabiti ve kaptan olarak g\u00f6rev yapt\u0131m. 1999 y\u0131l\u0131nda Arkas Deniz Ticaret Filosu gemilerinde Kaptan olarak \u00e7al\u0131\u015fmaya ba\u015flad\u0131m. 2004 senesinden beri de Arkas Deniz Ticaret Filosu <em><span style=\"color: #3366cc;\">\u0130nsan Kaynaklar\u0131 M\u00fcd\u00fcr\u00fc<\/span><\/em> olarak g\u00f6rev yap\u0131yorum. Denizcilik Federasyonu Y\u00f6netim Kurulu \u00fcyesiyim.<\/p>\n<figure id=\"attachment_7117\" aria-describedby=\"caption-attachment-7117\" style=\"width: 595px\" class=\"wp-caption aligncenter\"><img loading=\"lazy\" decoding=\"async\" class=\"size-full wp-image-7117 \" title=\"Alaattin Kurt\" src=\"https:\/\/e-marineeducation.com\/tr\/wp-content\/uploads\/Alaattin-Kurt.jpg\" alt=\"\" width=\"595\" height=\"447\" \/><figcaption id=\"caption-attachment-7117\" class=\"wp-caption-text\">Sn. Alaattin Kurt<\/figcaption><\/figure>\n<p style=\"text-align: justify;\"><strong>Arkas Holding hakk\u0131nda bilgi verebilir misiniz?<\/strong><\/p>\n<p style=\"text-align: justify;\">Arkas, 55 \u015firketi ve 6.300 \u00e7al\u0131\u015fan\u0131 ile gerek yurt i\u00e7inde gerekse Akdeniz ve Karadeniz \u00fclkelerinde ger\u00e7ekle\u015ftirdi\u011fi yat\u0131r\u0131mlar nedeniyle b\u00fcy\u00fcyen bir i\u015f hacmine sahip uluslararas\u0131 bir holding. Y\u00fczy\u0131ldan fazla s\u00fcredir ticari faaliyetlerini s\u00fcrd\u00fcren Arkas, bug\u00fcn deniz, kara, demir ve havayolu ta\u015f\u0131mac\u0131l\u0131\u011f\u0131n\u0131 kombine ederek sundu\u011fu lojistik hizmetlerinden, acentecilik, armat\u00f6rl\u00fck ve liman i\u015fletmecili\u011finden turizme, sigortadan otomotive kadar bir\u00e7ok sekt\u00f6rde hizmet veriyor.<\/p>\n<p style=\"text-align: justify;\"><strong>Arkas Deniz Ticaret Filosu\u2019nda bulunan gemiler hakk\u0131nda bilgi alabilir miyim?<\/strong><\/p>\n<p style=\"text-align: justify;\">T\u00fcm gemilerimiz T\u00fcrk bayrakl\u0131. 26 konteyner gemimiz ve 5 adet yak\u0131t ikmal tankerimiz var. B\u00f6ylelikle <em><span style=\"color: #3366cc;\">toplam 31 adet<\/span><\/em> gemiye sahip bir filoyuz.<\/p>\n<p style=\"text-align: justify;\"><strong>Link:\u00a0<\/strong><span style=\"color: #3366cc;\"><a href=\"https:\/\/e-marineeducation.com\/tr?wp_ct=198\" target=\"_blank\" rel=\"noopener\"><span style=\"color: #3366cc;\">http:\/\/www.arkas.com.tr\/armatorluk\/gemiler.html<\/span><\/a><\/span><\/p>\n<p style=\"text-align: justify;\"><strong>Gemilerinizin sefer b\u00f6lgeleri hakk\u0131nda bilgi verebilir misiniz?<\/strong><\/p>\n<p style=\"text-align: justify;\">Arkas\u2019\u0131n armat\u00f6rl\u00fck \u015firketi <em><span style=\"color: #3366cc;\">Arkas Line<\/span><\/em>, liner ta\u015f\u0131mac\u0131l\u0131k yap\u0131yor.\u00a0 Hatlar piyasalar\u0131n durumuna g\u00f6re dinamik olarak takip ediliyor. Ayr\u0131ca baz\u0131 gemilerimiz belirli s\u00fcrelerle kiraya verilebiliyor. Bug\u00fcn i\u00e7in sefer b\u00f6lgelerimizi kabaca ifade etmek gerekirse, a\u011f\u0131rl\u0131kl\u0131 olarak Akdeniz olmak \u00fczere Durban\u2019a kadar G\u00fcney Afrika ve Uzakdo\u011fu diyebiliriz.<\/p>\n<p style=\"text-align: justify;\"><strong>Gemilerinizde g\u00f6rev yapan personelin kontrat s\u00fcresi hakk\u0131nda bilgi verebilir misiniz?<\/strong><\/p>\n<p style=\"text-align: justify;\">Bizde gemi \u00e7al\u0131\u015fanlar\u0131 \u00fc\u00e7 kategoride toplan\u0131yor; kaptan, ba\u015fm\u00fchendis, birinci zabit ve ikinci m\u00fchendisten olu\u015fan <em><span style=\"color: #3366cc;\">senior zabitler<\/span><\/em>; g\u00fcverte, makine ve elektrik zabitlerinden olu\u015fan<span style=\"color: #3366cc;\"><em> junior zabitler<\/em><\/span> ve <em><span style=\"color: #3366cc;\">mavi yaka<\/span> <\/em>olarak isimlendirdi\u011fimiz di\u011fer \u00e7al\u0131\u015fma arkada\u015flar\u0131m\u0131z var. Arkada\u015flar\u0131m\u0131z\u0131n kontrat s\u00fcreleri bulunduklar\u0131 gruba g\u00f6re de\u011fi\u015fiklik g\u00f6steriyor. S\u00f6zle\u015fmeler, senior zabit grubunda bulunan ki\u015filer i\u00e7in \u00fc\u00e7 ay \u00e7al\u0131\u015fma, bir ay izin; junior zabitler i\u00e7in d\u00f6rt ay \u00e7al\u0131\u015fma, bir ay izin; mavi yaka grubunda bulunan ki\u015filer i\u00e7in ise alt\u0131 ay \u00e7al\u0131\u015fma, bir ay izin \u015feklindedir.<\/p>\n<p style=\"text-align: justify;\">E\u011fer ki\u015fi izin s\u00fcresi bitti\u011finde \u00e7e\u015fitli sebeplerle kendisini haz\u0131r hissetmiyorsa kesinlikle gemiye \u00e7\u0131kmas\u0131 i\u00e7in zorlam\u0131yoruz. \u00c7\u00fcnk\u00fc zorlama ile gemiye kat\u0131lan ki\u015finin gemide verimli olaca\u011f\u0131na inanm\u0131yoruz. Hastal\u0131k ya da \u00e7ok \u00f6zel durumlarda ani gemi kat\u0131l\u0131\u015flar\u0131 olsa da bunu seferlik yap\u0131yoruz. Gemi say\u0131s\u0131n\u0131n fazla olmas\u0131, personel say\u0131s\u0131n\u0131n fazla olmas\u0131na neden oluyor. Personelimiz gemilerde \u00e7al\u0131\u015f\u0131rken zaman zaman beklenmedik sorunlarla kar\u015f\u0131la\u015fabiliyor. \u00c7ok \u00f6zel durumlarda ayr\u0131lmalar ya\u015fanabiliyor ve biz bunlar\u0131 do\u011fal kar\u015f\u0131l\u0131yoruz. Tam gemiye kat\u0131lacakken son anda ailesinde veya yak\u0131n \u00e7evresinde bir problem ya\u015fanabiliyor. \u015eu an otuzu a\u015fk\u0131n gemimiz var ve bu sebeple \u00e7al\u0131\u015fanlar\u0131m\u0131za bu esnekli\u011fi g\u00f6sterebiliyoruz. Ki\u015finin haz\u0131r, motivasyonu y\u00fcksek olarak gemiye kat\u0131lmas\u0131 gemideki s\u00fcrenin verimli ge\u00e7mesi bak\u0131m\u0131ndan olduk\u00e7a \u00f6nemli ve Arkas olarak biz de bunu son derece \u00f6nemsiyoruz.<\/p>\n<p style=\"text-align: justify;\"><strong>Gemilerinizde 3. zabit, 3. m\u00fchendis ve 4. m\u00fchendis bulunduruyor musunuz?<\/strong><\/p>\n<p style=\"text-align: justify;\">Gemilerimizde standart olarak <span style=\"color: #3366cc;\"><em>3. zabit<\/em><\/span> var.\u00a0 \u015eu an be\u015f ya\u015f\u0131n alt\u0131nda olan sadece d\u00f6rt (4) gemimizde <em><span style=\"color: #3366cc;\">3. m\u00fchendis<\/span><\/em> yok, Di\u011fer gemilerimizde 3. m\u00fchendislerimiz g\u00f6revlerini s\u00fcrd\u00fcr\u00fcyorlar. Filo Emniyetli Y\u00f6netim Sistemi uyar\u0131nca, be\u015f (5) ya\u015f\u0131n\u0131 dolduran gemileri 3. m\u00fchendis ile donatmaya ba\u015fl\u0131yoruz. <span style=\"color: #3366cc;\"><em>4. m\u00fchendis<\/em><\/span> ise sadece bir gemimizde, geminin ya\u015f\u0131 sebebi ile bulunuyor. Di\u011fer hi\u00e7bir gemimizde 4. m\u00fchendis bulundurmuyoruz.<\/p>\n<figure id=\"attachment_7119\" aria-describedby=\"caption-attachment-7119\" style=\"width: 262px\" class=\"wp-caption alignright\"><img loading=\"lazy\" decoding=\"async\" class=\"size-full wp-image-7119 \" title=\"Arkas DTF \u0130nsan Kaynaklar\u0131 Y\u00f6neticileri\" src=\"https:\/\/e-marineeducation.com\/tr\/wp-content\/uploads\/Arkas-DTF-\u0130nsan-Kaynaklar\u0131-Y\u00f6neticileri.jpg\" alt=\"\" width=\"262\" height=\"396\" \/><figcaption id=\"caption-attachment-7119\" class=\"wp-caption-text\">Arkas DTF \u0130nsan Kaynaklar\u0131 Y\u00f6neticileri<\/figcaption><\/figure>\n<p style=\"text-align: justify;\">Biz gemilerimizde stajyer \u00e7al\u0131\u015ft\u0131rm\u0131yoruz; stajyer bulunduruyoruz. \u0130ki kavram birbirinden \u00e7ok farkl\u0131 anlamlar i\u00e7eriyor.\u00a0 Stajyerlerin her biri bizim i\u00e7in \u00e7ok de\u011ferli ve onlar\u0131 hi\u00e7bir zaman ucuz i\u015fg\u00fcc\u00fc olarak g\u00f6rm\u00fcyoruz. Bu konuda \u00f6zellikle son 4-5 y\u0131ldan beri denizcilik e\u011fitimi veren okullarla ili\u015fkilerimizi art\u0131rd\u0131k. \u00d6\u011frenciler g\u00fcn\u00fcn her saatinde ofise gelerek ihtiya\u00e7 duyduklar\u0131 \u00e7al\u0131\u015fmalar\u0131 yapabilirler. \u0130stanbul d\u0131\u015f\u0131ndaki okullara da bizzat gitmeye \u00e7al\u0131\u015f\u0131yoruz. \u00d6rne\u011fin ben d\u00f6rt y\u0131ld\u0131r <em><span style=\"color: #3366cc;\">Karadeniz Teknik \u00dcniversitesi<\/span><\/em> S\u00fcrmene Deniz Bilimleri Fak\u00fcltesi son s\u0131n\u0131f \u00f6\u011frencilerine <span style=\"color: #3366cc;\"><em>Personel \u0130daresi<\/em> <\/span>dersi vermeye gidiyorum. \u015eirket olarak bunu g\u00f6n\u00fcll\u00fcl\u00fck esas\u0131 ile yap\u0131yoruz ve \u00f6zellikle \u00f6\u011frenciler a\u00e7\u0131s\u0131ndan \u00e7ok yararl\u0131 oldu\u011funa inan\u0131yoruz.<\/p>\n<p style=\"text-align: justify;\">Gemilerimizde kaptan ve ba\u015fm\u00fchendis birebir olarak her stajyer ile ilgilenir; de\u011ferlendirmeleri yap\u0131l\u0131r. Stajyerlerimize e\u011fitim departman\u0131m\u0131z taraf\u0131ndan haz\u0131rlanan bir staj defteri verilir. Stajyerimizden bu defteri doldurmas\u0131 beklenir. Gemiden ayr\u0131lan stajyerlerimiz ile staj sonras\u0131 ili\u015fkilerimiz devam eder. Bizde staj yapan bir \u00f6\u011frenci, e\u011fer ihtiyac\u0131 varsa bir sonraki staj\u0131nda di\u011fer ba\u015fvurulara g\u00f6re <span style=\"color: #3366cc;\"><em>\u00f6ncelikli<\/em><\/span> olarak de\u011ferlendirilir ve gemiye g\u00f6nderilir.<\/p>\n<p style=\"text-align: justify;\">Stajyerlerimiz geminin \u00e7al\u0131\u015fma durumuna ba\u011fl\u0131 olarak <em><span style=\"color: #3366cc;\">haftada bir (1) g\u00fcn<\/span><\/em> izin yaparlar. B\u00f6ylelikle hem haftan\u0131n yorgunlu\u011funu atmalar\u0131 sa\u011flan\u0131r hem de gerek \u00f6\u011frenim g\u00f6rmekte olduklar\u0131 e\u011fitim kurumuna ait staj defterini gerekse Arkas taraf\u0131ndan kendisine verilen staj defterini doldurmak i\u00e7in zaman bulurlar.<\/p>\n<p style=\"text-align: justify;\">Stajyer kapasitemiz <span style=\"color: #3366cc;\"><em>40 \u2013 50 ki\u015fi<\/em><\/span> aras\u0131nda de\u011fi\u015fiyor. <em><span style=\"color: #3366cc;\">Nijerya<\/span><\/em> u\u011frakl\u0131 gemilerde vize sorunu sebebi ile stajyer bulunduram\u0131yoruz. Vize sorunu sadece stajyerlerimize \u00f6zg\u00fc bir problem. \u00c7\u00fcnk\u00fc Nijerya h\u00fck\u00fcmeti stajyerleri gemi \u00e7al\u0131\u015fan\u0131 olarak kabul etmiyor. Bu sorunu \u00e7\u00f6zmek i\u00e7in de \u00e7e\u015fitli gayretler g\u00f6sterdik. Konsoloslu\u011fa yazd\u0131k, acente ile temas ettik, yerel otoritelerle g\u00f6r\u00fc\u015ft\u00fck ama maalesef sorunu a\u015famad\u0131k. \u015eu s\u0131ralar itibari ile Nijerya u\u011frakl\u0131 d\u00f6rt (4) gemimiz var. Bu gemilerimizde stajyer bulunduram\u0131yoruz. Gemilerimizde genellikle bir (1) g\u00fcverte, bir (1) makine; yaz sezonlar\u0131nda ise iki (2) g\u00fcverte, bir (1) makine stajyeri bulunduruyoruz ve \u015firketimizin <span style=\"color: #3366cc;\"><em>Stajyer Politikas\u0131<\/em><\/span>&#8216;na uygun olarak hareket ediyoruz.<\/p>\n<p style=\"text-align: justify;\"><strong>Bahsetmi\u015f oldu\u011funuz stajyer politikas\u0131 hakk\u0131nda bilgi verebilir misiniz?<\/strong><\/p>\n<p style=\"text-align: justify;\">Stajyer politikam\u0131z ilk gemimizi i\u015fletmeye ald\u0131\u011f\u0131m\u0131z <span style=\"color: #3366cc;\"><em>1996<\/em><\/span> senesinden beri bulunmakta ve itina ile uygulanmaktad\u0131r. Stajyer politikam\u0131z sayesinde; ilk stajyerimizden itibaren 16 y\u0131ldan beri gemilerimizde staj yapan t\u00fcm stajyerlerin bug\u00fcn ne yapt\u0131klar\u0131n\u0131, nerelerde \u00e7al\u0131\u015ft\u0131klar\u0131n\u0131 takip edebiliyoruz. Bu bilgileri tek tek her y\u0131l\u0131n sonunda g\u00fcncelliyoruz.\u00a0 \u00d6rne\u011fin 1996 y\u0131l\u0131nda bizde staj yapan tek g\u00fcverte stajyerimizin \u015fu an T\u00fcrkiye\u2019de bulunan bir denizcilik firmas\u0131nda Genel M\u00fcd\u00fcr olarak g\u00f6rev yapt\u0131\u011f\u0131n\u0131 g\u00f6rebiliyoruz. Ayn\u0131 \u015fekilde staj\u0131ndan beri gemilerimizde ve Holding b\u00fcnyesinde karada g\u00f6rev yapan bir\u00e7ok arkada\u015f\u0131m\u0131z var.<\/p>\n<p style=\"text-align: justify;\">Her y\u0131l staj yapan \u00f6\u011frencilerin bilgileri,\u00a0 gemi taraf\u0131ndan yap\u0131lan de\u011ferlendirmeleri ve stajyerlerin ki\u015fisel de\u011ferlendirmelerini ayr\u0131 ayr\u0131 analiz ediyoruz. Staj politikam\u0131z\u0131 inceledi\u011fimizde 31 Aral\u0131k 2011 tarihine kadar gemilerimizde <em><span style=\"color: #3366cc;\">1170 stajyer<\/span><\/em> bulundurdu\u011fumuzu kolayl\u0131kla ve k\u0131sa s\u00fcrede g\u00f6rebiliyoruz. Staj yapan bu arkada\u015flar\u0131m\u0131z\u0131n ise ilerleyen y\u0131llarda ka\u00e7 tanesinin firma gemilerimizde, hangi yeterliliklerle g\u00f6rev yapt\u0131\u011f\u0131n\u0131; yani \u015firket b\u00fcnyesinde kalma oran\u0131n\u0131 tespit edebiliyoruz. \u00d6rne\u011fin, makine zabitlerimizin <em><span style=\"color: #3366cc;\">%98<\/span><\/em>\u2019i bizde staj yapm\u0131\u015f ki\u015filerden olu\u015fuyor.<\/p>\n<p style=\"text-align: justify;\">Stajyer gemiden d\u00f6nd\u00fc\u011f\u00fcnde kendisini, \u015firket staj defteri ve gemi taraf\u0131ndan yap\u0131lan de\u011ferlendirmenin yan\u0131 s\u0131ra ofiste uygulad\u0131\u011f\u0131m\u0131z ve \u015firkete olan ilgisini \u00f6l\u00e7t\u00fc\u011f\u00fcm\u00fcz bir test ile de\u011ferlendiriyoruz. Buna g\u00f6re ba\u015far\u0131l\u0131 veya ba\u015far\u0131s\u0131z olarak bir sonuca var\u0131p ba\u015far\u0131l\u0131 olan arkada\u015flar\u0131m\u0131z\u0131 \u015firket b\u00fcnyesindeki gemilerde g\u00f6revlendirmeyi arzuluyoruz. \u00c7\u00fcnk\u00fc biz Arkas\u2019ta \u00e7al\u0131\u015fmay\u0131 bir kariyer b\u00fct\u00fcnl\u00fc\u011f\u00fc olarak g\u00f6r\u00fcyoruz ve basamaklardan birisi de staj s\u00fcreci. Biz isteriz ki staj\u0131n\u0131 takiben ki\u015fi bizde zabitli\u011fini yaps\u0131n, bizde kaptanl\u0131\u011f\u0131n\u0131 \/ ba\u015fm\u00fchendisli\u011fini s\u00fcrd\u00fcrs\u00fcn. Sonra da arzu ederse birlikte ofiste \u00e7al\u0131\u015fmaya devam edelim.<\/p>\n<p style=\"text-align: justify;\">Ayr\u0131ca sadece stajyeri de\u011ferlendirmiyoruz. Stajyerimizden de bizi de\u011ferlendirmesini bekliyoruz. Ayr\u0131l\u0131\u015f sonras\u0131 \u015firketimizi ziyaret eden stajyerimize bir <span style=\"color: #3366cc;\"><em>anket formu<\/em><\/span> verilir. B\u00f6ylelikle g\u00f6rm\u00fc\u015f oldu\u011fu aksakl\u0131klar\u0131, tavsiyelerini bize iletebilir. Biz de buna g\u00f6re ilgili birimlerle g\u00f6r\u00fc\u015f\u00fcp eksik ya da zay\u0131f yanlar\u0131m\u0131z\u0131 nas\u0131l geli\u015ftirece\u011fimiz konusunda \u00e7al\u0131\u015fmalar yapar\u0131z. \u00d6rne\u011fin stajyerlerin<span style=\"color: #3366cc;\"><em> cep har\u00e7l\u0131\u011f\u0131<\/em> <\/span>ile ilgili bir \u00e7al\u0131\u015fma yapt\u0131k. 2009\u2019da bu konu hakk\u0131nda 5 tane olumsuz geri bildirim alm\u0131\u015f\u0131z. 2010\u2019da bu say\u0131 10\u2019a y\u00fckselmi\u015f. Stajyer har\u00e7l\u0131klar\u0131 konusunda bir d\u00fczenlemeye gitmemiz sonucunda 2011 senesinde bu konu hakk\u0131nda s\u0131f\u0131r (0) memnuniyetsizlik alm\u0131\u015f\u0131z. Yani sorunu \u00e7\u00f6zm\u00fc\u015f\u00fcz.<\/p>\n<p style=\"text-align: justify;\"><strong>Vardiya zabiti yeterlili\u011fine sahip olan ki\u015fileri gemilerinizde istihdam ediyor musunuz?<\/strong><\/p>\n<p style=\"text-align: justify;\">\u015eu an bizim filomuzda <span style=\"color: #3366cc;\"><em>3000GRT<\/em><\/span> alt\u0131nda gemi yok. Dolay\u0131s\u0131 ile vardiya zabiti yeterlili\u011fine sahip bir ki\u015fiyi teoride ancak III. zabit olarak gemilerimizde \u00e7al\u0131\u015ft\u0131rabiliriz. Maalesef pratikte bunu uygulamakta zorlan\u0131yoruz. \u00c7\u00fcnk\u00fc baz\u0131 limanlarda otoritelerin yaratt\u0131\u011f\u0131 sorunlarla kar\u015f\u0131la\u015ft\u0131k. Gerek\u00e7elerini de <span style=\"color: #3366cc;\"><em>B\u00fct\u00fcn e\u011fitimlerini 3.000 GRT\u2019ye kadar olan gemilerde \u00e7al\u0131\u015fmak \u00fczere alan bir zabit, 3.000 GRT\u2018den b\u00fcy\u00fck bir gemide g\u00f6rev yapmak i\u00e7in yeterli de\u011fildir<\/em><\/span>\u00a0ifadesi ile bize a\u00e7\u0131klad\u0131lar. Biz \u015firket olarak benzer sorunlar\u0131 tekrar ya\u015famamak i\u00e7in, imk\u00e2n\u0131m\u0131z da varken 3. zabit olarak g\u00f6rev yapacak ki\u015filerde de uzakyol vardiya zabiti yeterlili\u011fini bir \u00f6n \u015fart olarak sunuyoruz.<\/p>\n<p style=\"text-align: justify;\"><strong>Gemilerinizdeki sosyal olanaklardan bahseder misiniz?<\/strong><\/p>\n<p style=\"text-align: justify;\">\u00d6ncelikle gemilerimizin tamam\u0131n\u0131n T\u00fcrk bayrakl\u0131 olmas\u0131 sebebi ile t\u00fcm \u00e7al\u0131\u015fanlar\u0131m\u0131z\u0131n <em><span style=\"color: #3366cc;\">sosyal sigorta g\u00fcvencesi<\/span><\/em> tam olarak kar\u015f\u0131lan\u0131yor. Hatta her ay\u0131n sonunda bordrosu tarand\u0131ktan sonra gemiye g\u00f6nderilerek \u00e7al\u0131\u015fan\u0131m\u0131z\u0131n incelemesi sa\u011flan\u0131r. Bu zaten MLC (<em>Maritime Labour Convention<\/em>)\u2019nin de bir gere\u011fi olacak. Yeri gelmi\u015fken \u015funu da s\u00f6yleme gere\u011fi hissediyorum; biz yabac\u0131 k\u00f6kenli bir firmadan ge\u00e7en sene MLC ile ilgili e\u011fitim ald\u0131k. E\u011fitimin sonunda MLC\u2019nin istekleri ile mevcut \u015fartlar\u0131m\u0131z\u0131 kar\u015f\u0131la\u015ft\u0131rd\u0131k ve konvansiyon y\u00fcr\u00fcrl\u00fc\u011fe girmeden eksiklerimizi giderdik. Yani biz \u015fu an MLC\u2019nin talep etmi\u015f oldu\u011fu standartlara sahibiz.<\/p>\n<p style=\"text-align: justify;\">\u00c7o\u011fu gemimizde <span style=\"color: #3366cc;\"><em>spor salonu<\/em><\/span> bulunuyor. Her geminin <em><span style=\"color: #3366cc;\">k\u00fct\u00fcphanesi<\/span><\/em> muhakkak var. G\u00fcncel filmler ve kitaplar d\u00fczenli olarak gemiye g\u00f6nderilir. T\u00fcrk limanlar\u0131nda gemiye iki set gazete verilir. T\u00fcrkiye u\u011fraks\u0131z gemilerde ise kat\u0131lacaklar vas\u0131tas\u0131 ile gazete, dergi ve kitap gemiye ula\u015ft\u0131r\u0131l\u0131r.<\/p>\n<p style=\"text-align: justify;\">Ayr\u0131ca \u00fc\u00e7 ayda bir yay\u0131nlad\u0131\u011f\u0131m\u0131z <span style=\"color: #3366cc;\"><em>Silyon<\/em><\/span> ad\u0131nda bir dergimiz var. Bu dergiyi hem gemilerimize hem de gemi \u00e7al\u0131\u015fanlar\u0131m\u0131z\u0131n adreslerine ula\u015ft\u0131r\u0131yoruz. \u0130\u00e7erisinde teknik konulara ilave olarak \u00e7al\u0131\u015fanlar\u0131m\u0131zdan bize ula\u015ft\u0131r\u0131lan \u015fiirler, yaz\u0131lar da yer alabiliyor. Bunlarla birlikte Arkas Holding b\u00fcnyesindeki geli\u015fmelerden de s\u00f6z ediliyor.<\/p>\n<p style=\"text-align: justify;\">\u015eu an <span style=\"color: #3366cc;\"><em>internet \u00e7al\u0131\u015fmalar\u0131m\u0131z<\/em><\/span> da s\u00fcr\u00fcyor. \u0130ki gemimizde ilk denemelerini yapt\u0131k ancak firmadan memnun kalmad\u0131k. Ba\u015fka bir gemimizde ba\u015fka bir firma ile internet \u00e7al\u0131\u015fmalar\u0131n\u0131 s\u00fcrd\u00fcr\u00fcyoruz.<\/p>\n<p style=\"text-align: justify;\">Bu arada gemilerimize iyi <span style=\"color: #3366cc;\"><em>kumanya<\/em><\/span> verdi\u011fimizi de ilave etmek isterim.<\/p>\n<figure id=\"attachment_7121\" aria-describedby=\"caption-attachment-7121\" style=\"width: 595px\" class=\"wp-caption aligncenter\"><img loading=\"lazy\" decoding=\"async\" class=\"size-full wp-image-7121 \" title=\"Ferit G\u00f6kdeniz - Alaattin Kurt - Recai Bayramo\u011flu\" src=\"https:\/\/e-marineeducation.com\/tr\/wp-content\/uploads\/Ferit-G\u00f6kdeniz-Alaattin-Kurt-Recai-Bayramo\u011flu.jpg\" alt=\"\" width=\"595\" height=\"447\" \/><figcaption id=\"caption-attachment-7121\" class=\"wp-caption-text\">Sn. Ferit G\u00f6kdeniz &#8211; Sn. Alaattin Kurt &#8211; Sn. Recai Bayramo\u011flu (Soldan Sa\u011fa)<\/figcaption><\/figure>\n<p style=\"text-align: justify;\"><strong>Gemilerinizde g\u00f6rev yapan evli zabitler, gemiye e\u015fleri ile birlikte kat\u0131labiliyorlar m\u0131?<\/strong><\/p>\n<p style=\"text-align: justify;\">Kaptan ve ba\u015fm\u00fchendis \u00f6ncelikli olmak \u00fczere zabitlerimiz e\u015flerini ve iki (2) ya\u015f \u00fczeri \u00e7ocuklar\u0131n\u0131 gemilerimize g\u00f6t\u00fcrebiliyorlar. Gemilerimizde en fazla iki (2) e\u015f bulundurabiliyoruz. Baz\u0131 limanlarda gemiye kat\u0131lan e\u015flerin <em><span style=\"color: #3366cc;\">vizelerinin<\/span><\/em> olmamas\u0131 durumunda d\u0131\u015far\u0131 \u00e7\u0131kamama hatta cezai yapt\u0131r\u0131m ile kar\u015f\u0131la\u015fma riski do\u011furmaktad\u0131r. Bu nedenle, gidilecek \u00fclkeye g\u00f6re gereken vizelerin olmas\u0131n\u0131 talep ediyoruz. E\u015flerin gemiadam\u0131 yeterlili\u011fi sahibi olmalar\u0131, bu zorluklar\u0131 ortadan kald\u0131rd\u0131\u011f\u0131ndan tercih sebebi olmaktad\u0131r. Ancak bu y\u00f6nde bir \u015firket talebi s\u00f6z konusu de\u011fildir.<\/p>\n<p style=\"text-align: justify;\"><strong>Gemilerinizde bayan zabitlerin \u00e7al\u0131\u015fmas\u0131na izin veriyor musunuz?<\/strong><\/p>\n<p style=\"text-align: justify;\">Bayanlar burada rahatl\u0131kla staj yapabiliyor, rahatl\u0131kla terfi edebiliyor, zabitlik yapabiliyor. Staj\u0131ndan itibaren Arkas b\u00fcnyesindeki gemilerde \u00e7al\u0131\u015fm\u0131\u015f, zabitlik yapm\u0131\u015f, kaptanl\u0131\u011f\u0131n\u0131 alm\u0131\u015f ve fiilen kaptanl\u0131\u011f\u0131n\u0131 s\u00fcrd\u00fcren bir karde\u015fimiz var. Pek yak\u0131nda da bir bayan ba\u015fm\u00fchendis karde\u015fimiz olacak. Toplamda <span style=\"color: #3366cc;\"><em>on be\u015fe yak\u0131n<\/em> <\/span>makine veya g\u00fcvertede g\u00f6rev yapan bayan zabitimiz bulunuyor.<\/p>\n<p style=\"text-align: justify;\"><strong>Gemilerinizdeki haberle\u015fme olanaklar\u0131 nelerdir?<\/strong><\/p>\n<p style=\"text-align: justify;\">Standart uydu haberle\u015fmemiz var. \u00c7al\u0131\u015fanlar\u0131m\u0131z, gemilerde bu olanaktan \u00fccretli olarak yararlanabiliyor. Ancak bizim gemilerimizin en uzun sefer s\u00fcresi bir \u2013 iki g\u00fcn ile s\u0131n\u0131rl\u0131 oldu\u011fu i\u00e7in genellikle personelimiz uydu haberle\u015fmesini kullanmay\u0131p yerel ara\u00e7lar arac\u0131l\u0131\u011f\u0131 ile skype ve benzeri olanaklardan yararlanmay\u0131 tercih ediyor. Eskiden denizciler i\u00e7in \u201cHer limanda bir sevgili (ne kadar do\u011fru ise!)\u201d tabiri kullan\u0131l\u0131rd\u0131. Teknolojik geli\u015fmelerin g\u00f6lgesinde iyice azalan liman kal\u0131\u015flar\u0131 nedeni ile g\u00fcn\u00fcm\u00fczde bu ifade, yerini <span style=\"color: #3366cc;\"><em>Her limanda bir gsm kart\u0131<\/em><\/span>&#8216;na b\u0131rakm\u0131\u015f durumda!<\/p>\n<p style=\"text-align: justify;\"><strong>Personelinize i\u00e7me suyunu nas\u0131l sa\u011fl\u0131yorsunuz?<\/strong><\/p>\n<p style=\"text-align: justify;\">D\u0131\u015far\u0131dan evimize nas\u0131l i\u00e7me suyu al\u0131yorsak gemilerimize de ayn\u0131 \u015fekilde i\u00e7me suyunu <em><span style=\"color: #3366cc;\">damacana usul\u00fc<\/span><\/em> ile sa\u011fl\u0131yoruz. Yurti\u00e7i ve yurtd\u0131\u015f\u0131nda i\u00e7me suyunu bu \u015fekilde hi\u00e7bir <span style=\"color: #3366cc;\"><em>\u00fccret almaks\u0131z\u0131n<\/em><\/span> personelimize sa\u011fl\u0131yoruz.<\/p>\n<p style=\"text-align: justify;\"><strong>Gemilerinizde uygulad\u0131\u011f\u0131n\u0131z alkol politikas\u0131 nedir?<\/strong><\/p>\n<p style=\"text-align: justify;\">Tankerlerimizde alkol kullan\u0131m\u0131 yoktur; gemiye alkol getirilmesi ya da alkoll\u00fc gelinmesi de yasakt\u0131r. Ancak konteyner gemilerimizde tamam\u0131 ile yasak de\u011fildir. <span style=\"color: #3366cc;\"><em>Uyu\u015fturucu ve Alkol Politikam\u0131z<\/em> <\/span>\u00e7er\u00e7evesinde belirli \u015fartlar ve miktarlarda alkol t\u00fcketimi konteyner gemilerimizde yap\u0131labilir. Alkol politikam\u0131z konusunda gereken bilgi e\u011fitim departman\u0131m\u0131z taraf\u0131ndan, gemiye kat\u0131l\u0131m g\u00f6stermeden \u00f6nce ki\u015fiye aktar\u0131l\u0131yor.<\/p>\n<p style=\"text-align: justify;\"><strong>Arkas\u2019ta gemiye kat\u0131lacak ki\u015filer i\u00e7in uygulanan e\u011fitimler hakk\u0131nda bilgi verebilir misiniz?<\/strong><\/p>\n<p style=\"text-align: justify;\"><em>(Bu noktada r\u00f6portaj\u0131m\u0131za e\u011fitim departman\u0131nda g\u00f6rev yapan Sn. <span style=\"color: #3366cc;\">Handenaz Tun\u00e7<\/span> kat\u0131l\u0131m g\u00f6steriyor ve ilgi ile bu sorumuzu yan\u0131tland\u0131r\u0131yor.)<\/em><\/p>\n<p style=\"text-align: justify;\">Bizim bir tablomuz var. Ki\u015finin bu tablo \u00fczerinde sahip oldu\u011fu yere g\u00f6re almas\u0131 gereken e\u011fitimin i\u00e7erik ve s\u00fcreleri de\u011fi\u015fiyor. Ki\u015fi daha \u00f6nce bizimle \u00e7al\u0131\u015ft\u0131 m\u0131, hangi tip gemilerde g\u00f6rev yapt\u0131, g\u00f6rev de\u011fi\u015fikli\u011fi var m\u0131 gibi sorularla bir e\u011fitim plan\u0131 haz\u0131rl\u0131yoruz.<\/p>\n<p style=\"text-align: justify;\">S\u00fcrekli olarak bizimle \u00e7al\u0131\u015fan personele, kat\u0131lacak oldu\u011fu gemiye y\u00f6nelik \u00e7e\u015fitli bilgiler veriyoruz. Bu bilgilere geminin personel listesi, i\u015f listesi, geminin daha \u00f6nce ba\u015f\u0131ndan ge\u00e7en olaylar\u0131 \u00f6rnek olarak s\u00f6yleyebiliriz. Ayr\u0131ca kaptan ve ba\u015fm\u00fchendisleri geminin <span style=\"color: #3366cc;\"><em>y\u0131ll\u0131k b\u00fct\u00e7e analizi<\/em> <\/span>hakk\u0131nda da bilgilendiriyoruz.<\/p>\n<p style=\"text-align: justify;\">\u0130lk defa bizimle \u00e7al\u0131\u015facak personelimizi hem \u015firket politikalar\u0131m\u0131z hakk\u0131nda bilgilendiriyoruz hem de gemilerimizde bulunan <span style=\"color: #3366cc;\"><em>ShipperNetix<\/em><\/span>, <em><span style=\"color: #3366cc;\">CrewNetix<\/span><\/em> gibi yaz\u0131l\u0131mlar\u0131n kullan\u0131m\u0131 konusunda e\u011fitim veriyoruz.<\/p>\n<p style=\"text-align: justify;\">\u0130lk defa bizimle \u00e7al\u0131\u015facak personel \u00fc\u00e7 (3) g\u00fcn, eski personelimiz ise bir (1) g\u00fcn s\u00fcreli bir e\u011fitime tabi oluyor.<\/p>\n<p style=\"text-align: justify;\"><strong>Uygulad\u0131\u011f\u0131n\u0131z performans y\u00f6netim sistemi hakk\u0131nda bilgi verebilir misiniz?<\/strong><\/p>\n<p style=\"text-align: justify;\">Performans sistemine ge\u00e7meden \u00f6nce <span style=\"color: #3366cc;\"><em>SHL<\/em><\/span> ve <em><span style=\"color: #3366cc;\">Psikoteknik<\/span> <\/em>olmak \u00fczere iki uygulamadan s\u00f6z etmek isterim.\u00a0 SHL,<em><span style=\"color: #3366cc;\"> De\u011ferler Anketini<\/span> <\/em>ve <span style=\"color: #3366cc;\"><em>Kurum K\u00fclt\u00fcr\u00fc<\/em> <\/span>envanterini i\u00e7eriyor. Daha sonra \u00e7\u0131kan sonu\u00e7lar kar\u015f\u0131la\u015ft\u0131r\u0131larak ki\u015finin Arkas\u2019ta \u00e7al\u0131\u015fmaktan ne kadar memnun oldu\u011funu inceliyoruz.<\/p>\n<p style=\"text-align: justify;\">Psikoteknik\u2019in i\u00e7erisinde ise ki\u015finin sahip oldu\u011fu genel dikkat, alg\u0131, muhakeme gibi bili\u015fsel yeteneklerle; beklenmedik olaylar kar\u015f\u0131s\u0131nda tepki, uyum, esneklik becerisi gibi ki\u015filik \u00f6zelliklerini de\u011ferlendiriyoruz. Bu uygulama i\u00e7in \u00e7e\u015fitli yat\u0131r\u0131mlar yaparak \u015firket b\u00fcnyesinde bir <span style=\"color: #3366cc;\"><em>test odas\u0131<\/em><\/span> olu\u015fturduk.<\/p>\n<p style=\"text-align: justify;\">Bu de\u011ferlendirmelerimiz haricinde, kaptan ve ba\u015fm\u00fchendis hari\u00e7 her seviyedeki gemi \u00e7al\u0131\u015fanlar\u0131n\u0131n de\u011ferlendirmelerini de bir yaz\u0131l\u0131m \u00fczerinden takip ediyoruz. Bu yaz\u0131l\u0131m gemiler ile entegre \u00e7al\u0131\u015f\u0131yor ve bu yaz\u0131l\u0131m ile kaptan ve ba\u015fm\u00fchendisler taraf\u0131ndan ki\u015fiye y\u00f6nelik puanlamalar\u0131, ki\u015fisel yorumlar\u0131 inceleyebiliyoruz. Ayr\u0131ca ki\u015finin sahip oldu\u011fu belgelerin ge\u00e7erlilik s\u00fcrelerini de yine bu yaz\u0131l\u0131m ile izleyebiliyoruz. Bir personel gemiye kat\u0131laca\u011f\u0131 zaman, ofis taraf\u0131ndaki e\u011fitim ve atama s\u00fcreci tamamland\u0131\u011f\u0131nda kat\u0131lacak ki\u015fi hakk\u0131nda bir\u00e7ok bilgi de yine bu yaz\u0131l\u0131m \u00fczerinden hemen ayn\u0131 g\u00fcn\u00fc data transferi ile gemiye ula\u015f\u0131yor. B\u00f6ylece gemiler kat\u0131l\u0131\u015f ayr\u0131l\u0131\u015f mesaj\u0131ndan \u00e7ok daha \u00f6nce kat\u0131lacak personelin ayak numaras\u0131na kadar t\u00fcm bilgileri alm\u0131\u015f oluyorlar.<\/p>\n<p style=\"text-align: justify;\">Bu giri\u015ften sonra denizcilik sekt\u00f6r\u00fcnde bir ilk olan <span style=\"color: #3366cc;\"><em>Performans Y\u00f6netimi<\/em><\/span>&#8216;nden s\u00f6z etmek istiyorum. Uygulama, kaptan ve ba\u015fm\u00fchendis ile s\u0131n\u0131rl\u0131 olmak \u00fczere 2010\u2019da ba\u015flad\u0131.\u00a0 Performans uygulamas\u0131 \u00fc\u00e7 a\u015famada hayata ge\u00e7ti; filonun \u00e7evre bilinci ile verimli bir \u015fekilde y\u00f6netilmesine katk\u0131 yapacak kriterlerin belirlenmesi, uygulama ve performans\u0131 planlanan \u015fekilde ger\u00e7ekle\u015fip ger\u00e7ekle\u015fmedi\u011finin alt\u0131 (6) ayda bir de\u011ferlendirilmesi. Performans d\u00f6nemi sonunda kaptan ve ba\u015fm\u00fchendislerimiz ald\u0131klar\u0131 puana, \u00e7al\u0131\u015fma s\u00fcrelerine ve bulunduklar\u0131 hat zorluklar\u0131na g\u00f6re bonus almaktad\u0131rlar.\u00a0\u00a0 Performans sistemi ile asl\u0131nda biz ki\u015finin sahip oldu\u011fu bilgi seviyesini \u00f6l\u00e7m\u00fcyoruz. Sadece \u00e7al\u0131\u015ft\u0131\u011f\u0131 s\u00fcre\u00e7teki performans\u0131n\u0131 de\u011ferlendiriyoruz.<\/p>\n<p style=\"text-align: justify;\"><strong>\u00dclkemiz a\u00e7\u0131s\u0131ndan denizcilik sekt\u00f6r\u00fcndeki \u00e7al\u0131\u015fma ko\u015fullar\u0131 olarak ge\u00e7mi\u015f ile g\u00fcn\u00fcm\u00fcz\u00fc kar\u015f\u0131la\u015ft\u0131rd\u0131\u011f\u0131n\u0131zda neler s\u00f6yleyebilirsiniz?<\/strong><\/p>\n<p style=\"text-align: justify;\">Ben mezun oldu\u011fum zaman \u015firket say\u0131s\u0131 olduk\u00e7a s\u0131n\u0131rl\u0131yd\u0131. Ayr\u0131ca mezun olur olmaz karada \u00e7al\u0131\u015fabilmek i\u00e7in de se\u00e7enekler fazla de\u011fildi. Dolay\u0131s\u0131 ile \u015fu s\u0131ralar mezun olan arkada\u015flar\u0131m\u0131za g\u00f6re daha uzun seneler denizde \u00e7al\u0131\u015fmay\u0131 d\u00fc\u015f\u00fcn\u00fcyorduk do\u011fal olarak. Kontrat s\u00fcrelerimiz daha uzundu. \u00c7al\u0131\u015ft\u0131\u011f\u0131m bir firmada kontrat\u0131n yedi (7) ay oldu\u011funu hat\u0131rl\u0131yorum. Yedi (7) ay dolmadan zaten izne \u00e7\u0131kmay\u0131 akl\u0131ndan bile ge\u00e7irmemen gerekiyordu. Yedi (7) aydan sonra gemi uygun bir de\u011fi\u015fim liman\u0131nda ise gemiden ayr\u0131labiliyordun. Dolay\u0131s\u0131 ile uygun liman ko\u015fullar\u0131n\u0131n sa\u011flanamamas\u0131 sebebi ile sizin eve d\u00f6n\u00fc\u015f\u00fcn\u00fcz dokuz (9) ya da 10 (on)\u00a0 ay\u0131 bulabiliyordu. Bu s\u00fcreyi de denizde ge\u00e7irebilmek i\u00e7in sizin kendinize bir ortam yaratman\u0131z gerekiyor. Sadece \u00e7al\u0131\u015farak olmuyor; kendinizi farkl\u0131 alanlarda da geli\u015ftirmek zorunda hissediyorsunuz. Ben mesela, kat\u0131lacak oldu\u011fum gemiye <em><span style=\"color: #3366cc;\">ayn\u0131 konuda bir\u00e7ok kitap<\/span><\/em> g\u00f6t\u00fcr\u00fcrd\u00fcm. De\u011fi\u015fik yazarlar\u0131n ayn\u0131 konudaki kitaplar\u0131n\u0131 \u00f6zellikle se\u00e7erdim ve farkl\u0131 bak\u0131\u015f a\u00e7\u0131lar\u0131n\u0131 yakalamaya \u00e7al\u0131\u015f\u0131rd\u0131m. G\u00fcnl\u00fck \u00e7al\u0131\u015fma s\u00fcrelerimiz daha uzundu. Kumanya, sa\u011fl\u0131k ve ileti\u015fim ko\u015fullar\u0131 \u015fimdiki kadar geli\u015fmi\u015f de\u011fildi.<\/p>\n<p style=\"text-align: justify;\">\u0130lerleyen y\u0131llarda yabanc\u0131 \u015firketin gemilerinde \u00e7al\u0131\u015fmaya ba\u015flad\u0131m. Zaman i\u00e7erisinde T\u00fcrkiye\u2019de yeni \u015firketlerin ve gemilerin sekt\u00f6re girmeye ba\u015flad\u0131\u011f\u0131n\u0131 uzaktan g\u00f6zlemledim. Belki de bunun bir sonucu olarak yabanc\u0131 \u015firketlerde ya da band\u0131ralardaki maa\u015f fark\u0131n\u0131, T\u00fcrk firmalar\u0131 da yakalad\u0131.<\/p>\n<p style=\"text-align: justify;\">Gemilerin ya\u015flar\u0131 hakk\u0131nda konu\u015facak olursak; ben mezun oldu\u011fumda yeni gemiye gidiyorum demi\u015ftim. \u00c7\u00fcnk\u00fc gemi bir \u0130ngiliz firmas\u0131ndan hen\u00fcz sat\u0131n al\u0131nm\u0131\u015ft\u0131 ama on iki (12) ya\u015f\u0131ndayd\u0131. Biz o zaman yeni gemide \u00e7al\u0131\u015f\u0131yoruz diye seviniyorduk. \u015eimdiki filonun ya\u015f ortalamas\u0131 \u00e7ok daha gen\u00e7.<\/p>\n<p style=\"text-align: justify;\"><strong>\u015eu an denizcilik e\u011fitimi almakta olan \u00f6\u011frenci arkada\u015flar\u0131m\u0131z i\u00e7in tavsiyelerinizi alabilir miyim?<\/strong><\/p>\n<p style=\"text-align: justify;\">Gen\u00e7 meslekta\u015flar\u0131ma enine de\u011fil, dikine y\u00fcr\u00fcmelerini tavsiye ediyorum.<\/p>\n<p style=\"text-align: justify;\">Ben hayat\u0131, herkesin belirli rollerinin oldu\u011fu keyifli bir <em><span style=\"color: #3366cc;\">tiyatro oyunu<\/span><\/em> olarak g\u00f6r\u00fcyorum. Bu oyunda ba\u015far\u0131n\u0131n; ya\u015fam\u0131n bize sundu\u011fu rol\u00fc sorgulamaktan de\u011fil, en iyi bir \u015fekilde oynamaktan ge\u00e7ti\u011fini d\u00fc\u015f\u00fcn\u00fcyorum. Ancak bu \u015fekilde kal\u0131c\u0131 olarak kendimizi huzurlu ve mutlu hissedebiliriz.<\/p>\n<p style=\"text-align: justify;\">Daha basit bir ifade ile mesle\u011fin iyisi k\u00f6t\u00fcs\u00fc de\u011fil, iyi yap\u0131lan\u0131 ya da yap\u0131lmayan\u0131 vard\u0131r. Bu nedenle arkada\u015flar\u0131m\u0131za, okuldan sonra k\u0131sa ve uzun vadeli bir planlama yaparak; denize mi yoksa denizcilikle ba\u011flant\u0131l\u0131 bir alana m\u0131 y\u00f6neleceklerine karar vermelerini tavsiye ederim.\u00a0 Bu tercih denizcilik \u015firketleri ya da tamam\u0131 ile farkl\u0131 bir alan olabilir. \u00d6nemli olan\u0131n, zaman yitirmeden bir karar vererek se\u00e7tikleri alanda kendilerini geli\u015ftirmeleri oldu\u011funu d\u00fc\u015f\u00fcn\u00fcyorum. E\u011fer denizcilik alan\u0131nda kal\u0131nacak ise, bu e\u011fitim al\u0131nd\u0131ktan sonra do\u011fru olan budur bence, denizde en az 10 y\u0131l \u00e7al\u0131\u015f\u0131lmal\u0131, karaya d\u00f6n\u00fclmesi d\u00fc\u015f\u00fcn\u00fcl\u00fcyorsa ancak bu \u00e7al\u0131\u015fman\u0131n ard\u0131ndan d\u00f6n\u00fclmeli.<\/p>\n<p style=\"text-align: justify;\">Ben ki\u015fisel olarak, uzun y\u0131llar denizde severek \u00e7al\u0131\u015ft\u0131m. Bug\u00fcn, bu bilgi ve deneyim ile meslek ya\u015fam\u0131na yeniden ba\u015flayacak olsam; yine ayn\u0131 yolu izlerdim. Tan\u0131\u015ft\u0131\u011f\u0131m\u0131zda \u00dcsk\u00fcdar-Be\u015fikta\u015f motoruna binemeyecek kadar denize uzak olan sevgili eczac\u0131 e\u015fim, evlendikten sonra birlikte yapt\u0131\u011f\u0131m\u0131z seferlerin ard\u0131ndan, ge\u00e7en onca y\u0131la ra\u011fmen, bug\u00fcn, keyif i\u00e7in dahi olsa denize \u00e7\u0131kman\u0131n hayalini kuruyorsa, vard\u0131r bunun bir hikmeti diye d\u00fc\u015f\u00fcn\u00fcyorum.<\/p>\n<p style=\"text-align: justify;\">T\u00fcm denizci adaylar\u0131na se\u00e7imlerinde ba\u015far\u0131 ve mutluluklar dilerim.<\/p>\n","protected":false},"excerpt":{"rendered":"<p>D\u00fcnyan\u0131n \u00f6nde gelen marka de\u011ferlendirme kurulu\u015flar\u0131ndan Brand Finance\u2019\u0131n \u201cT\u00fcrkiye\u2019nin en de\u011ferli markalar\u0131\u201d listesinde bulunan ve A\u00a0notuyla nitelendirdi\u011fi Arkas Holding b\u00fcnyesindeki Arkas Denizcilik ve Nakliyat \u015firketine ge\u00e7ti\u011fimiz g\u00fcnlerde bir ziyaret ger\u00e7ekle\u015ftirdim. Yakla\u015f\u0131k olarak \u00fc\u00e7 (3) saat kalaca\u011f\u0131m\u0131 \u00f6ng\u00f6rd\u00fc\u011f\u00fcm Arkas Denizcilik\u2019te tam alt\u0131 (6) saat ge\u00e7irdim. A\u00e7\u0131k\u00e7as\u0131 bu s\u00fcrenin de \u015firketi tan\u0131mak i\u00e7in yeterli olaca\u011f\u0131na inanm\u0131yorum. Belki &hellip;<\/p>\n","protected":false},"author":1,"featured_media":7110,"comment_status":"open","ping_status":"open","sticky":false,"template":"","format":"standard","meta":{"_acf_changed":false,"_bbp_topic_count":0,"_bbp_reply_count":0,"_bbp_total_topic_count":0,"_bbp_total_reply_count":0,"_bbp_voice_count":0,"_bbp_anonymous_reply_count":0,"_bbp_topic_count_hidden":0,"_bbp_reply_count_hidden":0,"_bbp_forum_subforum_count":0,"footnotes":""},"categories":[906],"tags":[955,285,956,957,958,959,911,961,960],"class_list":["post-7107","post","type-post","status-publish","format-standard","has-post-thumbnail","","category-roportajlar","tag-alaattin-kurt","tag-arkas-holding","tag-brand-finance","tag-ferit-gokdeniz","tag-handenaz-tunc","tag-la-saraplari","tag-roportaj","tag-silyon","tag-smyrna-merlot"],"acf":[],"yoast_head":"<!-- This site is optimized with the Yoast SEO plugin v27.4 - https:\/\/yoast.com\/product\/yoast-seo-wordpress\/ -->\n<title>R\u00f6portaj: Arkas Deniz Ticaret Filosu \u0130nsan Kaynaklar\u0131 M\u00fcd\u00fcr\u00fc Sn. Alaattin Kurt - e-MarineEducation.com<\/title>\n<meta name=\"description\" content=\"Arkas Holding b\u00fcnyesinde yer alan Arkas Deniz Ticaret Filosu \u0130nsan Kaynaklar\u0131 M\u00fcd\u00fcr\u00fc Sn. Alaattin Kurt ile bir r\u00f6portaj ger\u00e7ekle\u015ftirdik.\" \/>\n<meta name=\"robots\" content=\"index, follow, max-snippet:-1, max-image-preview:large, max-video-preview:-1\" \/>\n<link rel=\"canonical\" href=\"https:\/\/e-marineeducation.com\/tr\/roportaj-arkas-deniz-ticaret-filosu-insan-kaynaklari-muduru-alaattin-kurt\/\" \/>\n<meta property=\"og:locale\" content=\"tr_TR\" \/>\n<meta property=\"og:type\" content=\"article\" \/>\n<meta property=\"og:title\" content=\"R\u00f6portaj: Arkas Deniz Ticaret Filosu \u0130nsan Kaynaklar\u0131 M\u00fcd\u00fcr\u00fc Sn. Alaattin Kurt - e-MarineEducation.com\" \/>\n<meta property=\"og:description\" content=\"Arkas Holding b\u00fcnyesinde yer alan Arkas Deniz Ticaret Filosu \u0130nsan Kaynaklar\u0131 M\u00fcd\u00fcr\u00fc Sn. Alaattin Kurt ile bir r\u00f6portaj ger\u00e7ekle\u015ftirdik.\" \/>\n<meta property=\"og:url\" content=\"https:\/\/e-marineeducation.com\/tr\/roportaj-arkas-deniz-ticaret-filosu-insan-kaynaklari-muduru-alaattin-kurt\/\" \/>\n<meta property=\"og:site_name\" content=\"e-MarineEducation.com\" \/>\n<meta property=\"article:author\" content=\"https:\/\/www.facebook.com\/oruc.aybars\" \/>\n<meta property=\"article:published_time\" content=\"2012-09-13T17:52:04+00:00\" \/>\n<meta property=\"article:modified_time\" content=\"2022-09-16T07:22:42+00:00\" \/>\n<meta property=\"og:image\" content=\"https:\/\/e-marineeducation.com\/tr\/wp-content\/uploads\/Arkas-Simge.png\" \/>\n\t<meta property=\"og:image:width\" content=\"74\" \/>\n\t<meta property=\"og:image:height\" content=\"74\" \/>\n\t<meta property=\"og:image:type\" content=\"image\/png\" \/>\n<meta name=\"author\" content=\"Dr. Aybars Oru\u00e7\" \/>\n<meta name=\"twitter:card\" content=\"summary_large_image\" \/>\n<meta name=\"twitter:creator\" content=\"@aybarsoruc\" \/>\n<meta name=\"twitter:label1\" content=\"Yazan:\" \/>\n\t<meta name=\"twitter:data1\" content=\"Dr. Aybars Oru\u00e7\" \/>\n\t<meta name=\"twitter:label2\" content=\"Tahmini okuma s\u00fcresi\" \/>\n\t<meta name=\"twitter:data2\" content=\"18 dakika\" \/>\n<script type=\"application\/ld+json\" class=\"yoast-schema-graph\">{\"@context\":\"https:\\\/\\\/schema.org\",\"@graph\":[{\"@type\":\"Article\",\"@id\":\"https:\\\/\\\/e-marineeducation.com\\\/tr\\\/roportaj-arkas-deniz-ticaret-filosu-insan-kaynaklari-muduru-alaattin-kurt\\\/#article\",\"isPartOf\":{\"@id\":\"https:\\\/\\\/e-marineeducation.com\\\/tr\\\/roportaj-arkas-deniz-ticaret-filosu-insan-kaynaklari-muduru-alaattin-kurt\\\/\"},\"author\":{\"name\":\"Dr. Aybars Oru\u00e7\",\"@id\":\"https:\\\/\\\/e-marineeducation.com\\\/tr\\\/#\\\/schema\\\/person\\\/f7f32de91b2efb12f23950a06aad9e36\"},\"headline\":\"R\u00f6portaj: Arkas Deniz Ticaret Filosu \u0130nsan Kaynaklar\u0131 M\u00fcd\u00fcr\u00fc Sn. Alaattin Kurt\",\"datePublished\":\"2012-09-13T17:52:04+00:00\",\"dateModified\":\"2022-09-16T07:22:42+00:00\",\"mainEntityOfPage\":{\"@id\":\"https:\\\/\\\/e-marineeducation.com\\\/tr\\\/roportaj-arkas-deniz-ticaret-filosu-insan-kaynaklari-muduru-alaattin-kurt\\\/\"},\"wordCount\":3856,\"commentCount\":8,\"image\":{\"@id\":\"https:\\\/\\\/e-marineeducation.com\\\/tr\\\/roportaj-arkas-deniz-ticaret-filosu-insan-kaynaklari-muduru-alaattin-kurt\\\/#primaryimage\"},\"thumbnailUrl\":\"https:\\\/\\\/e-marineeducation.com\\\/tr\\\/wp-content\\\/uploads\\\/Arkas-Simge.png\",\"keywords\":[\"alaattin kurt\",\"arkas holding\",\"Brand Finance\",\"Ferit G\u00f6kdeniz\",\"Handenaz Tun\u00e7\",\"LA \u015earaplar\u0131\",\"r\u00f6portaj\",\"silyon\",\"Smyrna Merlot\"],\"articleSection\":[\"R\u00f6portajlar\"],\"inLanguage\":\"tr\",\"potentialAction\":[{\"@type\":\"CommentAction\",\"name\":\"Comment\",\"target\":[\"https:\\\/\\\/e-marineeducation.com\\\/tr\\\/roportaj-arkas-deniz-ticaret-filosu-insan-kaynaklari-muduru-alaattin-kurt\\\/#respond\"]}]},{\"@type\":\"WebPage\",\"@id\":\"https:\\\/\\\/e-marineeducation.com\\\/tr\\\/roportaj-arkas-deniz-ticaret-filosu-insan-kaynaklari-muduru-alaattin-kurt\\\/\",\"url\":\"https:\\\/\\\/e-marineeducation.com\\\/tr\\\/roportaj-arkas-deniz-ticaret-filosu-insan-kaynaklari-muduru-alaattin-kurt\\\/\",\"name\":\"R\u00f6portaj: Arkas Deniz Ticaret Filosu \u0130nsan Kaynaklar\u0131 M\u00fcd\u00fcr\u00fc Sn. Alaattin Kurt - e-MarineEducation.com\",\"isPartOf\":{\"@id\":\"https:\\\/\\\/e-marineeducation.com\\\/tr\\\/#website\"},\"primaryImageOfPage\":{\"@id\":\"https:\\\/\\\/e-marineeducation.com\\\/tr\\\/roportaj-arkas-deniz-ticaret-filosu-insan-kaynaklari-muduru-alaattin-kurt\\\/#primaryimage\"},\"image\":{\"@id\":\"https:\\\/\\\/e-marineeducation.com\\\/tr\\\/roportaj-arkas-deniz-ticaret-filosu-insan-kaynaklari-muduru-alaattin-kurt\\\/#primaryimage\"},\"thumbnailUrl\":\"https:\\\/\\\/e-marineeducation.com\\\/tr\\\/wp-content\\\/uploads\\\/Arkas-Simge.png\",\"datePublished\":\"2012-09-13T17:52:04+00:00\",\"dateModified\":\"2022-09-16T07:22:42+00:00\",\"author\":{\"@id\":\"https:\\\/\\\/e-marineeducation.com\\\/tr\\\/#\\\/schema\\\/person\\\/f7f32de91b2efb12f23950a06aad9e36\"},\"description\":\"Arkas Holding b\u00fcnyesinde yer alan Arkas Deniz Ticaret Filosu \u0130nsan Kaynaklar\u0131 M\u00fcd\u00fcr\u00fc Sn. Alaattin Kurt ile bir r\u00f6portaj ger\u00e7ekle\u015ftirdik.\",\"breadcrumb\":{\"@id\":\"https:\\\/\\\/e-marineeducation.com\\\/tr\\\/roportaj-arkas-deniz-ticaret-filosu-insan-kaynaklari-muduru-alaattin-kurt\\\/#breadcrumb\"},\"inLanguage\":\"tr\",\"potentialAction\":[{\"@type\":\"ReadAction\",\"target\":[\"https:\\\/\\\/e-marineeducation.com\\\/tr\\\/roportaj-arkas-deniz-ticaret-filosu-insan-kaynaklari-muduru-alaattin-kurt\\\/\"]}]},{\"@type\":\"ImageObject\",\"inLanguage\":\"tr\",\"@id\":\"https:\\\/\\\/e-marineeducation.com\\\/tr\\\/roportaj-arkas-deniz-ticaret-filosu-insan-kaynaklari-muduru-alaattin-kurt\\\/#primaryimage\",\"url\":\"https:\\\/\\\/e-marineeducation.com\\\/tr\\\/wp-content\\\/uploads\\\/Arkas-Simge.png\",\"contentUrl\":\"https:\\\/\\\/e-marineeducation.com\\\/tr\\\/wp-content\\\/uploads\\\/Arkas-Simge.png\",\"width\":\"74\",\"height\":\"74\"},{\"@type\":\"BreadcrumbList\",\"@id\":\"https:\\\/\\\/e-marineeducation.com\\\/tr\\\/roportaj-arkas-deniz-ticaret-filosu-insan-kaynaklari-muduru-alaattin-kurt\\\/#breadcrumb\",\"itemListElement\":[{\"@type\":\"ListItem\",\"position\":1,\"name\":\"Ana sayfa\",\"item\":\"https:\\\/\\\/e-marineeducation.com\\\/tr\\\/\"},{\"@type\":\"ListItem\",\"position\":2,\"name\":\"R\u00f6portaj: Arkas Deniz Ticaret Filosu \u0130nsan Kaynaklar\u0131 M\u00fcd\u00fcr\u00fc Sn. Alaattin Kurt\"}]},{\"@type\":\"WebSite\",\"@id\":\"https:\\\/\\\/e-marineeducation.com\\\/tr\\\/#website\",\"url\":\"https:\\\/\\\/e-marineeducation.com\\\/tr\\\/\",\"name\":\"e-MarineEducation.com\",\"description\":\"Denizcilik E\u011fitimine Yeni Bir Bak\u0131\u015f A\u00e7\u0131s\u0131\",\"potentialAction\":[{\"@type\":\"SearchAction\",\"target\":{\"@type\":\"EntryPoint\",\"urlTemplate\":\"https:\\\/\\\/e-marineeducation.com\\\/tr\\\/?s={search_term_string}\"},\"query-input\":{\"@type\":\"PropertyValueSpecification\",\"valueRequired\":true,\"valueName\":\"search_term_string\"}}],\"inLanguage\":\"tr\"},{\"@type\":\"Person\",\"@id\":\"https:\\\/\\\/e-marineeducation.com\\\/tr\\\/#\\\/schema\\\/person\\\/f7f32de91b2efb12f23950a06aad9e36\",\"name\":\"Dr. Aybars Oru\u00e7\",\"image\":{\"@type\":\"ImageObject\",\"inLanguage\":\"tr\",\"@id\":\"https:\\\/\\\/e-marineeducation.com\\\/tr\\\/wp-content\\\/uploads\\\/avatars\\\/1\\\/1713307065-bpfull.jpg\",\"url\":\"https:\\\/\\\/e-marineeducation.com\\\/tr\\\/wp-content\\\/uploads\\\/avatars\\\/1\\\/1713307065-bpfull.jpg\",\"contentUrl\":\"https:\\\/\\\/e-marineeducation.com\\\/tr\\\/wp-content\\\/uploads\\\/avatars\\\/1\\\/1713307065-bpfull.jpg\",\"caption\":\"Dr. Aybars Oru\u00e7\"},\"description\":\"Dr. Aybars Oruc, e-MarineEducation.com'un kurucusudur. \u015eu anda Tallinn Teknoloji \u00dcniversitesi'ndeki Denizcilik Siber G\u00fcvenlik Merkezi'nde doktor ara\u015ft\u0131rmac\u0131 olarak \u00e7al\u0131\u015fmaktad\u0131r. Doktora (PhD) derecesini Norve\u00e7 Bilim ve Teknoloji \u00dcniversitesi'nden (NTNU) alm\u0131\u015ft\u0131r. \u00c7e\u015fitli tip ve tonajlardaki gemielrde \u00e7al\u0131\u015ft\u0131ktan sonra karaya ge\u00e7mi\u015f ve enspekt\u00f6r olarak \u00e7al\u0131\u015fm\u0131\u015ft\u0131r. Teknik ve operasyonel y\u00f6nlerin yan\u0131 s\u0131ra insan fakt\u00f6rlerini de i\u00e7eren geni\u015f bir yelpazede denizcilik siber g\u00fcvenli\u011fi \u00fczerine bilimsel ara\u015ft\u0131rmalar yapmaktad\u0131r. Uluslararas\u0131 Denizcilik \u00d6rg\u00fct\u00fc (IMO) taraf\u0131ndan bir ay s\u00fcreyle ara\u015ft\u0131rmalar\u0131n\u0131 y\u00fcr\u00fctmek \u00fczere kabul edilmi\u015ftir. Dr. Aybars Oruc, \u00f6zel ve askeri kurumlar dahil olmak \u00fczere klas kurulu\u015flar\u0131na, sigorta \u015firketlerine, Ar-Ge firmalar\u0131na, sahil g\u00fcvenlik ve donanma kuvvetlerine denizcilik siber g\u00fcvenli\u011fi konusunda bir\u00e7ok seminer vermi\u015ftir. 2022 y\u0131l\u0131nda NATO\u2019nun siber g\u00fcvenlik konferans\u0131 (CyCon) kapsam\u0131nda Davetli Konu\u015fmac\u0131 olarak yer alm\u0131\u015f ve \u00e7al\u0131\u015fmalar\u0131n\u0131 geni\u015f bir kitleyle payla\u015fm\u0131\u015ft\u0131r.\",\"sameAs\":[\"https:\\\/\\\/e-marineeducation.com\\\/tr\\\/profil-aybars-oruc\\\/\",\"https:\\\/\\\/www.facebook.com\\\/oruc.aybars\",\"https:\\\/\\\/www.instagram.com\\\/orucaybars\\\/\",\"https:\\\/\\\/www.linkedin.com\\\/in\\\/aybarsoruc\",\"https:\\\/\\\/x.com\\\/aybarsoruc\"],\"url\":\"https:\\\/\\\/e-marineeducation.com\\\/tr\\\/author\\\/denizci88\\\/\"}]}<\/script>\n<!-- \/ Yoast SEO plugin. -->","yoast_head_json":{"title":"R\u00f6portaj: Arkas Deniz Ticaret Filosu \u0130nsan Kaynaklar\u0131 M\u00fcd\u00fcr\u00fc Sn. Alaattin Kurt - e-MarineEducation.com","description":"Arkas Holding b\u00fcnyesinde yer alan Arkas Deniz Ticaret Filosu \u0130nsan Kaynaklar\u0131 M\u00fcd\u00fcr\u00fc Sn. Alaattin Kurt ile bir r\u00f6portaj ger\u00e7ekle\u015ftirdik.","robots":{"index":"index","follow":"follow","max-snippet":"max-snippet:-1","max-image-preview":"max-image-preview:large","max-video-preview":"max-video-preview:-1"},"canonical":"https:\/\/e-marineeducation.com\/tr\/roportaj-arkas-deniz-ticaret-filosu-insan-kaynaklari-muduru-alaattin-kurt\/","og_locale":"tr_TR","og_type":"article","og_title":"R\u00f6portaj: Arkas Deniz Ticaret Filosu \u0130nsan Kaynaklar\u0131 M\u00fcd\u00fcr\u00fc Sn. Alaattin Kurt - e-MarineEducation.com","og_description":"Arkas Holding b\u00fcnyesinde yer alan Arkas Deniz Ticaret Filosu \u0130nsan Kaynaklar\u0131 M\u00fcd\u00fcr\u00fc Sn. Alaattin Kurt ile bir r\u00f6portaj ger\u00e7ekle\u015ftirdik.","og_url":"https:\/\/e-marineeducation.com\/tr\/roportaj-arkas-deniz-ticaret-filosu-insan-kaynaklari-muduru-alaattin-kurt\/","og_site_name":"e-MarineEducation.com","article_author":"https:\/\/www.facebook.com\/oruc.aybars","article_published_time":"2012-09-13T17:52:04+00:00","article_modified_time":"2022-09-16T07:22:42+00:00","og_image":[{"width":74,"height":74,"url":"https:\/\/e-marineeducation.com\/tr\/wp-content\/uploads\/Arkas-Simge.png","type":"image\/png"}],"author":"Dr. Aybars Oru\u00e7","twitter_card":"summary_large_image","twitter_creator":"@aybarsoruc","twitter_misc":{"Yazan:":"Dr. Aybars Oru\u00e7","Tahmini okuma s\u00fcresi":"18 dakika"},"schema":{"@context":"https:\/\/schema.org","@graph":[{"@type":"Article","@id":"https:\/\/e-marineeducation.com\/tr\/roportaj-arkas-deniz-ticaret-filosu-insan-kaynaklari-muduru-alaattin-kurt\/#article","isPartOf":{"@id":"https:\/\/e-marineeducation.com\/tr\/roportaj-arkas-deniz-ticaret-filosu-insan-kaynaklari-muduru-alaattin-kurt\/"},"author":{"name":"Dr. Aybars Oru\u00e7","@id":"https:\/\/e-marineeducation.com\/tr\/#\/schema\/person\/f7f32de91b2efb12f23950a06aad9e36"},"headline":"R\u00f6portaj: Arkas Deniz Ticaret Filosu \u0130nsan Kaynaklar\u0131 M\u00fcd\u00fcr\u00fc Sn. Alaattin Kurt","datePublished":"2012-09-13T17:52:04+00:00","dateModified":"2022-09-16T07:22:42+00:00","mainEntityOfPage":{"@id":"https:\/\/e-marineeducation.com\/tr\/roportaj-arkas-deniz-ticaret-filosu-insan-kaynaklari-muduru-alaattin-kurt\/"},"wordCount":3856,"commentCount":8,"image":{"@id":"https:\/\/e-marineeducation.com\/tr\/roportaj-arkas-deniz-ticaret-filosu-insan-kaynaklari-muduru-alaattin-kurt\/#primaryimage"},"thumbnailUrl":"https:\/\/e-marineeducation.com\/tr\/wp-content\/uploads\/Arkas-Simge.png","keywords":["alaattin kurt","arkas holding","Brand Finance","Ferit G\u00f6kdeniz","Handenaz Tun\u00e7","LA \u015earaplar\u0131","r\u00f6portaj","silyon","Smyrna Merlot"],"articleSection":["R\u00f6portajlar"],"inLanguage":"tr","potentialAction":[{"@type":"CommentAction","name":"Comment","target":["https:\/\/e-marineeducation.com\/tr\/roportaj-arkas-deniz-ticaret-filosu-insan-kaynaklari-muduru-alaattin-kurt\/#respond"]}]},{"@type":"WebPage","@id":"https:\/\/e-marineeducation.com\/tr\/roportaj-arkas-deniz-ticaret-filosu-insan-kaynaklari-muduru-alaattin-kurt\/","url":"https:\/\/e-marineeducation.com\/tr\/roportaj-arkas-deniz-ticaret-filosu-insan-kaynaklari-muduru-alaattin-kurt\/","name":"R\u00f6portaj: Arkas Deniz Ticaret Filosu \u0130nsan Kaynaklar\u0131 M\u00fcd\u00fcr\u00fc Sn. Alaattin Kurt - e-MarineEducation.com","isPartOf":{"@id":"https:\/\/e-marineeducation.com\/tr\/#website"},"primaryImageOfPage":{"@id":"https:\/\/e-marineeducation.com\/tr\/roportaj-arkas-deniz-ticaret-filosu-insan-kaynaklari-muduru-alaattin-kurt\/#primaryimage"},"image":{"@id":"https:\/\/e-marineeducation.com\/tr\/roportaj-arkas-deniz-ticaret-filosu-insan-kaynaklari-muduru-alaattin-kurt\/#primaryimage"},"thumbnailUrl":"https:\/\/e-marineeducation.com\/tr\/wp-content\/uploads\/Arkas-Simge.png","datePublished":"2012-09-13T17:52:04+00:00","dateModified":"2022-09-16T07:22:42+00:00","author":{"@id":"https:\/\/e-marineeducation.com\/tr\/#\/schema\/person\/f7f32de91b2efb12f23950a06aad9e36"},"description":"Arkas Holding b\u00fcnyesinde yer alan Arkas Deniz Ticaret Filosu \u0130nsan Kaynaklar\u0131 M\u00fcd\u00fcr\u00fc Sn. Alaattin Kurt ile bir r\u00f6portaj ger\u00e7ekle\u015ftirdik.","breadcrumb":{"@id":"https:\/\/e-marineeducation.com\/tr\/roportaj-arkas-deniz-ticaret-filosu-insan-kaynaklari-muduru-alaattin-kurt\/#breadcrumb"},"inLanguage":"tr","potentialAction":[{"@type":"ReadAction","target":["https:\/\/e-marineeducation.com\/tr\/roportaj-arkas-deniz-ticaret-filosu-insan-kaynaklari-muduru-alaattin-kurt\/"]}]},{"@type":"ImageObject","inLanguage":"tr","@id":"https:\/\/e-marineeducation.com\/tr\/roportaj-arkas-deniz-ticaret-filosu-insan-kaynaklari-muduru-alaattin-kurt\/#primaryimage","url":"https:\/\/e-marineeducation.com\/tr\/wp-content\/uploads\/Arkas-Simge.png","contentUrl":"https:\/\/e-marineeducation.com\/tr\/wp-content\/uploads\/Arkas-Simge.png","width":"74","height":"74"},{"@type":"BreadcrumbList","@id":"https:\/\/e-marineeducation.com\/tr\/roportaj-arkas-deniz-ticaret-filosu-insan-kaynaklari-muduru-alaattin-kurt\/#breadcrumb","itemListElement":[{"@type":"ListItem","position":1,"name":"Ana sayfa","item":"https:\/\/e-marineeducation.com\/tr\/"},{"@type":"ListItem","position":2,"name":"R\u00f6portaj: Arkas Deniz Ticaret Filosu \u0130nsan Kaynaklar\u0131 M\u00fcd\u00fcr\u00fc Sn. Alaattin Kurt"}]},{"@type":"WebSite","@id":"https:\/\/e-marineeducation.com\/tr\/#website","url":"https:\/\/e-marineeducation.com\/tr\/","name":"e-MarineEducation.com","description":"Denizcilik E\u011fitimine Yeni Bir Bak\u0131\u015f A\u00e7\u0131s\u0131","potentialAction":[{"@type":"SearchAction","target":{"@type":"EntryPoint","urlTemplate":"https:\/\/e-marineeducation.com\/tr\/?s={search_term_string}"},"query-input":{"@type":"PropertyValueSpecification","valueRequired":true,"valueName":"search_term_string"}}],"inLanguage":"tr"},{"@type":"Person","@id":"https:\/\/e-marineeducation.com\/tr\/#\/schema\/person\/f7f32de91b2efb12f23950a06aad9e36","name":"Dr. Aybars Oru\u00e7","image":{"@type":"ImageObject","inLanguage":"tr","@id":"https:\/\/e-marineeducation.com\/tr\/wp-content\/uploads\/avatars\/1\/1713307065-bpfull.jpg","url":"https:\/\/e-marineeducation.com\/tr\/wp-content\/uploads\/avatars\/1\/1713307065-bpfull.jpg","contentUrl":"https:\/\/e-marineeducation.com\/tr\/wp-content\/uploads\/avatars\/1\/1713307065-bpfull.jpg","caption":"Dr. Aybars Oru\u00e7"},"description":"Dr. Aybars Oruc, e-MarineEducation.com'un kurucusudur. \u015eu anda Tallinn Teknoloji \u00dcniversitesi'ndeki Denizcilik Siber G\u00fcvenlik Merkezi'nde doktor ara\u015ft\u0131rmac\u0131 olarak \u00e7al\u0131\u015fmaktad\u0131r. Doktora (PhD) derecesini Norve\u00e7 Bilim ve Teknoloji \u00dcniversitesi'nden (NTNU) alm\u0131\u015ft\u0131r. \u00c7e\u015fitli tip ve tonajlardaki gemielrde \u00e7al\u0131\u015ft\u0131ktan sonra karaya ge\u00e7mi\u015f ve enspekt\u00f6r olarak \u00e7al\u0131\u015fm\u0131\u015ft\u0131r. Teknik ve operasyonel y\u00f6nlerin yan\u0131 s\u0131ra insan fakt\u00f6rlerini de i\u00e7eren geni\u015f bir yelpazede denizcilik siber g\u00fcvenli\u011fi \u00fczerine bilimsel ara\u015ft\u0131rmalar yapmaktad\u0131r. Uluslararas\u0131 Denizcilik \u00d6rg\u00fct\u00fc (IMO) taraf\u0131ndan bir ay s\u00fcreyle ara\u015ft\u0131rmalar\u0131n\u0131 y\u00fcr\u00fctmek \u00fczere kabul edilmi\u015ftir. Dr. Aybars Oruc, \u00f6zel ve askeri kurumlar dahil olmak \u00fczere klas kurulu\u015flar\u0131na, sigorta \u015firketlerine, Ar-Ge firmalar\u0131na, sahil g\u00fcvenlik ve donanma kuvvetlerine denizcilik siber g\u00fcvenli\u011fi konusunda bir\u00e7ok seminer vermi\u015ftir. 2022 y\u0131l\u0131nda NATO\u2019nun siber g\u00fcvenlik konferans\u0131 (CyCon) kapsam\u0131nda Davetli Konu\u015fmac\u0131 olarak yer alm\u0131\u015f ve \u00e7al\u0131\u015fmalar\u0131n\u0131 geni\u015f bir kitleyle payla\u015fm\u0131\u015ft\u0131r.","sameAs":["https:\/\/e-marineeducation.com\/tr\/profil-aybars-oruc\/","https:\/\/www.facebook.com\/oruc.aybars","https:\/\/www.instagram.com\/orucaybars\/","https:\/\/www.linkedin.com\/in\/aybarsoruc","https:\/\/x.com\/aybarsoruc"],"url":"https:\/\/e-marineeducation.com\/tr\/author\/denizci88\/"}]}},"_links":{"self":[{"href":"https:\/\/e-marineeducation.com\/tr\/wp-json\/wp\/v2\/posts\/7107","targetHints":{"allow":["GET"]}}],"collection":[{"href":"https:\/\/e-marineeducation.com\/tr\/wp-json\/wp\/v2\/posts"}],"about":[{"href":"https:\/\/e-marineeducation.com\/tr\/wp-json\/wp\/v2\/types\/post"}],"author":[{"embeddable":true,"href":"https:\/\/e-marineeducation.com\/tr\/wp-json\/wp\/v2\/users\/1"}],"replies":[{"embeddable":true,"href":"https:\/\/e-marineeducation.com\/tr\/wp-json\/wp\/v2\/comments?post=7107"}],"version-history":[{"count":0,"href":"https:\/\/e-marineeducation.com\/tr\/wp-json\/wp\/v2\/posts\/7107\/revisions"}],"wp:featuredmedia":[{"embeddable":true,"href":"https:\/\/e-marineeducation.com\/tr\/wp-json\/wp\/v2\/media\/7110"}],"wp:attachment":[{"href":"https:\/\/e-marineeducation.com\/tr\/wp-json\/wp\/v2\/media?parent=7107"}],"wp:term":[{"taxonomy":"category","embeddable":true,"href":"https:\/\/e-marineeducation.com\/tr\/wp-json\/wp\/v2\/categories?post=7107"},{"taxonomy":"post_tag","embeddable":true,"href":"https:\/\/e-marineeducation.com\/tr\/wp-json\/wp\/v2\/tags?post=7107"}],"curies":[{"name":"wp","href":"https:\/\/api.w.org\/{rel}","templated":true}]}}