

{"id":30879,"date":"2019-05-01T12:48:30","date_gmt":"2019-05-01T09:48:30","guid":{"rendered":"https:\/\/e-marineeducation.com\/tr\/?p=30879"},"modified":"2019-05-01T13:10:28","modified_gmt":"2019-05-01T10:10:28","slug":"itu-denizcilik-arastirmalari-kulubunden-genc-denizciler-zirvesi","status":"publish","type":"post","link":"https:\/\/e-marineeducation.com\/tr\/itu-denizcilik-arastirmalari-kulubunden-genc-denizciler-zirvesi\/","title":{"rendered":"\u0130T\u00dc Denizcilik Ara\u015ft\u0131rmalar\u0131 Kul\u00fcb\u00fc&#8217;nden Gen\u00e7 Denizciler Zirvesi"},"content":{"rendered":"<p style=\"text-align: justify;\"><img loading=\"lazy\" decoding=\"async\" class=\"alignleft size-full wp-image-30881\" src=\"https:\/\/e-marineeducation.com\/tr\/wp-content\/uploads\/\u0130T\u00dc-Denark-Logo.jpg\" alt=\"\" width=\"127\" height=\"127\" \/>\u0130stanbul Teknik \u00dcniversitesi <em><span style=\"color: #3498db;\">Denizcilik Ara\u015ft\u0131rmalar\u0131 Kul\u00fcb\u00fc<\/span> <\/em>(DENARK) taraf\u0131ndan <span style=\"color: #3498db;\"><em>05 May\u0131s 2019<\/em><\/span>, Pazar g\u00fcn\u00fc d\u00fczenlenecek olan<span style=\"color: #3498db;\"><em> Ulusal<\/em><\/span> <span style=\"color: #3498db;\"><em>Gen\u00e7 Denizciler Zirvesi<\/em><\/span> i\u00e7in geri say\u0131m ba\u015flad\u0131. 10:00 &#8211; 19:00 saatleri aras\u0131nda d\u00fczenlen zirve kat\u0131l\u0131mc\u0131lar\u0131n tekne gezisine \u00e7\u0131kmas\u0131yla sona erecek.<\/p>\n<p style=\"text-align: justify;\">Ulusal denizcilik d\u00fcnyas\u0131n\u0131 bir araya getirerek ortak bir geli\u015fim platformu sunan Gen\u00e7 Denizcilik Zirvesi, bu y\u0131l ilk kez kap\u0131lar\u0131n\u0131 aralayacak. Zirve, denizcilik sekt\u00f6r\u00fcndeki i\u015f f\u0131rsatlar\u0131 ana temas\u0131yla \u0130stanbul Teknik \u00dcniversitesi Denizcilik Fak\u00fcltesi konferans salonunda d\u00fczenlenecek. Etkinli\u011fin ana sponsorlu\u011funu <em><span style=\"color: #3498db;\">Alfa Laval<\/span><\/em> \u015firketi \u00fcstlenerek zirvenin d\u00fczenlenmesinde \u00f6nemli bir katk\u0131 sa\u011flam\u0131\u015ft\u0131r.<\/p>\n<p style=\"text-align: justify;\">Etkinlik sadece \u0130T\u00dc \u00f6\u011frenci ve akademisyenlerine de\u011fil, denizcilik sekt\u00f6r\u00fcnde yer alan t\u00fcm isteklilerin kat\u0131l\u0131m\u0131na a\u00e7\u0131kt\u0131r ve \u00fccretsizdir. Salon kapasitesi sebebi ile kontenjan s\u0131n\u0131rl\u0131 olup kat\u0131l\u0131m g\u00f6stermek isteyen ki\u015filerin a\u015fa\u011f\u0131da eri\u015fim linki yer alan form \u00fczerinden \u00f6n kay\u0131t yapt\u0131rmas\u0131 gereklidir.<\/p>\n<p><strong>Link:<\/strong> <span style=\"text-decoration: underline;\"><span style=\"color: #3498db;\"><a style=\"color: #3498db; text-decoration: underline;\" href=\"https:\/\/docs.google.com\/forms\/d\/e\/1FAIpQLSe3P_Wi1tUCb9tTANebtyoNwLc-3fWiTxUzfdoO7F5kC6PQfQ\/viewform\" target=\"_blank\" rel=\"noopener noreferrer\">https:\/\/docs.google.com\/forms\/d\/e\/1FAIpQLSe3P<\/a><\/span><\/span><\/p>\n<p style=\"text-align: justify;\"><span style=\"color: #3498db;\"><em>e-MarineEducation.com<\/em><\/span>&#8216;un da sosyal medya sponsoru oldu\u011fu organizasyonda <span style=\"color: #3498db;\"><em>\u0130T\u00dc Denizcilik Ara\u015ft\u0131rmalar\u0131 Kul\u00fcb\u00fc<\/em><\/span>&#8216;ne d\u00fczenledikleri ve t\u00fcm denizcilik sekt\u00f6r\u00fcn\u00fcn kat\u0131l\u0131m\u0131na a\u00e7t\u0131klar\u0131 organizasyon i\u00e7in te\u015fekk\u00fcr eder; T\u00fcrk Denizcili\u011fi&#8217;ne olan de\u011ferli katk\u0131lar\u0131n\u0131n s\u00fcrmesini temenni ederiz.<\/p>\n<p><span style=\"text-decoration: underline;\">\u0130leti\u015fim<\/span>: itudenark@gmail.com<\/p>\n<p style=\"text-align: justify;\"><strong>ETK\u0130NL\u0130K PROGRAMI<\/strong><br \/>\n09:30-10:00 Kay\u0131t G\u00fcncelleme<\/p>\n<p style=\"text-align: justify;\">10:00-10:30 A\u00e7\u0131l\u0131\u015f Konu\u015fmalar\u0131<\/p>\n<p style=\"text-align: justify;\">10:30-11:30 I. OTURUM<br \/>\nKurtarma Operasyonlar\u0131<\/p>\n<p style=\"text-align: justify;\">11:45-12:45 II. OTURUM<br \/>\nDo\u011fu Akdeniz\u2019deki Sorunlar<\/p>\n<p style=\"text-align: justify;\">12:45-13.00 Denark-Sirius DERG\u0130 TANITIMI<\/p>\n<p style=\"text-align: justify;\">13:00-13:45 Yemek Aras\u0131<\/p>\n<p style=\"text-align: justify;\">14:00-15:00 III. OTURUM<br \/>\nLiman \u0130\u015flemleri ve Brokerl\u0131k<\/p>\n<p style=\"text-align: justify;\">15:00-15:30 IV. OTURUM<br \/>\nGemi \u0130n\u015fa ve Tersaneler<\/p>\n<p style=\"text-align: justify;\">15:30-16:15 V. OTURUM<br \/>\nT\u00fcrk Denizcili\u011finin Gelece\u011fine K\u0131sa Bir Bak\u0131\u015f<\/p>\n<p style=\"text-align: justify;\">16:30-17:00 \u0130BB Oda Orkestras\u0131 Dinletisi<\/p>\n<p style=\"text-align: justify;\">17:15-18:15 VI. OTURUM<br \/>\nAntarktika&#8217;ya Bayrak Dikenler<\/p>\n<p style=\"text-align: justify;\">18:30-19:00 VII. OTURUM<br \/>\nDenizcilikte Ba\u011flanma<\/p>\n<p style=\"text-align: justify;\">19:00 \u2013 22:30 Tekne Turu<\/p>\n<p style=\"text-align: justify;\"><strong>I. OTURUM: <\/strong>Kurtarma Operasyonlar\u0131<br \/>\nT\u00fcrkiye\u2019de uygulanan kurtarma operasyonlar\u0131 hakk\u0131nda geni\u015f kapsaml\u0131 bilgi payla\u015f\u0131m\u0131n\u0131n yap\u0131laca\u011f\u0131 bu oturumda, bo\u011fazlar\u0131n riskleri, kurtarma operasyonlar\u0131nda d\u00fcnyadaki geli\u015fmeler, \u00fclkemizin mevcut durumu gibi konulara de\u011finilecektir.<br \/>\nKonu\u015fmac\u0131: K\u0131y\u0131 Emniyeti Genel M\u00fcd\u00fcrl\u00fc\u011f\u00fc Kaptan \u00d6mer ASMALI<\/p>\n<p style=\"text-align: justify;\"><strong>II. OTURUM:\u00a0<\/strong> Do\u011fu Akdeniz\u2019deki Sorunlar<br \/>\nGe\u00e7mi\u015ften g\u00fcn\u00fcm\u00fcze gelen M\u00fcnhas\u0131r Ekonomik B\u00f6lge alanlar\u0131ndan kaynakl\u0131 sorunlar son g\u00fcnlerde s\u0131k s\u0131k kar\u015f\u0131m\u0131za \u00e7\u0131kmaktad\u0131r. Bu konulara ili\u015fkin g\u00fcncel de\u011ferlendirmelerin yap\u0131laca\u011f\u0131 oturumda konu\u015fmac\u0131m\u0131z Do\u011fu Akdeniz\u2019de d\u00fcnden bug\u00fcne i\u015fleyen s\u00fcreci anlatacakt\u0131r.<\/p>\n<p style=\"text-align: justify;\"><span style=\"text-decoration: underline;\">Konu\u015fmac<\/span>\u0131: Emekli Oramiral Muzaffer Metin ATA\u00c7 &#8211; Piri Reis \u00dcniversitesi M\u00fctevelli Heyeti \u00fcyesi<\/p>\n<p style=\"text-align: justify;\"><strong>III. OTURUM:<\/strong> Liman \u0130\u015flemleri ve Brokerl\u0131k<br \/>\nLiman olmazsa denizcilik de olmaz. Bu do\u011frultuda limanda gemilere uygulanan kurallar, T\u00fcrk limanlar\u0131n\u0131n yap\u0131s\u0131 konular\u0131n\u0131n yan\u0131 s\u0131ra gemi brokerl\u0131\u011f\u0131n\u0131n limanlardaki prosed\u00fcrleri, hesaplamalar\u0131 ve sekt\u00f6rde dikkate edilen detaylar hakk\u0131nda bilgi aktar\u0131m\u0131 yap\u0131lacakt\u0131r<\/p>\n<p style=\"text-align: justify;\"><span style=\"text-decoration: underline;\">Konu\u015fmac\u0131lar<\/span>:<br \/>\n\u00d6zg\u00fcr SOY &#8211; Kumport CEO<br \/>\nT\u00fclin \u015eENDUR &#8211; Stemar Denizcilik Gemi Kiralama E\u011fitim ve Dan\u0131\u015fmanl\u0131k \u015eirketi Kurucu Orta\u011f\u0131<\/p>\n<p style=\"text-align: justify;\"><strong>IV. OTURUM:<\/strong> Gemi \u0130n\u015fa ve Tersaneler<br \/>\nGemi in\u015fa s\u00fcre\u00e7leri, tersanelerde gemilerin periyodik bak\u0131mlar\u0131 vb. konularda bilgi aktar\u0131m\u0131n\u0131n yap\u0131laca\u011f\u0131 bu oturumda konuklar\u0131m\u0131z ge\u00e7mi\u015f tecr\u00fcbelerinden gelece\u011fe bak\u0131\u015f a\u00e7\u0131s\u0131 sunacaklard\u0131r.<\/p>\n<p style=\"text-align: justify;\"><span style=\"text-decoration: underline;\">Konu\u015fmac\u0131<\/span>: Uzakyol Kaptan\u0131 Levent BAKTIR &#8211; Xone Superyacht Group Kurucusu<\/p>\n<p style=\"text-align: justify;\"><strong>V. OTURUM:<\/strong> T\u00fcrk Denizcili\u011finin Gelece\u011fine K\u0131sa Bir Bak\u0131\u015f<br \/>\n\u00dc\u00e7 taraf\u0131 denizlerle \u00e7evrili \u00fclkemizde denizcili\u011fin \u00f6nemi her ge\u00e7en g\u00fcn artmaktad\u0131r. Denizcili\u011fimizin \u00e7ok daha \u00fcst d\u00fczeye \u00e7\u0131kmas\u0131 i\u00e7in neler yap\u0131lmal\u0131, gelecekte bizleri neler bekliyor, teknolojinin geli\u015fmesiyle ortaya \u00e7\u0131kan yeni projelerde \u00fclkemiz nerede gibi sorular\u0131n yan\u0131t\u0131n\u0131 konu\u015fmac\u0131m\u0131z \u00f6nderli\u011finde arayaca\u011f\u0131z.<\/p>\n<p style=\"text-align: justify;\"><span style=\"text-decoration: underline;\">Konu\u015fmac\u0131<\/span>: Dr. &#8211; Uzakyol Kaptan\u0131 \u00d6zkan POYRAZ &#8211; \u0130T\u00dc Denizcilik Fak\u00fcltesi \u00d6\u011fretim \u00dcyesi<\/p>\n<p style=\"text-align: justify;\"><strong>VI. OTURUM:<\/strong> Antarktika&#8217;ya Bayrak Dikenler<br \/>\n\u00d6zel anla\u015fmalarla korunan ve sadece insanl\u0131k yarar\u0131na bilimsel ara\u015ft\u0131rmalar i\u00e7in yerle\u015filebilen Antarktika&#8217;da bayra\u011f\u0131m\u0131z\u0131 dalgaland\u0131r\u0131p orada ilk bilim \u00fcss\u00fcm\u00fcz kuran konu\u015fmac\u0131lar\u0131m\u0131zdan son seferin \u00fczerinden \u00e7ok k\u0131sa bir zaman ge\u00e7mi\u015fken g\u00fcncel durumu, tecr\u00fcbelerini, oradaki hedeflerimizi, gerek denizcilik olarak gerekse akademik olarak Gen\u00e7 Denizcilerin neler yapabilece\u011fini konu\u015faca\u011f\u0131z.<\/p>\n<p style=\"text-align: justify;\"><span style=\"text-decoration: underline;\">Konu\u015fmac\u0131lar<\/span>:<br \/>\nDo\u00e7. Dr. Burcu \u00d6ZSOY &#8211; Antarktika Bilim Seferi Lideri<br \/>\nAr. G\u00f6r. Sinan Y\u0130RM\u0130BE\u015eO\u011eLU &#8211; I. Ulusal Antarktik Sefer<br \/>\nAr. G\u00f6r. \u00d6zg\u00fcn OKTAR &#8211; II. Ulusal Antarktik Seferi Lojisti\u011fi<\/p>\n<p style=\"text-align: justify;\"><strong>VII. OTURUM:<\/strong> Denizcilikte Ba\u011flanma<br \/>\nDenizcilik sadece dalgal\u0131 f\u0131rt\u0131nalar\u0131 sebebiyle de\u011fil i\u00e7imizdeki f\u0131rt\u0131nalar sebebiyle de zorlu bir meslektir. Bu zorluklarla m\u00fccadele y\u00f6ntemleri, sorunlar kar\u015f\u0131s\u0131nda alaca\u011f\u0131m\u0131z \u00f6nlemleri ve denizdeki ya\u015fama nas\u0131l uyum sa\u011flayaca\u011f\u0131m\u0131z\u0131 konu\u015faca\u011f\u0131m\u0131z oturumumuz kat\u0131l\u0131m belgesiyle sonu\u00e7lanacakt\u0131r.<\/p>\n<p style=\"text-align: justify;\"><span style=\"text-decoration: underline;\">Konu\u015fmac\u0131<\/span>: Uzman Psikolojik Dan\u0131\u015fman Beria TOPTA\u015e &#8211; Kad\u0131k\u00f6y Rehberlik ve Ara\u015ft\u0131rma Merkezi<\/p>\n<p><img loading=\"lazy\" decoding=\"async\" class=\"aligncenter size-full wp-image-30892\" src=\"https:\/\/e-marineeducation.com\/tr\/wp-content\/uploads\/Gen\u00e7-Denizciler-Zirvesi-Afi\u015fi.png\" alt=\"\" width=\"600\" height=\"901\" srcset=\"https:\/\/e-marineeducation.com\/tr\/wp-content\/uploads\/Gen\u00e7-Denizciler-Zirvesi-Afi\u015fi.png 600w, https:\/\/e-marineeducation.com\/tr\/wp-content\/uploads\/Gen\u00e7-Denizciler-Zirvesi-Afi\u015fi-100x150.png 100w, https:\/\/e-marineeducation.com\/tr\/wp-content\/uploads\/Gen\u00e7-Denizciler-Zirvesi-Afi\u015fi-200x300.png 200w, https:\/\/e-marineeducation.com\/tr\/wp-content\/uploads\/Gen\u00e7-Denizciler-Zirvesi-Afi\u015fi-107x160.png 107w\" sizes=\"auto, (max-width: 600px) 100vw, 600px\" \/><\/p>\n","protected":false},"excerpt":{"rendered":"<p>\u0130stanbul Teknik \u00dcniversitesi Denizcilik Ara\u015ft\u0131rmalar\u0131 Kul\u00fcb\u00fc (DENARK) taraf\u0131ndan 05 May\u0131s 2019, Pazar g\u00fcn\u00fc d\u00fczenlenecek olan Ulusal Gen\u00e7 Denizciler Zirvesi i\u00e7in geri say\u0131m ba\u015flad\u0131. 10:00 &#8211; 19:00 saatleri aras\u0131nda d\u00fczenlen zirve kat\u0131l\u0131mc\u0131lar\u0131n tekne gezisine \u00e7\u0131kmas\u0131yla sona erecek. Ulusal denizcilik d\u00fcnyas\u0131n\u0131 bir araya getirerek ortak bir geli\u015fim platformu sunan Gen\u00e7 Denizcilik Zirvesi, bu y\u0131l ilk kez kap\u0131lar\u0131n\u0131 &hellip;<\/p>\n","protected":false},"author":1,"featured_media":30888,"comment_status":"open","ping_status":"closed","sticky":false,"template":"","format":"standard","meta":{"_acf_changed":false,"_bbp_topic_count":0,"_bbp_reply_count":0,"_bbp_total_topic_count":0,"_bbp_total_reply_count":0,"_bbp_voice_count":0,"_bbp_anonymous_reply_count":0,"_bbp_topic_count_hidden":0,"_bbp_reply_count_hidden":0,"_bbp_forum_subforum_count":0,"footnotes":""},"categories":[18],"tags":[4993,4992],"class_list":["post-30879","post","type-post","status-publish","format-standard","has-post-thumbnail","","category-haberler","tag-genc-denizciler-zirvesi","tag-itu-denizcilik-arastirmalari-kulubu"],"acf":[],"yoast_head":"<!-- This site is optimized with the Yoast SEO plugin v27.4 - https:\/\/yoast.com\/product\/yoast-seo-wordpress\/ -->\n<title>\u0130T\u00dc Denizcilik Ara\u015ft\u0131rmalar\u0131 Kul\u00fcb\u00fc&#039;nden Gen\u00e7 Denizciler Zirvesi - e-MarineEducation.com<\/title>\n<meta name=\"description\" content=\"\u0130stanbul Teknik \u00dcniversitesi Denizcilik Ara\u015ft\u0131rmalar\u0131 Kul\u00fcb\u00fc (DENARK) taraf\u0131ndan 05 May\u0131s 2019 tarihinde Ulusal Gen\u00e7 Denizciler Zirvesi d\u00fczenleniyor.\" \/>\n<meta name=\"robots\" content=\"index, follow, max-snippet:-1, max-image-preview:large, max-video-preview:-1\" \/>\n<link rel=\"canonical\" href=\"https:\/\/e-marineeducation.com\/tr\/itu-denizcilik-arastirmalari-kulubunden-genc-denizciler-zirvesi\/\" \/>\n<meta property=\"og:locale\" content=\"tr_TR\" \/>\n<meta property=\"og:type\" content=\"article\" \/>\n<meta property=\"og:title\" content=\"\u0130T\u00dc Denizcilik Ara\u015ft\u0131rmalar\u0131 Kul\u00fcb\u00fc&#039;nden Gen\u00e7 Denizciler Zirvesi - e-MarineEducation.com\" \/>\n<meta property=\"og:description\" content=\"\u0130stanbul Teknik \u00dcniversitesi Denizcilik Ara\u015ft\u0131rmalar\u0131 Kul\u00fcb\u00fc (DENARK) taraf\u0131ndan 05 May\u0131s 2019 tarihinde Ulusal Gen\u00e7 Denizciler Zirvesi d\u00fczenleniyor.\" \/>\n<meta property=\"og:url\" content=\"https:\/\/e-marineeducation.com\/tr\/itu-denizcilik-arastirmalari-kulubunden-genc-denizciler-zirvesi\/\" \/>\n<meta property=\"og:site_name\" content=\"e-MarineEducation.com\" \/>\n<meta property=\"article:author\" content=\"https:\/\/www.facebook.com\/oruc.aybars\" \/>\n<meta property=\"article:published_time\" content=\"2019-05-01T09:48:30+00:00\" \/>\n<meta property=\"article:modified_time\" content=\"2019-05-01T10:10:28+00:00\" \/>\n<meta property=\"og:image\" content=\"https:\/\/e-marineeducation.com\/tr\/wp-content\/uploads\/\u0130T\u00dc-Denark-Man\u015fet.jpg\" \/>\n\t<meta property=\"og:image:width\" content=\"660\" \/>\n\t<meta property=\"og:image:height\" content=\"300\" \/>\n\t<meta property=\"og:image:type\" content=\"image\/jpeg\" \/>\n<meta name=\"author\" content=\"Dr. Aybars Oru\u00e7\" \/>\n<meta name=\"twitter:card\" content=\"summary_large_image\" \/>\n<meta name=\"twitter:creator\" content=\"@aybarsoruc\" \/>\n<meta name=\"twitter:label1\" content=\"Yazan:\" \/>\n\t<meta name=\"twitter:data1\" content=\"Dr. Aybars Oru\u00e7\" \/>\n\t<meta name=\"twitter:label2\" content=\"Tahmini okuma s\u00fcresi\" \/>\n\t<meta name=\"twitter:data2\" content=\"4 dakika\" \/>\n<script type=\"application\/ld+json\" class=\"yoast-schema-graph\">{\"@context\":\"https:\\\/\\\/schema.org\",\"@graph\":[{\"@type\":\"Article\",\"@id\":\"https:\\\/\\\/e-marineeducation.com\\\/tr\\\/itu-denizcilik-arastirmalari-kulubunden-genc-denizciler-zirvesi\\\/#article\",\"isPartOf\":{\"@id\":\"https:\\\/\\\/e-marineeducation.com\\\/tr\\\/itu-denizcilik-arastirmalari-kulubunden-genc-denizciler-zirvesi\\\/\"},\"author\":{\"name\":\"Dr. Aybars Oru\u00e7\",\"@id\":\"https:\\\/\\\/e-marineeducation.com\\\/tr\\\/#\\\/schema\\\/person\\\/f7f32de91b2efb12f23950a06aad9e36\"},\"headline\":\"\u0130T\u00dc Denizcilik Ara\u015ft\u0131rmalar\u0131 Kul\u00fcb\u00fc&#8217;nden Gen\u00e7 Denizciler Zirvesi\",\"datePublished\":\"2019-05-01T09:48:30+00:00\",\"dateModified\":\"2019-05-01T10:10:28+00:00\",\"mainEntityOfPage\":{\"@id\":\"https:\\\/\\\/e-marineeducation.com\\\/tr\\\/itu-denizcilik-arastirmalari-kulubunden-genc-denizciler-zirvesi\\\/\"},\"wordCount\":880,\"commentCount\":0,\"image\":{\"@id\":\"https:\\\/\\\/e-marineeducation.com\\\/tr\\\/itu-denizcilik-arastirmalari-kulubunden-genc-denizciler-zirvesi\\\/#primaryimage\"},\"thumbnailUrl\":\"https:\\\/\\\/e-marineeducation.com\\\/tr\\\/wp-content\\\/uploads\\\/\u0130T\u00dc-Denark-Man\u015fet.jpg\",\"keywords\":[\"Gen\u00e7 Denizciler Zirvesi\",\"\u0130T\u00dc Denizcilik Ara\u015ft\u0131rmalar\u0131 Kul\u00fcb\u00fc\"],\"articleSection\":[\"Haberler\"],\"inLanguage\":\"tr\",\"potentialAction\":[{\"@type\":\"CommentAction\",\"name\":\"Comment\",\"target\":[\"https:\\\/\\\/e-marineeducation.com\\\/tr\\\/itu-denizcilik-arastirmalari-kulubunden-genc-denizciler-zirvesi\\\/#respond\"]}]},{\"@type\":\"WebPage\",\"@id\":\"https:\\\/\\\/e-marineeducation.com\\\/tr\\\/itu-denizcilik-arastirmalari-kulubunden-genc-denizciler-zirvesi\\\/\",\"url\":\"https:\\\/\\\/e-marineeducation.com\\\/tr\\\/itu-denizcilik-arastirmalari-kulubunden-genc-denizciler-zirvesi\\\/\",\"name\":\"\u0130T\u00dc Denizcilik Ara\u015ft\u0131rmalar\u0131 Kul\u00fcb\u00fc'nden Gen\u00e7 Denizciler Zirvesi - e-MarineEducation.com\",\"isPartOf\":{\"@id\":\"https:\\\/\\\/e-marineeducation.com\\\/tr\\\/#website\"},\"primaryImageOfPage\":{\"@id\":\"https:\\\/\\\/e-marineeducation.com\\\/tr\\\/itu-denizcilik-arastirmalari-kulubunden-genc-denizciler-zirvesi\\\/#primaryimage\"},\"image\":{\"@id\":\"https:\\\/\\\/e-marineeducation.com\\\/tr\\\/itu-denizcilik-arastirmalari-kulubunden-genc-denizciler-zirvesi\\\/#primaryimage\"},\"thumbnailUrl\":\"https:\\\/\\\/e-marineeducation.com\\\/tr\\\/wp-content\\\/uploads\\\/\u0130T\u00dc-Denark-Man\u015fet.jpg\",\"datePublished\":\"2019-05-01T09:48:30+00:00\",\"dateModified\":\"2019-05-01T10:10:28+00:00\",\"author\":{\"@id\":\"https:\\\/\\\/e-marineeducation.com\\\/tr\\\/#\\\/schema\\\/person\\\/f7f32de91b2efb12f23950a06aad9e36\"},\"description\":\"\u0130stanbul Teknik \u00dcniversitesi Denizcilik Ara\u015ft\u0131rmalar\u0131 Kul\u00fcb\u00fc (DENARK) taraf\u0131ndan 05 May\u0131s 2019 tarihinde Ulusal Gen\u00e7 Denizciler Zirvesi d\u00fczenleniyor.\",\"breadcrumb\":{\"@id\":\"https:\\\/\\\/e-marineeducation.com\\\/tr\\\/itu-denizcilik-arastirmalari-kulubunden-genc-denizciler-zirvesi\\\/#breadcrumb\"},\"inLanguage\":\"tr\",\"potentialAction\":[{\"@type\":\"ReadAction\",\"target\":[\"https:\\\/\\\/e-marineeducation.com\\\/tr\\\/itu-denizcilik-arastirmalari-kulubunden-genc-denizciler-zirvesi\\\/\"]}]},{\"@type\":\"ImageObject\",\"inLanguage\":\"tr\",\"@id\":\"https:\\\/\\\/e-marineeducation.com\\\/tr\\\/itu-denizcilik-arastirmalari-kulubunden-genc-denizciler-zirvesi\\\/#primaryimage\",\"url\":\"https:\\\/\\\/e-marineeducation.com\\\/tr\\\/wp-content\\\/uploads\\\/\u0130T\u00dc-Denark-Man\u015fet.jpg\",\"contentUrl\":\"https:\\\/\\\/e-marineeducation.com\\\/tr\\\/wp-content\\\/uploads\\\/\u0130T\u00dc-Denark-Man\u015fet.jpg\",\"width\":660,\"height\":300},{\"@type\":\"BreadcrumbList\",\"@id\":\"https:\\\/\\\/e-marineeducation.com\\\/tr\\\/itu-denizcilik-arastirmalari-kulubunden-genc-denizciler-zirvesi\\\/#breadcrumb\",\"itemListElement\":[{\"@type\":\"ListItem\",\"position\":1,\"name\":\"Ana sayfa\",\"item\":\"https:\\\/\\\/e-marineeducation.com\\\/tr\\\/\"},{\"@type\":\"ListItem\",\"position\":2,\"name\":\"\u0130T\u00dc Denizcilik Ara\u015ft\u0131rmalar\u0131 Kul\u00fcb\u00fc&#8217;nden Gen\u00e7 Denizciler Zirvesi\"}]},{\"@type\":\"WebSite\",\"@id\":\"https:\\\/\\\/e-marineeducation.com\\\/tr\\\/#website\",\"url\":\"https:\\\/\\\/e-marineeducation.com\\\/tr\\\/\",\"name\":\"e-MarineEducation.com\",\"description\":\"Denizcilik E\u011fitimine Yeni Bir Bak\u0131\u015f A\u00e7\u0131s\u0131\",\"potentialAction\":[{\"@type\":\"SearchAction\",\"target\":{\"@type\":\"EntryPoint\",\"urlTemplate\":\"https:\\\/\\\/e-marineeducation.com\\\/tr\\\/?s={search_term_string}\"},\"query-input\":{\"@type\":\"PropertyValueSpecification\",\"valueRequired\":true,\"valueName\":\"search_term_string\"}}],\"inLanguage\":\"tr\"},{\"@type\":\"Person\",\"@id\":\"https:\\\/\\\/e-marineeducation.com\\\/tr\\\/#\\\/schema\\\/person\\\/f7f32de91b2efb12f23950a06aad9e36\",\"name\":\"Dr. Aybars Oru\u00e7\",\"image\":{\"@type\":\"ImageObject\",\"inLanguage\":\"tr\",\"@id\":\"https:\\\/\\\/e-marineeducation.com\\\/tr\\\/wp-content\\\/uploads\\\/avatars\\\/1\\\/1713307065-bpfull.jpg\",\"url\":\"https:\\\/\\\/e-marineeducation.com\\\/tr\\\/wp-content\\\/uploads\\\/avatars\\\/1\\\/1713307065-bpfull.jpg\",\"contentUrl\":\"https:\\\/\\\/e-marineeducation.com\\\/tr\\\/wp-content\\\/uploads\\\/avatars\\\/1\\\/1713307065-bpfull.jpg\",\"caption\":\"Dr. Aybars Oru\u00e7\"},\"description\":\"Dr. Aybars Oruc, e-MarineEducation.com'un kurucusudur. \u015eu anda Tallinn Teknoloji \u00dcniversitesi'ndeki Denizcilik Siber G\u00fcvenlik Merkezi'nde doktor ara\u015ft\u0131rmac\u0131 olarak \u00e7al\u0131\u015fmaktad\u0131r. Doktora (PhD) derecesini Norve\u00e7 Bilim ve Teknoloji \u00dcniversitesi'nden (NTNU) alm\u0131\u015ft\u0131r. \u00c7e\u015fitli tip ve tonajlardaki gemielrde \u00e7al\u0131\u015ft\u0131ktan sonra karaya ge\u00e7mi\u015f ve enspekt\u00f6r olarak \u00e7al\u0131\u015fm\u0131\u015ft\u0131r. Teknik ve operasyonel y\u00f6nlerin yan\u0131 s\u0131ra insan fakt\u00f6rlerini de i\u00e7eren geni\u015f bir yelpazede denizcilik siber g\u00fcvenli\u011fi \u00fczerine bilimsel ara\u015ft\u0131rmalar yapmaktad\u0131r. Uluslararas\u0131 Denizcilik \u00d6rg\u00fct\u00fc (IMO) taraf\u0131ndan bir ay s\u00fcreyle ara\u015ft\u0131rmalar\u0131n\u0131 y\u00fcr\u00fctmek \u00fczere kabul edilmi\u015ftir. Dr. Aybars Oruc, \u00f6zel ve askeri kurumlar dahil olmak \u00fczere klas kurulu\u015flar\u0131na, sigorta \u015firketlerine, Ar-Ge firmalar\u0131na, sahil g\u00fcvenlik ve donanma kuvvetlerine denizcilik siber g\u00fcvenli\u011fi konusunda bir\u00e7ok seminer vermi\u015ftir. 2022 y\u0131l\u0131nda NATO\u2019nun siber g\u00fcvenlik konferans\u0131 (CyCon) kapsam\u0131nda Davetli Konu\u015fmac\u0131 olarak yer alm\u0131\u015f ve \u00e7al\u0131\u015fmalar\u0131n\u0131 geni\u015f bir kitleyle payla\u015fm\u0131\u015ft\u0131r.\",\"sameAs\":[\"https:\\\/\\\/e-marineeducation.com\\\/tr\\\/profil-aybars-oruc\\\/\",\"https:\\\/\\\/www.facebook.com\\\/oruc.aybars\",\"https:\\\/\\\/www.instagram.com\\\/orucaybars\\\/\",\"https:\\\/\\\/www.linkedin.com\\\/in\\\/aybarsoruc\",\"https:\\\/\\\/x.com\\\/aybarsoruc\"],\"url\":\"https:\\\/\\\/e-marineeducation.com\\\/tr\\\/author\\\/denizci88\\\/\"}]}<\/script>\n<!-- \/ Yoast SEO plugin. -->","yoast_head_json":{"title":"\u0130T\u00dc Denizcilik Ara\u015ft\u0131rmalar\u0131 Kul\u00fcb\u00fc'nden Gen\u00e7 Denizciler Zirvesi - e-MarineEducation.com","description":"\u0130stanbul Teknik \u00dcniversitesi Denizcilik Ara\u015ft\u0131rmalar\u0131 Kul\u00fcb\u00fc (DENARK) taraf\u0131ndan 05 May\u0131s 2019 tarihinde Ulusal Gen\u00e7 Denizciler Zirvesi d\u00fczenleniyor.","robots":{"index":"index","follow":"follow","max-snippet":"max-snippet:-1","max-image-preview":"max-image-preview:large","max-video-preview":"max-video-preview:-1"},"canonical":"https:\/\/e-marineeducation.com\/tr\/itu-denizcilik-arastirmalari-kulubunden-genc-denizciler-zirvesi\/","og_locale":"tr_TR","og_type":"article","og_title":"\u0130T\u00dc Denizcilik Ara\u015ft\u0131rmalar\u0131 Kul\u00fcb\u00fc'nden Gen\u00e7 Denizciler Zirvesi - e-MarineEducation.com","og_description":"\u0130stanbul Teknik \u00dcniversitesi Denizcilik Ara\u015ft\u0131rmalar\u0131 Kul\u00fcb\u00fc (DENARK) taraf\u0131ndan 05 May\u0131s 2019 tarihinde Ulusal Gen\u00e7 Denizciler Zirvesi d\u00fczenleniyor.","og_url":"https:\/\/e-marineeducation.com\/tr\/itu-denizcilik-arastirmalari-kulubunden-genc-denizciler-zirvesi\/","og_site_name":"e-MarineEducation.com","article_author":"https:\/\/www.facebook.com\/oruc.aybars","article_published_time":"2019-05-01T09:48:30+00:00","article_modified_time":"2019-05-01T10:10:28+00:00","og_image":[{"width":660,"height":300,"url":"https:\/\/e-marineeducation.com\/tr\/wp-content\/uploads\/\u0130T\u00dc-Denark-Man\u015fet.jpg","type":"image\/jpeg"}],"author":"Dr. Aybars Oru\u00e7","twitter_card":"summary_large_image","twitter_creator":"@aybarsoruc","twitter_misc":{"Yazan:":"Dr. Aybars Oru\u00e7","Tahmini okuma s\u00fcresi":"4 dakika"},"schema":{"@context":"https:\/\/schema.org","@graph":[{"@type":"Article","@id":"https:\/\/e-marineeducation.com\/tr\/itu-denizcilik-arastirmalari-kulubunden-genc-denizciler-zirvesi\/#article","isPartOf":{"@id":"https:\/\/e-marineeducation.com\/tr\/itu-denizcilik-arastirmalari-kulubunden-genc-denizciler-zirvesi\/"},"author":{"name":"Dr. Aybars Oru\u00e7","@id":"https:\/\/e-marineeducation.com\/tr\/#\/schema\/person\/f7f32de91b2efb12f23950a06aad9e36"},"headline":"\u0130T\u00dc Denizcilik Ara\u015ft\u0131rmalar\u0131 Kul\u00fcb\u00fc&#8217;nden Gen\u00e7 Denizciler Zirvesi","datePublished":"2019-05-01T09:48:30+00:00","dateModified":"2019-05-01T10:10:28+00:00","mainEntityOfPage":{"@id":"https:\/\/e-marineeducation.com\/tr\/itu-denizcilik-arastirmalari-kulubunden-genc-denizciler-zirvesi\/"},"wordCount":880,"commentCount":0,"image":{"@id":"https:\/\/e-marineeducation.com\/tr\/itu-denizcilik-arastirmalari-kulubunden-genc-denizciler-zirvesi\/#primaryimage"},"thumbnailUrl":"https:\/\/e-marineeducation.com\/tr\/wp-content\/uploads\/\u0130T\u00dc-Denark-Man\u015fet.jpg","keywords":["Gen\u00e7 Denizciler Zirvesi","\u0130T\u00dc Denizcilik Ara\u015ft\u0131rmalar\u0131 Kul\u00fcb\u00fc"],"articleSection":["Haberler"],"inLanguage":"tr","potentialAction":[{"@type":"CommentAction","name":"Comment","target":["https:\/\/e-marineeducation.com\/tr\/itu-denizcilik-arastirmalari-kulubunden-genc-denizciler-zirvesi\/#respond"]}]},{"@type":"WebPage","@id":"https:\/\/e-marineeducation.com\/tr\/itu-denizcilik-arastirmalari-kulubunden-genc-denizciler-zirvesi\/","url":"https:\/\/e-marineeducation.com\/tr\/itu-denizcilik-arastirmalari-kulubunden-genc-denizciler-zirvesi\/","name":"\u0130T\u00dc Denizcilik Ara\u015ft\u0131rmalar\u0131 Kul\u00fcb\u00fc'nden Gen\u00e7 Denizciler Zirvesi - e-MarineEducation.com","isPartOf":{"@id":"https:\/\/e-marineeducation.com\/tr\/#website"},"primaryImageOfPage":{"@id":"https:\/\/e-marineeducation.com\/tr\/itu-denizcilik-arastirmalari-kulubunden-genc-denizciler-zirvesi\/#primaryimage"},"image":{"@id":"https:\/\/e-marineeducation.com\/tr\/itu-denizcilik-arastirmalari-kulubunden-genc-denizciler-zirvesi\/#primaryimage"},"thumbnailUrl":"https:\/\/e-marineeducation.com\/tr\/wp-content\/uploads\/\u0130T\u00dc-Denark-Man\u015fet.jpg","datePublished":"2019-05-01T09:48:30+00:00","dateModified":"2019-05-01T10:10:28+00:00","author":{"@id":"https:\/\/e-marineeducation.com\/tr\/#\/schema\/person\/f7f32de91b2efb12f23950a06aad9e36"},"description":"\u0130stanbul Teknik \u00dcniversitesi Denizcilik Ara\u015ft\u0131rmalar\u0131 Kul\u00fcb\u00fc (DENARK) taraf\u0131ndan 05 May\u0131s 2019 tarihinde Ulusal Gen\u00e7 Denizciler Zirvesi d\u00fczenleniyor.","breadcrumb":{"@id":"https:\/\/e-marineeducation.com\/tr\/itu-denizcilik-arastirmalari-kulubunden-genc-denizciler-zirvesi\/#breadcrumb"},"inLanguage":"tr","potentialAction":[{"@type":"ReadAction","target":["https:\/\/e-marineeducation.com\/tr\/itu-denizcilik-arastirmalari-kulubunden-genc-denizciler-zirvesi\/"]}]},{"@type":"ImageObject","inLanguage":"tr","@id":"https:\/\/e-marineeducation.com\/tr\/itu-denizcilik-arastirmalari-kulubunden-genc-denizciler-zirvesi\/#primaryimage","url":"https:\/\/e-marineeducation.com\/tr\/wp-content\/uploads\/\u0130T\u00dc-Denark-Man\u015fet.jpg","contentUrl":"https:\/\/e-marineeducation.com\/tr\/wp-content\/uploads\/\u0130T\u00dc-Denark-Man\u015fet.jpg","width":660,"height":300},{"@type":"BreadcrumbList","@id":"https:\/\/e-marineeducation.com\/tr\/itu-denizcilik-arastirmalari-kulubunden-genc-denizciler-zirvesi\/#breadcrumb","itemListElement":[{"@type":"ListItem","position":1,"name":"Ana sayfa","item":"https:\/\/e-marineeducation.com\/tr\/"},{"@type":"ListItem","position":2,"name":"\u0130T\u00dc Denizcilik Ara\u015ft\u0131rmalar\u0131 Kul\u00fcb\u00fc&#8217;nden Gen\u00e7 Denizciler Zirvesi"}]},{"@type":"WebSite","@id":"https:\/\/e-marineeducation.com\/tr\/#website","url":"https:\/\/e-marineeducation.com\/tr\/","name":"e-MarineEducation.com","description":"Denizcilik E\u011fitimine Yeni Bir Bak\u0131\u015f A\u00e7\u0131s\u0131","potentialAction":[{"@type":"SearchAction","target":{"@type":"EntryPoint","urlTemplate":"https:\/\/e-marineeducation.com\/tr\/?s={search_term_string}"},"query-input":{"@type":"PropertyValueSpecification","valueRequired":true,"valueName":"search_term_string"}}],"inLanguage":"tr"},{"@type":"Person","@id":"https:\/\/e-marineeducation.com\/tr\/#\/schema\/person\/f7f32de91b2efb12f23950a06aad9e36","name":"Dr. Aybars Oru\u00e7","image":{"@type":"ImageObject","inLanguage":"tr","@id":"https:\/\/e-marineeducation.com\/tr\/wp-content\/uploads\/avatars\/1\/1713307065-bpfull.jpg","url":"https:\/\/e-marineeducation.com\/tr\/wp-content\/uploads\/avatars\/1\/1713307065-bpfull.jpg","contentUrl":"https:\/\/e-marineeducation.com\/tr\/wp-content\/uploads\/avatars\/1\/1713307065-bpfull.jpg","caption":"Dr. Aybars Oru\u00e7"},"description":"Dr. Aybars Oruc, e-MarineEducation.com'un kurucusudur. \u015eu anda Tallinn Teknoloji \u00dcniversitesi'ndeki Denizcilik Siber G\u00fcvenlik Merkezi'nde doktor ara\u015ft\u0131rmac\u0131 olarak \u00e7al\u0131\u015fmaktad\u0131r. Doktora (PhD) derecesini Norve\u00e7 Bilim ve Teknoloji \u00dcniversitesi'nden (NTNU) alm\u0131\u015ft\u0131r. \u00c7e\u015fitli tip ve tonajlardaki gemielrde \u00e7al\u0131\u015ft\u0131ktan sonra karaya ge\u00e7mi\u015f ve enspekt\u00f6r olarak \u00e7al\u0131\u015fm\u0131\u015ft\u0131r. Teknik ve operasyonel y\u00f6nlerin yan\u0131 s\u0131ra insan fakt\u00f6rlerini de i\u00e7eren geni\u015f bir yelpazede denizcilik siber g\u00fcvenli\u011fi \u00fczerine bilimsel ara\u015ft\u0131rmalar yapmaktad\u0131r. Uluslararas\u0131 Denizcilik \u00d6rg\u00fct\u00fc (IMO) taraf\u0131ndan bir ay s\u00fcreyle ara\u015ft\u0131rmalar\u0131n\u0131 y\u00fcr\u00fctmek \u00fczere kabul edilmi\u015ftir. Dr. Aybars Oruc, \u00f6zel ve askeri kurumlar dahil olmak \u00fczere klas kurulu\u015flar\u0131na, sigorta \u015firketlerine, Ar-Ge firmalar\u0131na, sahil g\u00fcvenlik ve donanma kuvvetlerine denizcilik siber g\u00fcvenli\u011fi konusunda bir\u00e7ok seminer vermi\u015ftir. 2022 y\u0131l\u0131nda NATO\u2019nun siber g\u00fcvenlik konferans\u0131 (CyCon) kapsam\u0131nda Davetli Konu\u015fmac\u0131 olarak yer alm\u0131\u015f ve \u00e7al\u0131\u015fmalar\u0131n\u0131 geni\u015f bir kitleyle payla\u015fm\u0131\u015ft\u0131r.","sameAs":["https:\/\/e-marineeducation.com\/tr\/profil-aybars-oruc\/","https:\/\/www.facebook.com\/oruc.aybars","https:\/\/www.instagram.com\/orucaybars\/","https:\/\/www.linkedin.com\/in\/aybarsoruc","https:\/\/x.com\/aybarsoruc"],"url":"https:\/\/e-marineeducation.com\/tr\/author\/denizci88\/"}]}},"_links":{"self":[{"href":"https:\/\/e-marineeducation.com\/tr\/wp-json\/wp\/v2\/posts\/30879","targetHints":{"allow":["GET"]}}],"collection":[{"href":"https:\/\/e-marineeducation.com\/tr\/wp-json\/wp\/v2\/posts"}],"about":[{"href":"https:\/\/e-marineeducation.com\/tr\/wp-json\/wp\/v2\/types\/post"}],"author":[{"embeddable":true,"href":"https:\/\/e-marineeducation.com\/tr\/wp-json\/wp\/v2\/users\/1"}],"replies":[{"embeddable":true,"href":"https:\/\/e-marineeducation.com\/tr\/wp-json\/wp\/v2\/comments?post=30879"}],"version-history":[{"count":0,"href":"https:\/\/e-marineeducation.com\/tr\/wp-json\/wp\/v2\/posts\/30879\/revisions"}],"wp:featuredmedia":[{"embeddable":true,"href":"https:\/\/e-marineeducation.com\/tr\/wp-json\/wp\/v2\/media\/30888"}],"wp:attachment":[{"href":"https:\/\/e-marineeducation.com\/tr\/wp-json\/wp\/v2\/media?parent=30879"}],"wp:term":[{"taxonomy":"category","embeddable":true,"href":"https:\/\/e-marineeducation.com\/tr\/wp-json\/wp\/v2\/categories?post=30879"},{"taxonomy":"post_tag","embeddable":true,"href":"https:\/\/e-marineeducation.com\/tr\/wp-json\/wp\/v2\/tags?post=30879"}],"curies":[{"name":"wp","href":"https:\/\/api.w.org\/{rel}","templated":true}]}}