

{"id":30495,"date":"2018-06-10T15:18:57","date_gmt":"2018-06-10T12:18:57","guid":{"rendered":"https:\/\/e-marineeducation.com\/tr\/?p=30495"},"modified":"2018-06-10T22:54:56","modified_gmt":"2018-06-10T19:54:56","slug":"piri-reis-universitesi-ogrencileri-bakan-ismet-yilmazi-protesto-etti","status":"publish","type":"post","link":"https:\/\/e-marineeducation.com\/tr\/piri-reis-universitesi-ogrencileri-bakan-ismet-yilmazi-protesto-etti\/","title":{"rendered":"Piri Reis \u00dcniversitesi \u00d6\u011frencileri Bakan \u0130smet Y\u0131lmaz&#8217;\u0131 Protesto Etti"},"content":{"rendered":"<p style=\"text-align: justify;\">P<img loading=\"lazy\" decoding=\"async\" class=\"alignleft size-full wp-image-28519\" src=\"https:\/\/e-marineeducation.com\/tr\/wp-content\/uploads\/PR\u00dc-Logo.png\" alt=\"\" width=\"127\" height=\"127\" \/>iri Reis \u00dcniversitesi 2017-2018 Akademik Y\u0131l\u0131 Mezuniyet T\u00f6reni, \u00fcniversitenin Tuzla\u2019daki <em><span style=\"color: #3498db;\">Deniz Kamp\u00fcs\u00fc<\/span><\/em>&#8216;nde 09 Haziran 2018, Cumartesi g\u00fcn\u00fc geni\u015f bir kat\u0131l\u0131m ile ger\u00e7ekle\u015ftirildi. T\u00f6rene \u00fcniversitenin akademik kadrosu ve Milli E\u011fitim Bakan\u0131 <em><span style=\"color: #3498db;\">\u0130smet Y\u0131lmaz<\/span><\/em>\u2019\u0131n yan\u0131 s\u0131ra Ula\u015ft\u0131rma, Denizcilik ve Haberle\u015fme Bakan\u0131 <span style=\"color: #3498db;\"><em>Ahmet Arslan<\/em><\/span>, Deniz Ticaret Odas\u0131 Ba\u015fkan\u0131 <em><span style=\"color: #3498db;\">Tamer K\u0131ran<\/span><\/em>, \u00fcniversitenin m\u00fctevelli heyetinde yer alan <span style=\"color: #3498db;\"><em>Metin Kalkavan<\/em><\/span> ile \u00e7ok say\u0131da \u00f6\u011frenci ve yak\u0131n\u0131 kat\u0131ld\u0131.<\/p>\n<p style=\"text-align: justify;\">Konu\u015fmalar\u0131n ard\u0131ndan, Milli E\u011fitim Bakan\u0131 \u0130smet Y\u0131lmaz\u2019a <span style=\"color: #3498db;\"><em>fahri doktora<\/em><\/span> \u00fcnvan\u0131 verildi. Y\u0131lmaz\u2019a \u00fcniversite senato \u00fcyeleri ve rekt\u00f6r Prof. Dr. <span style=\"color: #3498db;\"><em>Oral Erdo\u011fan<\/em><\/span> fahri doktoray\u0131 takdim etti. Daha sonra yeni mezun \u00f6\u011frencilere seslenen Bakan Y\u0131lmaz, \u201c<em>Yeni mezunlar\u0131m\u0131za ba\u015far\u0131lar diliyorum. Hak etti\u011finiz bu diploma, \u00fclkemizin gelece\u011fine y\u00f6n verecek. Bu anlamda ailelerinize ve \u00fcniversitenin akademik personeline te\u015fekk\u00fcr ediyorum. Tam ba\u011f\u0131ms\u0131zl\u0131k i\u00e7in nitelikli bilgiye ihtiya\u00e7 var. Nitelikli e\u011fitim ancak \u00fcniversitelerimizle birlikte sa\u011flanabilir. Nitelikli e\u011fitim olmazsa ba\u011f\u0131ms\u0131zl\u0131k da olmaz. Biz e\u011fitime \u00e7ok \u00f6nem veriyoruz. O y\u00fczden sadece e\u011fitime 27 milyar lra b\u00fct\u00e7e ay\u0131rd\u0131k<\/em>\u201d dedi.<\/p>\n<p style=\"text-align: justify;\"><strong>\u00d6\u011frenciler Protesto Etti; Bakan Salonu Terk Etti<\/strong><br \/>\nDiploma t\u00f6reni s\u0131ras\u0131nda \u00f6\u011frenciler Bakan Y\u0131lmaz\u2019\u0131 protesto ederek, \u0130zmir Mar\u015f\u0131\u2019n\u0131 s\u00f6yledi. Bakan Y\u0131lmaz salonu terk etti. Y\u0131lmaz\u2019\u0131n salondan ayr\u0131l\u0131\u015f\u0131n\u0131n ard\u0131ndan \u00f6\u011frenciler, \u201c<span style=\"color: #3498db;\"><em>Mustafa Kemal\u2019in askerleriyiz<\/em><\/span>\u201d slogan\u0131n\u0131 att\u0131.<\/p>\n<div style=\"width: 618px;\" class=\"wp-video\"><video class=\"wp-video-shortcode\" id=\"video-30495-1\" width=\"618\" height=\"340\" preload=\"metadata\" controls=\"controls\"><source type=\"video\/mp4\" src=\"https:\/\/e-marineeducation.com\/tr\/wp-content\/uploads\/5181dd05-0a34-4547-8927-b8956cd72edf.mp4?_=1\" \/><a href=\"https:\/\/e-marineeducation.com\/tr\/wp-content\/uploads\/5181dd05-0a34-4547-8927-b8956cd72edf.mp4\">https:\/\/e-marineeducation.com\/tr\/wp-content\/uploads\/5181dd05-0a34-4547-8927-b8956cd72edf.mp4<\/a><\/video><\/div>\n<p style=\"text-align: justify;\"><strong>Protokolden Sadece \u0130ki \u0130sim Terk Etmedi<\/strong><br \/>\nAt\u0131lan sloganlar neticesinde protokolden sadece T\u00fcrk Deniz E\u011fitim Vakf\u0131 M\u00fctevelli Heyeti Ba\u015fkan\u0131 Sn. <span style=\"color: #3498db;\"><em>Metin Kalkavan<\/em><\/span> ve Deniz Harp Okulu Komutan\u0131 Tu\u011f. Amiral <span style=\"color: #3498db;\"><em>\u0130brahim \u00d6zden Ko\u00e7er<\/em><\/span> salonu terk etmeyerek yerlerinde oturmay\u0131 tercih etmeleri dikkat \u00e7ekti.<\/p>\n<p><img loading=\"lazy\" decoding=\"async\" class=\"aligncenter size-full wp-image-30498\" src=\"https:\/\/e-marineeducation.com\/tr\/wp-content\/uploads\/\u0130brahim-\u00d6zden-Ko\u00e7er.png\" alt=\"\" width=\"630\" height=\"346\" srcset=\"https:\/\/e-marineeducation.com\/tr\/wp-content\/uploads\/\u0130brahim-\u00d6zden-Ko\u00e7er.png 630w, https:\/\/e-marineeducation.com\/tr\/wp-content\/uploads\/\u0130brahim-\u00d6zden-Ko\u00e7er-150x82.png 150w, https:\/\/e-marineeducation.com\/tr\/wp-content\/uploads\/\u0130brahim-\u00d6zden-Ko\u00e7er-300x165.png 300w, https:\/\/e-marineeducation.com\/tr\/wp-content\/uploads\/\u0130brahim-\u00d6zden-Ko\u00e7er-160x88.png 160w\" sizes=\"auto, (max-width: 630px) 100vw, 630px\" \/><\/p>\n<p style=\"text-align: justify;\"><strong>T\u00f6rende Dikkat \u00c7eken Di\u011fer Detaylar<\/strong><br \/>\nT\u00f6rende protokol konu\u015fmalar\u0131n\u0131n uzamas\u0131, bir mezunun, d\u00f6nem mezunlar\u0131 ad\u0131na konu\u015fma yapmamas\u0131, k\u00fct\u00fc\u011fe \u00e7ivi \u00e7ak\u0131lmamas\u0131, denizcilik fak\u00fcltesi dekan\u0131 haricinde denizcilik fak\u00fcltesinde g\u00f6rev yapan hi\u00e7bir \u00f6\u011fretim eleman\u0131na diploma verdirilmemesi; bunun yerine siyasi ve b\u00fcrokratlar taraf\u0131ndan diplomalar\u0131n verilmesi t\u00f6rende dikkat \u00e7eken di\u011fer ayr\u0131nt\u0131lard\u0131.<\/p>\n<p style=\"text-align: justify;\"><strong>Daha \u00d6nce de \u0130T\u00dc Denizcilik Fak\u00fcltesi&#8217;nde Protesto Edilmi\u015fti<\/strong><br \/>\n\u0130T\u00dc Denizcilik Fak\u00fcltesi&#8217;nin 2013 senesinde ger\u00e7ekle\u015ftirilen mezuniyet t\u00f6reninde de d\u00f6nemin Ula\u015ft\u0131rma, Denizcilik ve Haberle\u015fme Bakan\u0131 <span style=\"color: #3498db;\"><em>Binali Y\u0131ld\u0131r\u0131m<\/em><\/span> \u00f6\u011frenciler taraf\u0131ndan protesto edilmi\u015fti.\u00a0\u0130stanbul Teknik \u00dcniversitesi Denizcilik Fak\u00fcltesi\u2019nden mezun olan \u00f6\u011frenciler Ula\u015ft\u0131rma Denizcilik ve Haberle\u015fme Bakan\u0131 Binali Y\u0131ld\u0131r\u0131m\u2019\u0131 i\u015faret flamalar\u0131yla kar\u015f\u0131lam\u0131\u015ft\u0131.\u00a0 \u0130lk bak\u0131\u015fta normal g\u00f6r\u00fcnen bu kar\u015f\u0131laman\u0131n i\u015faretlerin \u015fifresi \u00e7\u00f6z\u00fcld\u00fc\u011f\u00fcnde protesto oldu\u011fu ortaya \u00e7\u0131kt\u0131. Mezun olan denizcilik fak\u00fcltesi \u00f6\u011frencileri, i\u015faretlerle denizcilik dilinde ba\u015f\u0131na hashtag (#) koyup\u00a0\u201cDiren Gezi\u201d yazarak Bakan Binali Y\u0131ld\u0131r\u0131m\u2019\u0131 kar\u015f\u0131lam\u0131\u015ft\u0131. Ayr\u0131ca mezun \u00f6\u011frencilerin velileri de sloganlar atarak Binali Y\u0131ld\u0131r\u0131m&#8217;\u0131 protesto etmi\u015fti. Fak\u00fclte y\u00f6netiminin m\u00fcdahalesi de sonu\u00e7suz kalm\u0131\u015ft\u0131.<\/p>\n<p><img loading=\"lazy\" decoding=\"async\" class=\"aligncenter size-full wp-image-30496\" src=\"https:\/\/e-marineeducation.com\/tr\/wp-content\/uploads\/\u0130T\u00dc-Denizcilik-Fak\u00fcltesi-Protesto.jpg\" alt=\"\" width=\"630\" height=\"282\" srcset=\"https:\/\/e-marineeducation.com\/tr\/wp-content\/uploads\/\u0130T\u00dc-Denizcilik-Fak\u00fcltesi-Protesto.jpg 630w, https:\/\/e-marineeducation.com\/tr\/wp-content\/uploads\/\u0130T\u00dc-Denizcilik-Fak\u00fcltesi-Protesto-150x67.jpg 150w, https:\/\/e-marineeducation.com\/tr\/wp-content\/uploads\/\u0130T\u00dc-Denizcilik-Fak\u00fcltesi-Protesto-300x134.jpg 300w, https:\/\/e-marineeducation.com\/tr\/wp-content\/uploads\/\u0130T\u00dc-Denizcilik-Fak\u00fcltesi-Protesto-160x72.jpg 160w\" sizes=\"auto, (max-width: 630px) 100vw, 630px\" \/><\/p>\n<p>&nbsp;<\/p>\n","protected":false},"excerpt":{"rendered":"<p>Piri Reis \u00dcniversitesi 2017-2018 Akademik Y\u0131l\u0131 Mezuniyet T\u00f6reni, \u00fcniversitenin Tuzla\u2019daki Deniz Kamp\u00fcs\u00fc&#8216;nde 09 Haziran 2018, Cumartesi g\u00fcn\u00fc geni\u015f bir kat\u0131l\u0131m ile ger\u00e7ekle\u015ftirildi. T\u00f6rene \u00fcniversitenin akademik kadrosu ve Milli E\u011fitim Bakan\u0131 \u0130smet Y\u0131lmaz\u2019\u0131n yan\u0131 s\u0131ra Ula\u015ft\u0131rma, Denizcilik ve Haberle\u015fme Bakan\u0131 Ahmet Arslan, Deniz Ticaret Odas\u0131 Ba\u015fkan\u0131 Tamer K\u0131ran, \u00fcniversitenin m\u00fctevelli heyetinde yer alan Metin Kalkavan ile &hellip;<\/p>\n","protected":false},"author":1,"featured_media":28521,"comment_status":"open","ping_status":"closed","sticky":false,"template":"","format":"standard","meta":{"_acf_changed":false,"_bbp_topic_count":0,"_bbp_reply_count":0,"_bbp_total_topic_count":0,"_bbp_total_reply_count":0,"_bbp_voice_count":0,"_bbp_anonymous_reply_count":0,"_bbp_topic_count_hidden":0,"_bbp_reply_count_hidden":0,"_bbp_forum_subforum_count":0,"footnotes":""},"categories":[18],"tags":[4973,4971,317,1547,4958,119,4972,2576],"class_list":["post-30495","post","type-post","status-publish","format-standard","has-post-thumbnail","","category-haberler","tag-ahmet-arslan","tag-ibrahim-ozden-kocer","tag-ismet-yilmaz","tag-metin-kalkavan","tag-oral-erdogan","tag-piri-reis-universitesi","tag-piri-reis-universitesi-mezuniyet-toreni","tag-tamer-kiran"],"acf":[],"yoast_head":"<!-- This site is optimized with the Yoast SEO plugin v27.4 - https:\/\/yoast.com\/product\/yoast-seo-wordpress\/ -->\n<title>Piri Reis \u00dcniversitesi \u00d6\u011frencileri Bakan \u0130smet Y\u0131lmaz&#039;\u0131 Protesto Etti - e-MarineEducation.com<\/title>\n<meta name=\"description\" content=\"Milli E\u011fitim Bakan\u0131 \u0130smet Y\u0131lmaz, Piri Reis \u00dcniversitesi \u00f6\u011frencileri taraf\u0131ndan mezuniyet t\u00f6reninde protesto edildi.\" \/>\n<meta name=\"robots\" content=\"index, follow, max-snippet:-1, max-image-preview:large, max-video-preview:-1\" \/>\n<link rel=\"canonical\" href=\"https:\/\/e-marineeducation.com\/tr\/piri-reis-universitesi-ogrencileri-bakan-ismet-yilmazi-protesto-etti\/\" \/>\n<meta property=\"og:locale\" content=\"tr_TR\" \/>\n<meta property=\"og:type\" content=\"article\" \/>\n<meta property=\"og:title\" content=\"Piri Reis \u00dcniversitesi \u00d6\u011frencileri Bakan \u0130smet Y\u0131lmaz&#039;\u0131 Protesto Etti - e-MarineEducation.com\" \/>\n<meta property=\"og:description\" content=\"Milli E\u011fitim Bakan\u0131 \u0130smet Y\u0131lmaz, Piri Reis \u00dcniversitesi \u00f6\u011frencileri taraf\u0131ndan mezuniyet t\u00f6reninde protesto edildi.\" \/>\n<meta property=\"og:url\" content=\"https:\/\/e-marineeducation.com\/tr\/piri-reis-universitesi-ogrencileri-bakan-ismet-yilmazi-protesto-etti\/\" \/>\n<meta property=\"og:site_name\" content=\"e-MarineEducation.com\" \/>\n<meta property=\"article:author\" content=\"https:\/\/www.facebook.com\/oruc.aybars\" \/>\n<meta property=\"article:published_time\" content=\"2018-06-10T12:18:57+00:00\" \/>\n<meta property=\"article:modified_time\" content=\"2018-06-10T19:54:56+00:00\" \/>\n<meta property=\"og:image\" content=\"https:\/\/e-marineeducation.com\/tr\/wp-content\/uploads\/PR\u00dc-Simge.png\" \/>\n\t<meta property=\"og:image:width\" content=\"200\" \/>\n\t<meta property=\"og:image:height\" content=\"165\" \/>\n\t<meta property=\"og:image:type\" content=\"image\/png\" \/>\n<meta name=\"author\" content=\"Dr. Aybars Oru\u00e7\" \/>\n<meta name=\"twitter:card\" content=\"summary_large_image\" \/>\n<meta name=\"twitter:creator\" content=\"@aybarsoruc\" \/>\n<meta name=\"twitter:label1\" content=\"Yazan:\" \/>\n\t<meta name=\"twitter:data1\" content=\"Dr. Aybars Oru\u00e7\" \/>\n\t<meta name=\"twitter:label2\" content=\"Tahmini okuma s\u00fcresi\" \/>\n\t<meta name=\"twitter:data2\" content=\"3 dakika\" \/>\n<script type=\"application\/ld+json\" class=\"yoast-schema-graph\">{\"@context\":\"https:\\\/\\\/schema.org\",\"@graph\":[{\"@type\":\"Article\",\"@id\":\"https:\\\/\\\/e-marineeducation.com\\\/tr\\\/piri-reis-universitesi-ogrencileri-bakan-ismet-yilmazi-protesto-etti\\\/#article\",\"isPartOf\":{\"@id\":\"https:\\\/\\\/e-marineeducation.com\\\/tr\\\/piri-reis-universitesi-ogrencileri-bakan-ismet-yilmazi-protesto-etti\\\/\"},\"author\":{\"name\":\"Dr. Aybars Oru\u00e7\",\"@id\":\"https:\\\/\\\/e-marineeducation.com\\\/tr\\\/#\\\/schema\\\/person\\\/f7f32de91b2efb12f23950a06aad9e36\"},\"headline\":\"Piri Reis \u00dcniversitesi \u00d6\u011frencileri Bakan \u0130smet Y\u0131lmaz&#8217;\u0131 Protesto Etti\",\"datePublished\":\"2018-06-10T12:18:57+00:00\",\"dateModified\":\"2018-06-10T19:54:56+00:00\",\"mainEntityOfPage\":{\"@id\":\"https:\\\/\\\/e-marineeducation.com\\\/tr\\\/piri-reis-universitesi-ogrencileri-bakan-ismet-yilmazi-protesto-etti\\\/\"},\"wordCount\":549,\"commentCount\":1,\"image\":{\"@id\":\"https:\\\/\\\/e-marineeducation.com\\\/tr\\\/piri-reis-universitesi-ogrencileri-bakan-ismet-yilmazi-protesto-etti\\\/#primaryimage\"},\"thumbnailUrl\":\"https:\\\/\\\/e-marineeducation.com\\\/tr\\\/wp-content\\\/uploads\\\/PR\u00dc-Simge.png\",\"keywords\":[\"Ahmet Arslan\",\"\u0130brahim \u00d6zden Ko\u00e7er\",\"ismet y\u0131lmaz\",\"Metin Kalkavan\",\"Oral ERDO\u011eAN\",\"piri reis \u00fcniversitesi\",\"Piri Reis \u00dcniversitesi Mezuniyet T\u00f6reni\",\"Tamer K\u0131ran\"],\"articleSection\":[\"Haberler\"],\"inLanguage\":\"tr\",\"potentialAction\":[{\"@type\":\"CommentAction\",\"name\":\"Comment\",\"target\":[\"https:\\\/\\\/e-marineeducation.com\\\/tr\\\/piri-reis-universitesi-ogrencileri-bakan-ismet-yilmazi-protesto-etti\\\/#respond\"]}]},{\"@type\":\"WebPage\",\"@id\":\"https:\\\/\\\/e-marineeducation.com\\\/tr\\\/piri-reis-universitesi-ogrencileri-bakan-ismet-yilmazi-protesto-etti\\\/\",\"url\":\"https:\\\/\\\/e-marineeducation.com\\\/tr\\\/piri-reis-universitesi-ogrencileri-bakan-ismet-yilmazi-protesto-etti\\\/\",\"name\":\"Piri Reis \u00dcniversitesi \u00d6\u011frencileri Bakan \u0130smet Y\u0131lmaz'\u0131 Protesto Etti - e-MarineEducation.com\",\"isPartOf\":{\"@id\":\"https:\\\/\\\/e-marineeducation.com\\\/tr\\\/#website\"},\"primaryImageOfPage\":{\"@id\":\"https:\\\/\\\/e-marineeducation.com\\\/tr\\\/piri-reis-universitesi-ogrencileri-bakan-ismet-yilmazi-protesto-etti\\\/#primaryimage\"},\"image\":{\"@id\":\"https:\\\/\\\/e-marineeducation.com\\\/tr\\\/piri-reis-universitesi-ogrencileri-bakan-ismet-yilmazi-protesto-etti\\\/#primaryimage\"},\"thumbnailUrl\":\"https:\\\/\\\/e-marineeducation.com\\\/tr\\\/wp-content\\\/uploads\\\/PR\u00dc-Simge.png\",\"datePublished\":\"2018-06-10T12:18:57+00:00\",\"dateModified\":\"2018-06-10T19:54:56+00:00\",\"author\":{\"@id\":\"https:\\\/\\\/e-marineeducation.com\\\/tr\\\/#\\\/schema\\\/person\\\/f7f32de91b2efb12f23950a06aad9e36\"},\"description\":\"Milli E\u011fitim Bakan\u0131 \u0130smet Y\u0131lmaz, Piri Reis \u00dcniversitesi \u00f6\u011frencileri taraf\u0131ndan mezuniyet t\u00f6reninde protesto edildi.\",\"breadcrumb\":{\"@id\":\"https:\\\/\\\/e-marineeducation.com\\\/tr\\\/piri-reis-universitesi-ogrencileri-bakan-ismet-yilmazi-protesto-etti\\\/#breadcrumb\"},\"inLanguage\":\"tr\",\"potentialAction\":[{\"@type\":\"ReadAction\",\"target\":[\"https:\\\/\\\/e-marineeducation.com\\\/tr\\\/piri-reis-universitesi-ogrencileri-bakan-ismet-yilmazi-protesto-etti\\\/\"]}]},{\"@type\":\"ImageObject\",\"inLanguage\":\"tr\",\"@id\":\"https:\\\/\\\/e-marineeducation.com\\\/tr\\\/piri-reis-universitesi-ogrencileri-bakan-ismet-yilmazi-protesto-etti\\\/#primaryimage\",\"url\":\"https:\\\/\\\/e-marineeducation.com\\\/tr\\\/wp-content\\\/uploads\\\/PR\u00dc-Simge.png\",\"contentUrl\":\"https:\\\/\\\/e-marineeducation.com\\\/tr\\\/wp-content\\\/uploads\\\/PR\u00dc-Simge.png\",\"width\":200,\"height\":165},{\"@type\":\"BreadcrumbList\",\"@id\":\"https:\\\/\\\/e-marineeducation.com\\\/tr\\\/piri-reis-universitesi-ogrencileri-bakan-ismet-yilmazi-protesto-etti\\\/#breadcrumb\",\"itemListElement\":[{\"@type\":\"ListItem\",\"position\":1,\"name\":\"Ana sayfa\",\"item\":\"https:\\\/\\\/e-marineeducation.com\\\/tr\\\/\"},{\"@type\":\"ListItem\",\"position\":2,\"name\":\"Piri Reis \u00dcniversitesi \u00d6\u011frencileri Bakan \u0130smet Y\u0131lmaz&#8217;\u0131 Protesto Etti\"}]},{\"@type\":\"WebSite\",\"@id\":\"https:\\\/\\\/e-marineeducation.com\\\/tr\\\/#website\",\"url\":\"https:\\\/\\\/e-marineeducation.com\\\/tr\\\/\",\"name\":\"e-MarineEducation.com\",\"description\":\"Denizcilik E\u011fitimine Yeni Bir Bak\u0131\u015f A\u00e7\u0131s\u0131\",\"potentialAction\":[{\"@type\":\"SearchAction\",\"target\":{\"@type\":\"EntryPoint\",\"urlTemplate\":\"https:\\\/\\\/e-marineeducation.com\\\/tr\\\/?s={search_term_string}\"},\"query-input\":{\"@type\":\"PropertyValueSpecification\",\"valueRequired\":true,\"valueName\":\"search_term_string\"}}],\"inLanguage\":\"tr\"},{\"@type\":\"Person\",\"@id\":\"https:\\\/\\\/e-marineeducation.com\\\/tr\\\/#\\\/schema\\\/person\\\/f7f32de91b2efb12f23950a06aad9e36\",\"name\":\"Dr. Aybars Oru\u00e7\",\"image\":{\"@type\":\"ImageObject\",\"inLanguage\":\"tr\",\"@id\":\"https:\\\/\\\/e-marineeducation.com\\\/tr\\\/wp-content\\\/uploads\\\/avatars\\\/1\\\/1713307065-bpfull.jpg\",\"url\":\"https:\\\/\\\/e-marineeducation.com\\\/tr\\\/wp-content\\\/uploads\\\/avatars\\\/1\\\/1713307065-bpfull.jpg\",\"contentUrl\":\"https:\\\/\\\/e-marineeducation.com\\\/tr\\\/wp-content\\\/uploads\\\/avatars\\\/1\\\/1713307065-bpfull.jpg\",\"caption\":\"Dr. Aybars Oru\u00e7\"},\"description\":\"Dr. Aybars Oruc, e-MarineEducation.com'un kurucusudur. \u015eu anda Tallinn Teknoloji \u00dcniversitesi'ndeki Denizcilik Siber G\u00fcvenlik Merkezi'nde doktor ara\u015ft\u0131rmac\u0131 olarak \u00e7al\u0131\u015fmaktad\u0131r. Doktora (PhD) derecesini Norve\u00e7 Bilim ve Teknoloji \u00dcniversitesi'nden (NTNU) alm\u0131\u015ft\u0131r. \u00c7e\u015fitli tip ve tonajlardaki gemielrde \u00e7al\u0131\u015ft\u0131ktan sonra karaya ge\u00e7mi\u015f ve enspekt\u00f6r olarak \u00e7al\u0131\u015fm\u0131\u015ft\u0131r. Teknik ve operasyonel y\u00f6nlerin yan\u0131 s\u0131ra insan fakt\u00f6rlerini de i\u00e7eren geni\u015f bir yelpazede denizcilik siber g\u00fcvenli\u011fi \u00fczerine bilimsel ara\u015ft\u0131rmalar yapmaktad\u0131r. Uluslararas\u0131 Denizcilik \u00d6rg\u00fct\u00fc (IMO) taraf\u0131ndan bir ay s\u00fcreyle ara\u015ft\u0131rmalar\u0131n\u0131 y\u00fcr\u00fctmek \u00fczere kabul edilmi\u015ftir. Dr. Aybars Oruc, \u00f6zel ve askeri kurumlar dahil olmak \u00fczere klas kurulu\u015flar\u0131na, sigorta \u015firketlerine, Ar-Ge firmalar\u0131na, sahil g\u00fcvenlik ve donanma kuvvetlerine denizcilik siber g\u00fcvenli\u011fi konusunda bir\u00e7ok seminer vermi\u015ftir. 2022 y\u0131l\u0131nda NATO\u2019nun siber g\u00fcvenlik konferans\u0131 (CyCon) kapsam\u0131nda Davetli Konu\u015fmac\u0131 olarak yer alm\u0131\u015f ve \u00e7al\u0131\u015fmalar\u0131n\u0131 geni\u015f bir kitleyle payla\u015fm\u0131\u015ft\u0131r.\",\"sameAs\":[\"https:\\\/\\\/e-marineeducation.com\\\/tr\\\/profil-aybars-oruc\\\/\",\"https:\\\/\\\/www.facebook.com\\\/oruc.aybars\",\"https:\\\/\\\/www.instagram.com\\\/orucaybars\\\/\",\"https:\\\/\\\/www.linkedin.com\\\/in\\\/aybarsoruc\",\"https:\\\/\\\/x.com\\\/aybarsoruc\"],\"url\":\"https:\\\/\\\/e-marineeducation.com\\\/tr\\\/author\\\/denizci88\\\/\"}]}<\/script>\n<!-- \/ Yoast SEO plugin. -->","yoast_head_json":{"title":"Piri Reis \u00dcniversitesi \u00d6\u011frencileri Bakan \u0130smet Y\u0131lmaz'\u0131 Protesto Etti - e-MarineEducation.com","description":"Milli E\u011fitim Bakan\u0131 \u0130smet Y\u0131lmaz, Piri Reis \u00dcniversitesi \u00f6\u011frencileri taraf\u0131ndan mezuniyet t\u00f6reninde protesto edildi.","robots":{"index":"index","follow":"follow","max-snippet":"max-snippet:-1","max-image-preview":"max-image-preview:large","max-video-preview":"max-video-preview:-1"},"canonical":"https:\/\/e-marineeducation.com\/tr\/piri-reis-universitesi-ogrencileri-bakan-ismet-yilmazi-protesto-etti\/","og_locale":"tr_TR","og_type":"article","og_title":"Piri Reis \u00dcniversitesi \u00d6\u011frencileri Bakan \u0130smet Y\u0131lmaz'\u0131 Protesto Etti - e-MarineEducation.com","og_description":"Milli E\u011fitim Bakan\u0131 \u0130smet Y\u0131lmaz, Piri Reis \u00dcniversitesi \u00f6\u011frencileri taraf\u0131ndan mezuniyet t\u00f6reninde protesto edildi.","og_url":"https:\/\/e-marineeducation.com\/tr\/piri-reis-universitesi-ogrencileri-bakan-ismet-yilmazi-protesto-etti\/","og_site_name":"e-MarineEducation.com","article_author":"https:\/\/www.facebook.com\/oruc.aybars","article_published_time":"2018-06-10T12:18:57+00:00","article_modified_time":"2018-06-10T19:54:56+00:00","og_image":[{"width":200,"height":165,"url":"https:\/\/e-marineeducation.com\/tr\/wp-content\/uploads\/PR\u00dc-Simge.png","type":"image\/png"}],"author":"Dr. Aybars Oru\u00e7","twitter_card":"summary_large_image","twitter_creator":"@aybarsoruc","twitter_misc":{"Yazan:":"Dr. Aybars Oru\u00e7","Tahmini okuma s\u00fcresi":"3 dakika"},"schema":{"@context":"https:\/\/schema.org","@graph":[{"@type":"Article","@id":"https:\/\/e-marineeducation.com\/tr\/piri-reis-universitesi-ogrencileri-bakan-ismet-yilmazi-protesto-etti\/#article","isPartOf":{"@id":"https:\/\/e-marineeducation.com\/tr\/piri-reis-universitesi-ogrencileri-bakan-ismet-yilmazi-protesto-etti\/"},"author":{"name":"Dr. Aybars Oru\u00e7","@id":"https:\/\/e-marineeducation.com\/tr\/#\/schema\/person\/f7f32de91b2efb12f23950a06aad9e36"},"headline":"Piri Reis \u00dcniversitesi \u00d6\u011frencileri Bakan \u0130smet Y\u0131lmaz&#8217;\u0131 Protesto Etti","datePublished":"2018-06-10T12:18:57+00:00","dateModified":"2018-06-10T19:54:56+00:00","mainEntityOfPage":{"@id":"https:\/\/e-marineeducation.com\/tr\/piri-reis-universitesi-ogrencileri-bakan-ismet-yilmazi-protesto-etti\/"},"wordCount":549,"commentCount":1,"image":{"@id":"https:\/\/e-marineeducation.com\/tr\/piri-reis-universitesi-ogrencileri-bakan-ismet-yilmazi-protesto-etti\/#primaryimage"},"thumbnailUrl":"https:\/\/e-marineeducation.com\/tr\/wp-content\/uploads\/PR\u00dc-Simge.png","keywords":["Ahmet Arslan","\u0130brahim \u00d6zden Ko\u00e7er","ismet y\u0131lmaz","Metin Kalkavan","Oral ERDO\u011eAN","piri reis \u00fcniversitesi","Piri Reis \u00dcniversitesi Mezuniyet T\u00f6reni","Tamer K\u0131ran"],"articleSection":["Haberler"],"inLanguage":"tr","potentialAction":[{"@type":"CommentAction","name":"Comment","target":["https:\/\/e-marineeducation.com\/tr\/piri-reis-universitesi-ogrencileri-bakan-ismet-yilmazi-protesto-etti\/#respond"]}]},{"@type":"WebPage","@id":"https:\/\/e-marineeducation.com\/tr\/piri-reis-universitesi-ogrencileri-bakan-ismet-yilmazi-protesto-etti\/","url":"https:\/\/e-marineeducation.com\/tr\/piri-reis-universitesi-ogrencileri-bakan-ismet-yilmazi-protesto-etti\/","name":"Piri Reis \u00dcniversitesi \u00d6\u011frencileri Bakan \u0130smet Y\u0131lmaz'\u0131 Protesto Etti - e-MarineEducation.com","isPartOf":{"@id":"https:\/\/e-marineeducation.com\/tr\/#website"},"primaryImageOfPage":{"@id":"https:\/\/e-marineeducation.com\/tr\/piri-reis-universitesi-ogrencileri-bakan-ismet-yilmazi-protesto-etti\/#primaryimage"},"image":{"@id":"https:\/\/e-marineeducation.com\/tr\/piri-reis-universitesi-ogrencileri-bakan-ismet-yilmazi-protesto-etti\/#primaryimage"},"thumbnailUrl":"https:\/\/e-marineeducation.com\/tr\/wp-content\/uploads\/PR\u00dc-Simge.png","datePublished":"2018-06-10T12:18:57+00:00","dateModified":"2018-06-10T19:54:56+00:00","author":{"@id":"https:\/\/e-marineeducation.com\/tr\/#\/schema\/person\/f7f32de91b2efb12f23950a06aad9e36"},"description":"Milli E\u011fitim Bakan\u0131 \u0130smet Y\u0131lmaz, Piri Reis \u00dcniversitesi \u00f6\u011frencileri taraf\u0131ndan mezuniyet t\u00f6reninde protesto edildi.","breadcrumb":{"@id":"https:\/\/e-marineeducation.com\/tr\/piri-reis-universitesi-ogrencileri-bakan-ismet-yilmazi-protesto-etti\/#breadcrumb"},"inLanguage":"tr","potentialAction":[{"@type":"ReadAction","target":["https:\/\/e-marineeducation.com\/tr\/piri-reis-universitesi-ogrencileri-bakan-ismet-yilmazi-protesto-etti\/"]}]},{"@type":"ImageObject","inLanguage":"tr","@id":"https:\/\/e-marineeducation.com\/tr\/piri-reis-universitesi-ogrencileri-bakan-ismet-yilmazi-protesto-etti\/#primaryimage","url":"https:\/\/e-marineeducation.com\/tr\/wp-content\/uploads\/PR\u00dc-Simge.png","contentUrl":"https:\/\/e-marineeducation.com\/tr\/wp-content\/uploads\/PR\u00dc-Simge.png","width":200,"height":165},{"@type":"BreadcrumbList","@id":"https:\/\/e-marineeducation.com\/tr\/piri-reis-universitesi-ogrencileri-bakan-ismet-yilmazi-protesto-etti\/#breadcrumb","itemListElement":[{"@type":"ListItem","position":1,"name":"Ana sayfa","item":"https:\/\/e-marineeducation.com\/tr\/"},{"@type":"ListItem","position":2,"name":"Piri Reis \u00dcniversitesi \u00d6\u011frencileri Bakan \u0130smet Y\u0131lmaz&#8217;\u0131 Protesto Etti"}]},{"@type":"WebSite","@id":"https:\/\/e-marineeducation.com\/tr\/#website","url":"https:\/\/e-marineeducation.com\/tr\/","name":"e-MarineEducation.com","description":"Denizcilik E\u011fitimine Yeni Bir Bak\u0131\u015f A\u00e7\u0131s\u0131","potentialAction":[{"@type":"SearchAction","target":{"@type":"EntryPoint","urlTemplate":"https:\/\/e-marineeducation.com\/tr\/?s={search_term_string}"},"query-input":{"@type":"PropertyValueSpecification","valueRequired":true,"valueName":"search_term_string"}}],"inLanguage":"tr"},{"@type":"Person","@id":"https:\/\/e-marineeducation.com\/tr\/#\/schema\/person\/f7f32de91b2efb12f23950a06aad9e36","name":"Dr. Aybars Oru\u00e7","image":{"@type":"ImageObject","inLanguage":"tr","@id":"https:\/\/e-marineeducation.com\/tr\/wp-content\/uploads\/avatars\/1\/1713307065-bpfull.jpg","url":"https:\/\/e-marineeducation.com\/tr\/wp-content\/uploads\/avatars\/1\/1713307065-bpfull.jpg","contentUrl":"https:\/\/e-marineeducation.com\/tr\/wp-content\/uploads\/avatars\/1\/1713307065-bpfull.jpg","caption":"Dr. Aybars Oru\u00e7"},"description":"Dr. Aybars Oruc, e-MarineEducation.com'un kurucusudur. \u015eu anda Tallinn Teknoloji \u00dcniversitesi'ndeki Denizcilik Siber G\u00fcvenlik Merkezi'nde doktor ara\u015ft\u0131rmac\u0131 olarak \u00e7al\u0131\u015fmaktad\u0131r. Doktora (PhD) derecesini Norve\u00e7 Bilim ve Teknoloji \u00dcniversitesi'nden (NTNU) alm\u0131\u015ft\u0131r. \u00c7e\u015fitli tip ve tonajlardaki gemielrde \u00e7al\u0131\u015ft\u0131ktan sonra karaya ge\u00e7mi\u015f ve enspekt\u00f6r olarak \u00e7al\u0131\u015fm\u0131\u015ft\u0131r. Teknik ve operasyonel y\u00f6nlerin yan\u0131 s\u0131ra insan fakt\u00f6rlerini de i\u00e7eren geni\u015f bir yelpazede denizcilik siber g\u00fcvenli\u011fi \u00fczerine bilimsel ara\u015ft\u0131rmalar yapmaktad\u0131r. Uluslararas\u0131 Denizcilik \u00d6rg\u00fct\u00fc (IMO) taraf\u0131ndan bir ay s\u00fcreyle ara\u015ft\u0131rmalar\u0131n\u0131 y\u00fcr\u00fctmek \u00fczere kabul edilmi\u015ftir. Dr. Aybars Oruc, \u00f6zel ve askeri kurumlar dahil olmak \u00fczere klas kurulu\u015flar\u0131na, sigorta \u015firketlerine, Ar-Ge firmalar\u0131na, sahil g\u00fcvenlik ve donanma kuvvetlerine denizcilik siber g\u00fcvenli\u011fi konusunda bir\u00e7ok seminer vermi\u015ftir. 2022 y\u0131l\u0131nda NATO\u2019nun siber g\u00fcvenlik konferans\u0131 (CyCon) kapsam\u0131nda Davetli Konu\u015fmac\u0131 olarak yer alm\u0131\u015f ve \u00e7al\u0131\u015fmalar\u0131n\u0131 geni\u015f bir kitleyle payla\u015fm\u0131\u015ft\u0131r.","sameAs":["https:\/\/e-marineeducation.com\/tr\/profil-aybars-oruc\/","https:\/\/www.facebook.com\/oruc.aybars","https:\/\/www.instagram.com\/orucaybars\/","https:\/\/www.linkedin.com\/in\/aybarsoruc","https:\/\/x.com\/aybarsoruc"],"url":"https:\/\/e-marineeducation.com\/tr\/author\/denizci88\/"}]}},"_links":{"self":[{"href":"https:\/\/e-marineeducation.com\/tr\/wp-json\/wp\/v2\/posts\/30495","targetHints":{"allow":["GET"]}}],"collection":[{"href":"https:\/\/e-marineeducation.com\/tr\/wp-json\/wp\/v2\/posts"}],"about":[{"href":"https:\/\/e-marineeducation.com\/tr\/wp-json\/wp\/v2\/types\/post"}],"author":[{"embeddable":true,"href":"https:\/\/e-marineeducation.com\/tr\/wp-json\/wp\/v2\/users\/1"}],"replies":[{"embeddable":true,"href":"https:\/\/e-marineeducation.com\/tr\/wp-json\/wp\/v2\/comments?post=30495"}],"version-history":[{"count":0,"href":"https:\/\/e-marineeducation.com\/tr\/wp-json\/wp\/v2\/posts\/30495\/revisions"}],"wp:featuredmedia":[{"embeddable":true,"href":"https:\/\/e-marineeducation.com\/tr\/wp-json\/wp\/v2\/media\/28521"}],"wp:attachment":[{"href":"https:\/\/e-marineeducation.com\/tr\/wp-json\/wp\/v2\/media?parent=30495"}],"wp:term":[{"taxonomy":"category","embeddable":true,"href":"https:\/\/e-marineeducation.com\/tr\/wp-json\/wp\/v2\/categories?post=30495"},{"taxonomy":"post_tag","embeddable":true,"href":"https:\/\/e-marineeducation.com\/tr\/wp-json\/wp\/v2\/tags?post=30495"}],"curies":[{"name":"wp","href":"https:\/\/api.w.org\/{rel}","templated":true}]}}