

{"id":24768,"date":"2016-05-30T19:00:19","date_gmt":"2016-05-30T16:00:19","guid":{"rendered":"https:\/\/e-marineeducation.com\/tr\/?p=24768"},"modified":"2016-05-28T03:21:50","modified_gmt":"2016-05-28T00:21:50","slug":"dusunen-adam-heykeli","status":"publish","type":"post","link":"https:\/\/e-marineeducation.com\/tr\/dusunen-adam-heykeli\/","title":{"rendered":"D\u00fc\u015f\u00fcnen Adam Heykeli"},"content":{"rendered":"<p style=\"text-align: justify;\"><img loading=\"lazy\" decoding=\"async\" class=\"alignleft size-full wp-image-24776\" src=\"https:\/\/e-marineeducation.com\/tr\/wp-content\/uploads\/Aybars-Oru\u00e7-Taraf\u0131ndan-2.png\" alt=\"Aybars Oru\u00e7 Taraf\u0131ndan\" width=\"264\" height=\"65\" srcset=\"https:\/\/e-marineeducation.com\/tr\/wp-content\/uploads\/Aybars-Oru\u00e7-Taraf\u0131ndan-2.png 264w, https:\/\/e-marineeducation.com\/tr\/wp-content\/uploads\/Aybars-Oru\u00e7-Taraf\u0131ndan-2-150x37.png 150w\" sizes=\"auto, (max-width: 264px) 100vw, 264px\" \/>Ge\u00e7enlerde yine can\u0131m s\u0131k\u0131ld\u0131; ba\u015flad\u0131m d\u00fc\u015f\u00fcnmeye. Bu sefer takt\u0131m kafam\u0131 STK\u2019lara. STK, <em><span style=\"color: #3498db;\">Sivil Toplum Kurulu\u015fu<\/span><\/em> ifadesinin k\u0131salt\u0131lm\u0131\u015f\u0131. T\u00fcrk Dil Kurumu STK\u2019y\u0131 a\u015fa\u011f\u0131da bulunan \u015fu c\u00fcmle ile ifade ediyor.<\/p>\n<p style=\"text-align: justify;\">\u201c<em>Toplumdaki \u00e7e\u015fitli sorunlar\u0131 ba\u011f\u0131ms\u0131z olarak ele al\u0131p kamuoyunu bilgilendirme ve ayd\u0131nlatma g\u00f6revi yapan, \u00f6neriler sunan her t\u00fcrl\u00fc birlik.<\/em>\u201d<\/p>\n<p style=\"text-align: justify;\">D\u00fc\u015f\u00fcnmeye devam ettim. Hangi okullardan mezun oldu\u011fumu bir kenara atarsak; yani g\u00f6rmezden gelirsek denizcili\u011fimizdeki hangi de\u011ferli STK\u2019ya \u00fcye olabilirdim? S\u0131ra ile gidelim.<\/p>\n<p style=\"text-align: justify;\">Mezunlar derneklerini saym\u0131yorum. Onlar d\u0131\u015far\u0131ya zaten yeterince kapal\u0131. Onlara g\u00f6re ben \u201c<em><span style=\"color: #3498db;\">\u00f6tekiyim<\/span><\/em>\u201d.<\/p>\n<p style=\"text-align: justify;\">Bir derne\u011fin kap\u0131s\u0131n\u0131 \u00e7almay\u0131 d\u00fc\u015f\u00fcn\u00fcyorum; oras\u0131 i\u00e7in diyorlar \u201c<span style=\"color: #3498db;\"><em>Cemaat<\/em><\/span>\u201d.<\/p>\n<p style=\"text-align: justify;\">Peki deyip bir di\u011ferine ge\u00e7iyorum; oras\u0131 diyorlar \u201c<span style=\"color: #3498db;\"><em>H\u00fck\u00fcmet<\/em><\/span>\u201d.<\/p>\n<p style=\"text-align: justify;\">Hemen t\u0131rs\u0131yorum. Diyorum \u201c<em><span style=\"color: #3498db;\">Yok, korkar\u0131m ben siyasetten<\/span><\/em>\u201d. \u00c7al\u0131\u015ft\u0131r\u0131yorum zihnimi; buluyorum bir di\u011ferini. Oras\u0131 i\u00e7in diyorlar \u201c<em><span style=\"color: #3498db;\">Ticaret<\/span><\/em>\u201d. Me\u011fer zengin abilerimiz \u00fcyeymi\u015f. Kovulduk mu oradan da\u2026<\/p>\n<p style=\"text-align: justify;\">Denizci derneklerini soruyorum Google Amcama. Kar\u015f\u0131ma \u00e7\u0131k\u0131yor bir dernek. Diyorum \u201c<em>Belki bu olur<\/em>\u201d. Sonra bas\u0131yorum kahkahay\u0131. \u201c<span style=\"color: #3498db;\"><em>Ulan sen orada m\u0131 \u00e7al\u0131\u015f\u0131yorsun?<\/em><\/span>\u201d diyorum<\/p>\n<p style=\"text-align: justify;\">Ad\u0131 duyulmam\u0131\u015f bir dernek canlan\u0131yor zihnimde. Gidip bak\u0131yorum; 2-3 arkada\u015f bir araya gelmi\u015f, tak\u0131l\u0131yorlar kendilerince.<\/p>\n<p style=\"text-align: justify;\">Bir ba\u015fka denizcilerin hakk\u0131n\u0131 savundu\u011funu s\u00f6yleyen dernek geliyor hemen akl\u0131ma. Sonra zihnim durmuyor, kap\u0131s\u0131n\u0131 \u00e7alan bir abimin s\u00f6yledikleri \u00e7\u0131nl\u0131yor kula\u011f\u0131mda. \u201c<em>Onlarla \u00e7al\u0131\u015fmakta olan \u015firketlerle sorun ya\u015farsan hi\u00e7 sallam\u0131yorlar seni<\/em>\u201d. Susmuyor; ekliyor. \u201c<em><span style=\"color: #3498db;\">Ne de olsa para onlardan geliyor.<\/span><\/em>\u201d<\/p>\n<p style=\"text-align: justify;\">\u0130\u00e7imden ba\u015fl\u0131yorum s\u00f6ylenmeye\u2026 Anl\u0131yorum bu i\u015fin derneklerle olmayaca\u011f\u0131n\u0131. Diyorum \u201c<em>Benim aslan gibi sendikam var<\/em>\u201d. Sonra hat\u0131rl\u0131yorum sendika y\u00f6netim kuruluna \u00fcye olmak isteyen ve bu konuda desteklenen bir aday\u0131n sorum kar\u015f\u0131s\u0131nda nas\u0131l da yan\u0131ts\u0131z kald\u0131\u011f\u0131n\u0131. \u201c<em><span style=\"color: #3498db;\">T\u00fcrkiye\u2019de ka\u00e7 gemiadam\u0131 var?<\/span><\/em>\u201d<\/p>\n<p style=\"text-align: justify;\">Diyorum b\u00f6yle i\u015f olmaz. Art\u0131k T\u00fcrkiye\u2019de bir federasyonumuz var. Sonra an\u0131ms\u0131yorum federasyona girmeyi tart\u0131\u015fan \u201cFARKLI\u201d bir okulun mezunlar derne\u011fi y\u00f6netiminin nazik\u00e7e ald\u0131\u011f\u0131 \u201c<em><span style=\"color: #3498db;\">HAYIR<\/span><\/em>\u201d yan\u0131t\u0131n\u0131.<\/p>\n<p style=\"text-align: justify;\">Alternatif ar\u0131yorum; bir \u00e7\u0131k\u0131\u015f yolu bulaca\u011f\u0131m\u0131 d\u00fc\u015f\u00fcn\u00fcyorum; beceremiyorum. Sonra bir an duraksay\u0131p y\u0131llad\u0131r arad\u0131\u011f\u0131m bir sorunun cevab\u0131n\u0131, yanl\u0131\u015fl\u0131kla buldu\u011fumu fark ediyorum. G\u00fcl\u00fcmseyip, tekrar soruyorum kendime.<\/p>\n<p style=\"text-align: justify;\"><strong>Bir \u00fclkede \u201cD\u00fc\u015f\u00fcnen Adam\u201d heykelini neden t\u0131marhaneye dikerler?<\/strong><\/p>\n","protected":false},"excerpt":{"rendered":"<p>Ge\u00e7enlerde yine can\u0131m s\u0131k\u0131ld\u0131; ba\u015flad\u0131m d\u00fc\u015f\u00fcnmeye. Bu sefer takt\u0131m kafam\u0131 STK\u2019lara. STK, Sivil Toplum Kurulu\u015fu ifadesinin k\u0131salt\u0131lm\u0131\u015f\u0131. T\u00fcrk Dil Kurumu STK\u2019y\u0131 a\u015fa\u011f\u0131da bulunan \u015fu c\u00fcmle ile ifade ediyor. \u201cToplumdaki \u00e7e\u015fitli sorunlar\u0131 ba\u011f\u0131ms\u0131z olarak ele al\u0131p kamuoyunu bilgilendirme ve ayd\u0131nlatma g\u00f6revi yapan, \u00f6neriler sunan her t\u00fcrl\u00fc birlik.\u201d D\u00fc\u015f\u00fcnmeye devam ettim. Hangi okullardan mezun oldu\u011fumu bir kenara &hellip;<\/p>\n","protected":false},"author":1,"featured_media":24769,"comment_status":"open","ping_status":"closed","sticky":false,"template":"","format":"standard","meta":{"_acf_changed":false,"_bbp_topic_count":0,"_bbp_reply_count":0,"_bbp_total_topic_count":0,"_bbp_total_reply_count":0,"_bbp_voice_count":0,"_bbp_anonymous_reply_count":0,"_bbp_topic_count_hidden":0,"_bbp_reply_count_hidden":0,"_bbp_forum_subforum_count":0,"footnotes":""},"categories":[1],"tags":[1962,4328,4329,4330],"class_list":["post-24768","post","type-post","status-publish","format-standard","has-post-thumbnail","","category-kose-yazilari","tag-aybars-oruc-yazilari","tag-dusunen-adam-heykeli","tag-sivil-toplum-kuruluslari","tag-stk"],"acf":[],"yoast_head":"<!-- This site is optimized with the Yoast SEO plugin v27.4 - https:\/\/yoast.com\/product\/yoast-seo-wordpress\/ -->\n<title>D\u00fc\u015f\u00fcnen Adam Heykeli - e-MarineEducation.com<\/title>\n<meta name=\"description\" content=\"Denizcilik ile ilgili Sivil Toplum Kurulu\u015flar\u0131 hakk\u0131nda Aybars Oru\u00e7 taraf\u0131ndan haz\u0131rlanm\u0131\u015f k\u00f6\u015fe yaz\u0131s\u0131d\u0131r.\" \/>\n<meta name=\"robots\" content=\"index, follow, max-snippet:-1, max-image-preview:large, max-video-preview:-1\" \/>\n<link rel=\"canonical\" href=\"https:\/\/e-marineeducation.com\/tr\/dusunen-adam-heykeli\/\" \/>\n<meta property=\"og:locale\" content=\"tr_TR\" \/>\n<meta property=\"og:type\" content=\"article\" \/>\n<meta property=\"og:title\" content=\"D\u00fc\u015f\u00fcnen Adam Heykeli - e-MarineEducation.com\" \/>\n<meta property=\"og:description\" content=\"Denizcilik ile ilgili Sivil Toplum Kurulu\u015flar\u0131 hakk\u0131nda Aybars Oru\u00e7 taraf\u0131ndan haz\u0131rlanm\u0131\u015f k\u00f6\u015fe yaz\u0131s\u0131d\u0131r.\" \/>\n<meta property=\"og:url\" content=\"https:\/\/e-marineeducation.com\/tr\/dusunen-adam-heykeli\/\" \/>\n<meta property=\"og:site_name\" content=\"e-MarineEducation.com\" \/>\n<meta property=\"article:author\" content=\"https:\/\/www.facebook.com\/oruc.aybars\" \/>\n<meta property=\"article:published_time\" content=\"2016-05-30T16:00:19+00:00\" \/>\n<meta property=\"og:image\" content=\"https:\/\/e-marineeducation.com\/tr\/wp-content\/uploads\/Aybars-Oru\u00e7-Simge-2.png\" \/>\n\t<meta property=\"og:image:width\" content=\"200\" \/>\n\t<meta property=\"og:image:height\" content=\"165\" \/>\n\t<meta property=\"og:image:type\" content=\"image\/png\" \/>\n<meta name=\"author\" content=\"Dr. Aybars Oru\u00e7\" \/>\n<meta name=\"twitter:card\" content=\"summary_large_image\" \/>\n<meta name=\"twitter:creator\" content=\"@aybarsoruc\" \/>\n<meta name=\"twitter:label1\" content=\"Yazan:\" \/>\n\t<meta name=\"twitter:data1\" content=\"Dr. Aybars Oru\u00e7\" \/>\n\t<meta name=\"twitter:label2\" content=\"Tahmini okuma s\u00fcresi\" \/>\n\t<meta name=\"twitter:data2\" content=\"2 dakika\" \/>\n<script type=\"application\/ld+json\" class=\"yoast-schema-graph\">{\"@context\":\"https:\\\/\\\/schema.org\",\"@graph\":[{\"@type\":\"Article\",\"@id\":\"https:\\\/\\\/e-marineeducation.com\\\/tr\\\/dusunen-adam-heykeli\\\/#article\",\"isPartOf\":{\"@id\":\"https:\\\/\\\/e-marineeducation.com\\\/tr\\\/dusunen-adam-heykeli\\\/\"},\"author\":{\"name\":\"Dr. Aybars Oru\u00e7\",\"@id\":\"https:\\\/\\\/e-marineeducation.com\\\/tr\\\/#\\\/schema\\\/person\\\/f7f32de91b2efb12f23950a06aad9e36\"},\"headline\":\"D\u00fc\u015f\u00fcnen Adam Heykeli\",\"datePublished\":\"2016-05-30T16:00:19+00:00\",\"mainEntityOfPage\":{\"@id\":\"https:\\\/\\\/e-marineeducation.com\\\/tr\\\/dusunen-adam-heykeli\\\/\"},\"wordCount\":415,\"commentCount\":3,\"image\":{\"@id\":\"https:\\\/\\\/e-marineeducation.com\\\/tr\\\/dusunen-adam-heykeli\\\/#primaryimage\"},\"thumbnailUrl\":\"https:\\\/\\\/e-marineeducation.com\\\/tr\\\/wp-content\\\/uploads\\\/Aybars-Oru\u00e7-Simge-2.png\",\"keywords\":[\"Aybars Oru\u00e7 Yaz\u0131lar\u0131\",\"D\u00fc\u015f\u00fcnen Adam Heykeli\",\"Sivil Toplum Kurulu\u015flar\u0131\",\"STK\"],\"articleSection\":[\"K\u00f6\u015fe Yaz\u0131lar\u0131\"],\"inLanguage\":\"tr\",\"potentialAction\":[{\"@type\":\"CommentAction\",\"name\":\"Comment\",\"target\":[\"https:\\\/\\\/e-marineeducation.com\\\/tr\\\/dusunen-adam-heykeli\\\/#respond\"]}]},{\"@type\":\"WebPage\",\"@id\":\"https:\\\/\\\/e-marineeducation.com\\\/tr\\\/dusunen-adam-heykeli\\\/\",\"url\":\"https:\\\/\\\/e-marineeducation.com\\\/tr\\\/dusunen-adam-heykeli\\\/\",\"name\":\"D\u00fc\u015f\u00fcnen Adam Heykeli - e-MarineEducation.com\",\"isPartOf\":{\"@id\":\"https:\\\/\\\/e-marineeducation.com\\\/tr\\\/#website\"},\"primaryImageOfPage\":{\"@id\":\"https:\\\/\\\/e-marineeducation.com\\\/tr\\\/dusunen-adam-heykeli\\\/#primaryimage\"},\"image\":{\"@id\":\"https:\\\/\\\/e-marineeducation.com\\\/tr\\\/dusunen-adam-heykeli\\\/#primaryimage\"},\"thumbnailUrl\":\"https:\\\/\\\/e-marineeducation.com\\\/tr\\\/wp-content\\\/uploads\\\/Aybars-Oru\u00e7-Simge-2.png\",\"datePublished\":\"2016-05-30T16:00:19+00:00\",\"author\":{\"@id\":\"https:\\\/\\\/e-marineeducation.com\\\/tr\\\/#\\\/schema\\\/person\\\/f7f32de91b2efb12f23950a06aad9e36\"},\"description\":\"Denizcilik ile ilgili Sivil Toplum Kurulu\u015flar\u0131 hakk\u0131nda Aybars Oru\u00e7 taraf\u0131ndan haz\u0131rlanm\u0131\u015f k\u00f6\u015fe yaz\u0131s\u0131d\u0131r.\",\"breadcrumb\":{\"@id\":\"https:\\\/\\\/e-marineeducation.com\\\/tr\\\/dusunen-adam-heykeli\\\/#breadcrumb\"},\"inLanguage\":\"tr\",\"potentialAction\":[{\"@type\":\"ReadAction\",\"target\":[\"https:\\\/\\\/e-marineeducation.com\\\/tr\\\/dusunen-adam-heykeli\\\/\"]}]},{\"@type\":\"ImageObject\",\"inLanguage\":\"tr\",\"@id\":\"https:\\\/\\\/e-marineeducation.com\\\/tr\\\/dusunen-adam-heykeli\\\/#primaryimage\",\"url\":\"https:\\\/\\\/e-marineeducation.com\\\/tr\\\/wp-content\\\/uploads\\\/Aybars-Oru\u00e7-Simge-2.png\",\"contentUrl\":\"https:\\\/\\\/e-marineeducation.com\\\/tr\\\/wp-content\\\/uploads\\\/Aybars-Oru\u00e7-Simge-2.png\",\"width\":200,\"height\":165},{\"@type\":\"BreadcrumbList\",\"@id\":\"https:\\\/\\\/e-marineeducation.com\\\/tr\\\/dusunen-adam-heykeli\\\/#breadcrumb\",\"itemListElement\":[{\"@type\":\"ListItem\",\"position\":1,\"name\":\"Ana sayfa\",\"item\":\"https:\\\/\\\/e-marineeducation.com\\\/tr\\\/\"},{\"@type\":\"ListItem\",\"position\":2,\"name\":\"D\u00fc\u015f\u00fcnen Adam Heykeli\"}]},{\"@type\":\"WebSite\",\"@id\":\"https:\\\/\\\/e-marineeducation.com\\\/tr\\\/#website\",\"url\":\"https:\\\/\\\/e-marineeducation.com\\\/tr\\\/\",\"name\":\"e-MarineEducation.com\",\"description\":\"Denizcilik E\u011fitimine Yeni Bir Bak\u0131\u015f A\u00e7\u0131s\u0131\",\"potentialAction\":[{\"@type\":\"SearchAction\",\"target\":{\"@type\":\"EntryPoint\",\"urlTemplate\":\"https:\\\/\\\/e-marineeducation.com\\\/tr\\\/?s={search_term_string}\"},\"query-input\":{\"@type\":\"PropertyValueSpecification\",\"valueRequired\":true,\"valueName\":\"search_term_string\"}}],\"inLanguage\":\"tr\"},{\"@type\":\"Person\",\"@id\":\"https:\\\/\\\/e-marineeducation.com\\\/tr\\\/#\\\/schema\\\/person\\\/f7f32de91b2efb12f23950a06aad9e36\",\"name\":\"Dr. Aybars Oru\u00e7\",\"image\":{\"@type\":\"ImageObject\",\"inLanguage\":\"tr\",\"@id\":\"https:\\\/\\\/e-marineeducation.com\\\/tr\\\/wp-content\\\/uploads\\\/avatars\\\/1\\\/1713307065-bpfull.jpg\",\"url\":\"https:\\\/\\\/e-marineeducation.com\\\/tr\\\/wp-content\\\/uploads\\\/avatars\\\/1\\\/1713307065-bpfull.jpg\",\"contentUrl\":\"https:\\\/\\\/e-marineeducation.com\\\/tr\\\/wp-content\\\/uploads\\\/avatars\\\/1\\\/1713307065-bpfull.jpg\",\"caption\":\"Dr. Aybars Oru\u00e7\"},\"description\":\"Dr. Aybars Oruc, e-MarineEducation.com'un kurucusudur. \u015eu anda Tallinn Teknoloji \u00dcniversitesi'ndeki Denizcilik Siber G\u00fcvenlik Merkezi'nde doktor ara\u015ft\u0131rmac\u0131 olarak \u00e7al\u0131\u015fmaktad\u0131r. Doktora (PhD) derecesini Norve\u00e7 Bilim ve Teknoloji \u00dcniversitesi'nden (NTNU) alm\u0131\u015ft\u0131r. \u00c7e\u015fitli tip ve tonajlardaki gemielrde \u00e7al\u0131\u015ft\u0131ktan sonra karaya ge\u00e7mi\u015f ve enspekt\u00f6r olarak \u00e7al\u0131\u015fm\u0131\u015ft\u0131r. Teknik ve operasyonel y\u00f6nlerin yan\u0131 s\u0131ra insan fakt\u00f6rlerini de i\u00e7eren geni\u015f bir yelpazede denizcilik siber g\u00fcvenli\u011fi \u00fczerine bilimsel ara\u015ft\u0131rmalar yapmaktad\u0131r. Uluslararas\u0131 Denizcilik \u00d6rg\u00fct\u00fc (IMO) taraf\u0131ndan bir ay s\u00fcreyle ara\u015ft\u0131rmalar\u0131n\u0131 y\u00fcr\u00fctmek \u00fczere kabul edilmi\u015ftir. Dr. Aybars Oruc, \u00f6zel ve askeri kurumlar dahil olmak \u00fczere klas kurulu\u015flar\u0131na, sigorta \u015firketlerine, Ar-Ge firmalar\u0131na, sahil g\u00fcvenlik ve donanma kuvvetlerine denizcilik siber g\u00fcvenli\u011fi konusunda bir\u00e7ok seminer vermi\u015ftir. 2022 y\u0131l\u0131nda NATO\u2019nun siber g\u00fcvenlik konferans\u0131 (CyCon) kapsam\u0131nda Davetli Konu\u015fmac\u0131 olarak yer alm\u0131\u015f ve \u00e7al\u0131\u015fmalar\u0131n\u0131 geni\u015f bir kitleyle payla\u015fm\u0131\u015ft\u0131r.\",\"sameAs\":[\"https:\\\/\\\/e-marineeducation.com\\\/tr\\\/profil-aybars-oruc\\\/\",\"https:\\\/\\\/www.facebook.com\\\/oruc.aybars\",\"https:\\\/\\\/www.instagram.com\\\/orucaybars\\\/\",\"https:\\\/\\\/www.linkedin.com\\\/in\\\/aybarsoruc\",\"https:\\\/\\\/x.com\\\/aybarsoruc\"],\"url\":\"https:\\\/\\\/e-marineeducation.com\\\/tr\\\/author\\\/denizci88\\\/\"}]}<\/script>\n<!-- \/ Yoast SEO plugin. -->","yoast_head_json":{"title":"D\u00fc\u015f\u00fcnen Adam Heykeli - e-MarineEducation.com","description":"Denizcilik ile ilgili Sivil Toplum Kurulu\u015flar\u0131 hakk\u0131nda Aybars Oru\u00e7 taraf\u0131ndan haz\u0131rlanm\u0131\u015f k\u00f6\u015fe yaz\u0131s\u0131d\u0131r.","robots":{"index":"index","follow":"follow","max-snippet":"max-snippet:-1","max-image-preview":"max-image-preview:large","max-video-preview":"max-video-preview:-1"},"canonical":"https:\/\/e-marineeducation.com\/tr\/dusunen-adam-heykeli\/","og_locale":"tr_TR","og_type":"article","og_title":"D\u00fc\u015f\u00fcnen Adam Heykeli - e-MarineEducation.com","og_description":"Denizcilik ile ilgili Sivil Toplum Kurulu\u015flar\u0131 hakk\u0131nda Aybars Oru\u00e7 taraf\u0131ndan haz\u0131rlanm\u0131\u015f k\u00f6\u015fe yaz\u0131s\u0131d\u0131r.","og_url":"https:\/\/e-marineeducation.com\/tr\/dusunen-adam-heykeli\/","og_site_name":"e-MarineEducation.com","article_author":"https:\/\/www.facebook.com\/oruc.aybars","article_published_time":"2016-05-30T16:00:19+00:00","og_image":[{"width":200,"height":165,"url":"https:\/\/e-marineeducation.com\/tr\/wp-content\/uploads\/Aybars-Oru\u00e7-Simge-2.png","type":"image\/png"}],"author":"Dr. Aybars Oru\u00e7","twitter_card":"summary_large_image","twitter_creator":"@aybarsoruc","twitter_misc":{"Yazan:":"Dr. Aybars Oru\u00e7","Tahmini okuma s\u00fcresi":"2 dakika"},"schema":{"@context":"https:\/\/schema.org","@graph":[{"@type":"Article","@id":"https:\/\/e-marineeducation.com\/tr\/dusunen-adam-heykeli\/#article","isPartOf":{"@id":"https:\/\/e-marineeducation.com\/tr\/dusunen-adam-heykeli\/"},"author":{"name":"Dr. Aybars Oru\u00e7","@id":"https:\/\/e-marineeducation.com\/tr\/#\/schema\/person\/f7f32de91b2efb12f23950a06aad9e36"},"headline":"D\u00fc\u015f\u00fcnen Adam Heykeli","datePublished":"2016-05-30T16:00:19+00:00","mainEntityOfPage":{"@id":"https:\/\/e-marineeducation.com\/tr\/dusunen-adam-heykeli\/"},"wordCount":415,"commentCount":3,"image":{"@id":"https:\/\/e-marineeducation.com\/tr\/dusunen-adam-heykeli\/#primaryimage"},"thumbnailUrl":"https:\/\/e-marineeducation.com\/tr\/wp-content\/uploads\/Aybars-Oru\u00e7-Simge-2.png","keywords":["Aybars Oru\u00e7 Yaz\u0131lar\u0131","D\u00fc\u015f\u00fcnen Adam Heykeli","Sivil Toplum Kurulu\u015flar\u0131","STK"],"articleSection":["K\u00f6\u015fe Yaz\u0131lar\u0131"],"inLanguage":"tr","potentialAction":[{"@type":"CommentAction","name":"Comment","target":["https:\/\/e-marineeducation.com\/tr\/dusunen-adam-heykeli\/#respond"]}]},{"@type":"WebPage","@id":"https:\/\/e-marineeducation.com\/tr\/dusunen-adam-heykeli\/","url":"https:\/\/e-marineeducation.com\/tr\/dusunen-adam-heykeli\/","name":"D\u00fc\u015f\u00fcnen Adam Heykeli - e-MarineEducation.com","isPartOf":{"@id":"https:\/\/e-marineeducation.com\/tr\/#website"},"primaryImageOfPage":{"@id":"https:\/\/e-marineeducation.com\/tr\/dusunen-adam-heykeli\/#primaryimage"},"image":{"@id":"https:\/\/e-marineeducation.com\/tr\/dusunen-adam-heykeli\/#primaryimage"},"thumbnailUrl":"https:\/\/e-marineeducation.com\/tr\/wp-content\/uploads\/Aybars-Oru\u00e7-Simge-2.png","datePublished":"2016-05-30T16:00:19+00:00","author":{"@id":"https:\/\/e-marineeducation.com\/tr\/#\/schema\/person\/f7f32de91b2efb12f23950a06aad9e36"},"description":"Denizcilik ile ilgili Sivil Toplum Kurulu\u015flar\u0131 hakk\u0131nda Aybars Oru\u00e7 taraf\u0131ndan haz\u0131rlanm\u0131\u015f k\u00f6\u015fe yaz\u0131s\u0131d\u0131r.","breadcrumb":{"@id":"https:\/\/e-marineeducation.com\/tr\/dusunen-adam-heykeli\/#breadcrumb"},"inLanguage":"tr","potentialAction":[{"@type":"ReadAction","target":["https:\/\/e-marineeducation.com\/tr\/dusunen-adam-heykeli\/"]}]},{"@type":"ImageObject","inLanguage":"tr","@id":"https:\/\/e-marineeducation.com\/tr\/dusunen-adam-heykeli\/#primaryimage","url":"https:\/\/e-marineeducation.com\/tr\/wp-content\/uploads\/Aybars-Oru\u00e7-Simge-2.png","contentUrl":"https:\/\/e-marineeducation.com\/tr\/wp-content\/uploads\/Aybars-Oru\u00e7-Simge-2.png","width":200,"height":165},{"@type":"BreadcrumbList","@id":"https:\/\/e-marineeducation.com\/tr\/dusunen-adam-heykeli\/#breadcrumb","itemListElement":[{"@type":"ListItem","position":1,"name":"Ana sayfa","item":"https:\/\/e-marineeducation.com\/tr\/"},{"@type":"ListItem","position":2,"name":"D\u00fc\u015f\u00fcnen Adam Heykeli"}]},{"@type":"WebSite","@id":"https:\/\/e-marineeducation.com\/tr\/#website","url":"https:\/\/e-marineeducation.com\/tr\/","name":"e-MarineEducation.com","description":"Denizcilik E\u011fitimine Yeni Bir Bak\u0131\u015f A\u00e7\u0131s\u0131","potentialAction":[{"@type":"SearchAction","target":{"@type":"EntryPoint","urlTemplate":"https:\/\/e-marineeducation.com\/tr\/?s={search_term_string}"},"query-input":{"@type":"PropertyValueSpecification","valueRequired":true,"valueName":"search_term_string"}}],"inLanguage":"tr"},{"@type":"Person","@id":"https:\/\/e-marineeducation.com\/tr\/#\/schema\/person\/f7f32de91b2efb12f23950a06aad9e36","name":"Dr. Aybars Oru\u00e7","image":{"@type":"ImageObject","inLanguage":"tr","@id":"https:\/\/e-marineeducation.com\/tr\/wp-content\/uploads\/avatars\/1\/1713307065-bpfull.jpg","url":"https:\/\/e-marineeducation.com\/tr\/wp-content\/uploads\/avatars\/1\/1713307065-bpfull.jpg","contentUrl":"https:\/\/e-marineeducation.com\/tr\/wp-content\/uploads\/avatars\/1\/1713307065-bpfull.jpg","caption":"Dr. Aybars Oru\u00e7"},"description":"Dr. Aybars Oruc, e-MarineEducation.com'un kurucusudur. \u015eu anda Tallinn Teknoloji \u00dcniversitesi'ndeki Denizcilik Siber G\u00fcvenlik Merkezi'nde doktor ara\u015ft\u0131rmac\u0131 olarak \u00e7al\u0131\u015fmaktad\u0131r. Doktora (PhD) derecesini Norve\u00e7 Bilim ve Teknoloji \u00dcniversitesi'nden (NTNU) alm\u0131\u015ft\u0131r. \u00c7e\u015fitli tip ve tonajlardaki gemielrde \u00e7al\u0131\u015ft\u0131ktan sonra karaya ge\u00e7mi\u015f ve enspekt\u00f6r olarak \u00e7al\u0131\u015fm\u0131\u015ft\u0131r. Teknik ve operasyonel y\u00f6nlerin yan\u0131 s\u0131ra insan fakt\u00f6rlerini de i\u00e7eren geni\u015f bir yelpazede denizcilik siber g\u00fcvenli\u011fi \u00fczerine bilimsel ara\u015ft\u0131rmalar yapmaktad\u0131r. Uluslararas\u0131 Denizcilik \u00d6rg\u00fct\u00fc (IMO) taraf\u0131ndan bir ay s\u00fcreyle ara\u015ft\u0131rmalar\u0131n\u0131 y\u00fcr\u00fctmek \u00fczere kabul edilmi\u015ftir. Dr. Aybars Oruc, \u00f6zel ve askeri kurumlar dahil olmak \u00fczere klas kurulu\u015flar\u0131na, sigorta \u015firketlerine, Ar-Ge firmalar\u0131na, sahil g\u00fcvenlik ve donanma kuvvetlerine denizcilik siber g\u00fcvenli\u011fi konusunda bir\u00e7ok seminer vermi\u015ftir. 2022 y\u0131l\u0131nda NATO\u2019nun siber g\u00fcvenlik konferans\u0131 (CyCon) kapsam\u0131nda Davetli Konu\u015fmac\u0131 olarak yer alm\u0131\u015f ve \u00e7al\u0131\u015fmalar\u0131n\u0131 geni\u015f bir kitleyle payla\u015fm\u0131\u015ft\u0131r.","sameAs":["https:\/\/e-marineeducation.com\/tr\/profil-aybars-oruc\/","https:\/\/www.facebook.com\/oruc.aybars","https:\/\/www.instagram.com\/orucaybars\/","https:\/\/www.linkedin.com\/in\/aybarsoruc","https:\/\/x.com\/aybarsoruc"],"url":"https:\/\/e-marineeducation.com\/tr\/author\/denizci88\/"}]}},"_links":{"self":[{"href":"https:\/\/e-marineeducation.com\/tr\/wp-json\/wp\/v2\/posts\/24768","targetHints":{"allow":["GET"]}}],"collection":[{"href":"https:\/\/e-marineeducation.com\/tr\/wp-json\/wp\/v2\/posts"}],"about":[{"href":"https:\/\/e-marineeducation.com\/tr\/wp-json\/wp\/v2\/types\/post"}],"author":[{"embeddable":true,"href":"https:\/\/e-marineeducation.com\/tr\/wp-json\/wp\/v2\/users\/1"}],"replies":[{"embeddable":true,"href":"https:\/\/e-marineeducation.com\/tr\/wp-json\/wp\/v2\/comments?post=24768"}],"version-history":[{"count":0,"href":"https:\/\/e-marineeducation.com\/tr\/wp-json\/wp\/v2\/posts\/24768\/revisions"}],"wp:featuredmedia":[{"embeddable":true,"href":"https:\/\/e-marineeducation.com\/tr\/wp-json\/wp\/v2\/media\/24769"}],"wp:attachment":[{"href":"https:\/\/e-marineeducation.com\/tr\/wp-json\/wp\/v2\/media?parent=24768"}],"wp:term":[{"taxonomy":"category","embeddable":true,"href":"https:\/\/e-marineeducation.com\/tr\/wp-json\/wp\/v2\/categories?post=24768"},{"taxonomy":"post_tag","embeddable":true,"href":"https:\/\/e-marineeducation.com\/tr\/wp-json\/wp\/v2\/tags?post=24768"}],"curies":[{"name":"wp","href":"https:\/\/api.w.org\/{rel}","templated":true}]}}