

{"id":24734,"date":"2016-05-27T19:00:17","date_gmt":"2016-05-27T16:00:17","guid":{"rendered":"https:\/\/e-marineeducation.com\/tr\/?p=24734"},"modified":"2016-05-27T15:31:44","modified_gmt":"2016-05-27T12:31:44","slug":"ortakoylu-denizciler-balik-gununde-bulusuyor","status":"publish","type":"post","link":"https:\/\/e-marineeducation.com\/tr\/ortakoylu-denizciler-balik-gununde-bulusuyor\/","title":{"rendered":"Ortak\u00f6yl\u00fc Denizciler Bal\u0131k G\u00fcn\u00fcnde Bulu\u015fuyor"},"content":{"rendered":"<p style=\"text-align: justify;\"><img loading=\"lazy\" decoding=\"async\" class=\"alignleft size-full wp-image-13456\" src=\"https:\/\/e-marineeducation.com\/tr\/wp-content\/uploads\/Ziya-Kalkavan-ADML-Mezunlar\u0131-Derne\u011fi-Logosu.png\" alt=\"Ziya Kalkavan ADML Mezunlar\u0131 Derne\u011fi Logosu\" width=\"127\" height=\"145\" \/>Denizcilik e\u011fitiminin k\u00f6kl\u00fc \u00e7\u0131narlar\u0131ndan <em><span style=\"color: #3498db;\">Ziya Kalkavan Mesleki ve\u00a0Teknik Anadolu Lisesi<\/span><\/em> mezunlar\u0131, \u00f6\u011frencileri, \u00f6\u011fretmenleri ve ge\u00e7mi\u015ften bug\u00fcne okula hizmet vermi\u015f olan emektarlar\u0131, <em><span style=\"color: #3498db;\">Geleneksel Bal\u0131k G\u00fcn\u00fc<\/span><\/em> i\u00e7in <em><span style=\"color: #3498db;\">29 May\u0131s 2016<\/span><\/em> tarihinde saat <span style=\"color: #3498db;\"><em>12.00<\/em><\/span>\u2019de okulun <em><span style=\"color: #3498db;\">Ortak\u00f6y<\/span><\/em>\u2019de bulunan yerle\u015fkesinde toplan\u0131yorlar.<\/p>\n<p style=\"text-align: justify;\"><span style=\"color: #3498db;\"><em>Ziya Kalkavan Anadolu Denizcilik Meslek Lisesi Mezunlar\u0131 Derne\u011fi<\/em> <\/span>taraf\u0131ndan bu y\u0131l <em><span style=\"color: #3498db;\">12.si<\/span><\/em> organize edilecek olan etkinli\u011fin <em><span style=\"color: #3498db;\">Genel Kurul Toplant\u0131s\u0131<\/span><\/em> ile ba\u015flamas\u0131 beklenmektedir. Genel kurulda yeni y\u00f6netim kurulunun belirlenmesinin ard\u0131ndan, saat 13.00\u2019te geleneksel olarak ger\u00e7ekle\u015ftirilecek bal\u0131k ekmek ikram\u0131 b\u00f6l\u00fcm\u00fcnde, ge\u00e7mi\u015ften bug\u00fcne okul b\u00fcnyesinde yer alm\u0131\u015f olan t\u00fcm konuklar\u0131n, okulun bah\u00e7esinde bir araya gelmesi beklenmektedir.<\/p>\n<p style=\"text-align: justify;\"><span style=\"text-decoration: underline;\"><strong>12. Geleneksel Bal\u0131k G\u00fcn\u00fc program\u0131 ise a\u015fa\u011f\u0131daki \u015fekildedir;<\/strong><\/span><\/p>\n<p style=\"text-align: justify;\"><strong>Genel Kurul Program\u0131<\/strong><\/p>\n<ol style=\"text-align: justify;\">\n<li>6. Ola\u011fan Genel Kurul a\u00e7\u0131l\u0131\u015f\u0131; sayg\u0131 duru\u015fu ve ard\u0131ndan \u0130stiklal Mar\u015f\u0131&#8217;n\u0131n okunmas\u0131,<\/li>\n<li>Genel Kurul Divan se\u00e7imi,<\/li>\n<li>Divan Kurulu&#8217;na Genel Kurul tutanaklar\u0131n\u0131n imzalama yetkisinin verilmesi,<\/li>\n<li>\u00c7al\u0131\u015fma raporunun okunmas\u0131,<\/li>\n<li>Mali ve denetleme raporlar\u0131n\u0131n okunmas\u0131,<\/li>\n<li>Raporlar\u0131n m\u00fczakeresi ve Y\u00f6netim Kurulu&#8217;nun ibras\u0131,<\/li>\n<li>Muhammen b\u00fct\u00e7enin teklifi ve onaylanmas\u0131,<\/li>\n<li>T\u00fcrkiye Denizcilik Federasyonu kat\u0131l\u0131m g\u00f6r\u00fc\u015fmelerinin yap\u0131lmas\u0131,<\/li>\n<li>T\u00fcrkiye Denizcilik Federasyonu delege se\u00e7imi,<\/li>\n<li>Aday y\u00f6netim ve denetim kurullar\u0131n\u0131n teklifi,<\/li>\n<li>Yeni y\u00f6netim ve denetim kurullar\u0131n\u0131n se\u00e7imi,<\/li>\n<li>\u00d6neriler ve dilekler,<\/li>\n<li>Kapan\u0131\u015f.<\/li>\n<\/ol>\n<p style=\"text-align: justify;\"><strong>Bal\u0131k G\u00fcn\u00fc Program\u0131<\/strong><\/p>\n<ol>\n<li style=\"text-align: justify;\">Ola\u011fan Genel Kurul<\/li>\n<li style=\"text-align: justify;\">A\u00e7\u0131l\u0131\u015f ve kokteyl<\/li>\n<li style=\"text-align: justify;\">Dernek Ba\u015fkan\u0131 ve protokol konu\u015fmalar\u0131<\/li>\n<li style=\"text-align: justify;\">Okul mezunlar\u0131m\u0131z\u0131n konu\u015fmalar\u0131<\/li>\n<li style=\"text-align: justify;\">25. G\u00fcm\u00fc\u015f Y\u0131l\u0131 mezunlar\u0131na plaket takdimi<\/li>\n<li style=\"text-align: justify;\">M\u00fczik dinletisi ve bal\u0131k ikram\u0131<\/li>\n<li style=\"text-align: justify;\">Mezunlar aras\u0131 yar\u0131\u015fmalar<\/li>\n<\/ol>\n<p><img loading=\"lazy\" decoding=\"async\" class=\"aligncenter size-full wp-image-24735\" src=\"https:\/\/e-marineeducation.com\/tr\/wp-content\/uploads\/12.-Bal\u0131k-G\u00fcn\u00fc-Afi\u015f.jpg\" alt=\"12. Bal\u0131k G\u00fcn\u00fc Afi\u015f\" width=\"595\" height=\"249\" srcset=\"https:\/\/e-marineeducation.com\/tr\/wp-content\/uploads\/12.-Bal\u0131k-G\u00fcn\u00fc-Afi\u015f.jpg 595w, https:\/\/e-marineeducation.com\/tr\/wp-content\/uploads\/12.-Bal\u0131k-G\u00fcn\u00fc-Afi\u015f-150x63.jpg 150w, https:\/\/e-marineeducation.com\/tr\/wp-content\/uploads\/12.-Bal\u0131k-G\u00fcn\u00fc-Afi\u015f-300x126.jpg 300w\" sizes=\"auto, (max-width: 595px) 100vw, 595px\" \/><\/p>\n<p><strong>D\u00fczenleme: <span style=\"text-decoration: underline; color: #3498db;\"><a style=\"color: #3498db; text-decoration: underline;\" href=\"https:\/\/e-marineeducation.com\/tr\/profil-batuhan-omacan\/\">Batuhan Omacan<\/a><\/span><\/strong><br \/>\n<strong>Ekleyen: <span style=\"text-decoration: underline; color: #3498db;\"><a style=\"color: #3498db; text-decoration: underline;\" href=\"https:\/\/e-marineeducation.com\/tr\/profil-huseyin-altay-yontan\/\">H\u00fcseyin Altay Yontan<\/a><\/span><\/strong><\/p>\n","protected":false},"excerpt":{"rendered":"<p>Denizcilik e\u011fitiminin k\u00f6kl\u00fc \u00e7\u0131narlar\u0131ndan Ziya Kalkavan Mesleki ve\u00a0Teknik Anadolu Lisesi mezunlar\u0131, \u00f6\u011frencileri, \u00f6\u011fretmenleri ve ge\u00e7mi\u015ften bug\u00fcne okula hizmet vermi\u015f olan emektarlar\u0131, Geleneksel Bal\u0131k G\u00fcn\u00fc i\u00e7in 29 May\u0131s 2016 tarihinde saat 12.00\u2019de okulun Ortak\u00f6y\u2019de bulunan yerle\u015fkesinde toplan\u0131yorlar. Ziya Kalkavan Anadolu Denizcilik Meslek Lisesi Mezunlar\u0131 Derne\u011fi taraf\u0131ndan bu y\u0131l 12.si organize edilecek olan etkinli\u011fin Genel Kurul Toplant\u0131s\u0131 &hellip;<\/p>\n","protected":false},"author":87,"featured_media":24646,"comment_status":"open","ping_status":"closed","sticky":false,"template":"","format":"standard","meta":{"_acf_changed":false,"_bbp_topic_count":0,"_bbp_reply_count":0,"_bbp_total_topic_count":0,"_bbp_total_reply_count":0,"_bbp_voice_count":0,"_bbp_anonymous_reply_count":0,"_bbp_topic_count_hidden":0,"_bbp_reply_count_hidden":0,"_bbp_forum_subforum_count":0,"footnotes":""},"categories":[18],"tags":[4325,1880,822,1004,1049,4326],"class_list":["post-24734","post","type-post","status-publish","format-standard","has-post-thumbnail","","category-haberler","tag-batuhan-omacan-duzenlemeleri","tag-geleneksel-balik-gunu","tag-genel-kurul-toplantisi","tag-huseyin-altay-yontan-eklemeleri","tag-tayfun-emre-zerde-haberleri","tag-ziya-kalkavan-denizcilik-meslek-lisesi-mezunlari-dernegi"],"acf":[],"yoast_head":"<!-- This site is optimized with the Yoast SEO plugin v27.4 - https:\/\/yoast.com\/product\/yoast-seo-wordpress\/ -->\n<title>Ortak\u00f6yl\u00fc Denizciler Bal\u0131k G\u00fcn\u00fcnde Bulu\u015fuyor - e-MarineEducation.com<\/title>\n<meta name=\"description\" content=\"Ziya Kalkavan Anadolu Denizcilik Meslek Lisesi Mezunlar\u0131 Derne\u011fi bu y\u0131l 12.si ger\u00e7ekle\u015fecek Geleneksel Bal\u0131k G\u00fcn\u00fc organizasyonu ile bir araya geliyor.\" \/>\n<meta name=\"robots\" content=\"index, follow, max-snippet:-1, max-image-preview:large, max-video-preview:-1\" \/>\n<link rel=\"canonical\" href=\"https:\/\/e-marineeducation.com\/tr\/ortakoylu-denizciler-balik-gununde-bulusuyor\/\" \/>\n<meta property=\"og:locale\" content=\"tr_TR\" \/>\n<meta property=\"og:type\" content=\"article\" \/>\n<meta property=\"og:title\" content=\"Ortak\u00f6yl\u00fc Denizciler Bal\u0131k G\u00fcn\u00fcnde Bulu\u015fuyor - e-MarineEducation.com\" \/>\n<meta property=\"og:description\" content=\"Ziya Kalkavan Anadolu Denizcilik Meslek Lisesi Mezunlar\u0131 Derne\u011fi bu y\u0131l 12.si ger\u00e7ekle\u015fecek Geleneksel Bal\u0131k G\u00fcn\u00fc organizasyonu ile bir araya geliyor.\" \/>\n<meta property=\"og:url\" content=\"https:\/\/e-marineeducation.com\/tr\/ortakoylu-denizciler-balik-gununde-bulusuyor\/\" \/>\n<meta property=\"og:site_name\" content=\"e-MarineEducation.com\" \/>\n<meta property=\"article:author\" content=\"https:\/\/www.facebook.com\/tzerde\" \/>\n<meta property=\"article:published_time\" content=\"2016-05-27T16:00:17+00:00\" \/>\n<meta property=\"og:image\" content=\"https:\/\/e-marineeducation.com\/tr\/wp-content\/uploads\/Ziya-Kalkavan-ADML-Mezunlar-Derne\u011fi-Simge.jpg\" \/>\n\t<meta property=\"og:image:width\" content=\"200\" \/>\n\t<meta property=\"og:image:height\" content=\"165\" \/>\n\t<meta property=\"og:image:type\" content=\"image\/jpeg\" \/>\n<meta name=\"author\" content=\"Tayfun Emre Zerde\" \/>\n<meta name=\"twitter:card\" content=\"summary_large_image\" \/>\n<meta name=\"twitter:creator\" content=\"@tayfunemrezerde\" \/>\n<meta name=\"twitter:label1\" content=\"Yazan:\" \/>\n\t<meta name=\"twitter:data1\" content=\"Tayfun Emre Zerde\" \/>\n\t<meta name=\"twitter:label2\" content=\"Tahmini okuma s\u00fcresi\" \/>\n\t<meta name=\"twitter:data2\" content=\"1 dakika\" \/>\n<script type=\"application\/ld+json\" class=\"yoast-schema-graph\">{\"@context\":\"https:\\\/\\\/schema.org\",\"@graph\":[{\"@type\":\"Article\",\"@id\":\"https:\\\/\\\/e-marineeducation.com\\\/tr\\\/ortakoylu-denizciler-balik-gununde-bulusuyor\\\/#article\",\"isPartOf\":{\"@id\":\"https:\\\/\\\/e-marineeducation.com\\\/tr\\\/ortakoylu-denizciler-balik-gununde-bulusuyor\\\/\"},\"author\":{\"name\":\"Tayfun Emre Zerde\",\"@id\":\"https:\\\/\\\/e-marineeducation.com\\\/tr\\\/#\\\/schema\\\/person\\\/730c1e72bd72b03ce94cde8084c81aa1\"},\"headline\":\"Ortak\u00f6yl\u00fc Denizciler Bal\u0131k G\u00fcn\u00fcnde Bulu\u015fuyor\",\"datePublished\":\"2016-05-27T16:00:17+00:00\",\"mainEntityOfPage\":{\"@id\":\"https:\\\/\\\/e-marineeducation.com\\\/tr\\\/ortakoylu-denizciler-balik-gununde-bulusuyor\\\/\"},\"wordCount\":303,\"commentCount\":0,\"image\":{\"@id\":\"https:\\\/\\\/e-marineeducation.com\\\/tr\\\/ortakoylu-denizciler-balik-gununde-bulusuyor\\\/#primaryimage\"},\"thumbnailUrl\":\"https:\\\/\\\/e-marineeducation.com\\\/tr\\\/wp-content\\\/uploads\\\/Ziya-Kalkavan-ADML-Mezunlar-Derne\u011fi-Simge.jpg\",\"keywords\":[\"Batuhan Omacan D\u00fczenlemeleri\",\"Geleneksel Bal\u0131k G\u00fcn\u00fc\",\"Genel Kurul Toplant\u0131s\u0131\",\"H\u00fcseyin Altay Yontan Eklemeleri\",\"Tayfun Emre Zerde Haberleri\",\"Ziya Kalkavan Denizcilik Meslek Lisesi Mezunlar\u0131 Derne\u011fi\"],\"articleSection\":[\"Haberler\"],\"inLanguage\":\"tr\",\"potentialAction\":[{\"@type\":\"CommentAction\",\"name\":\"Comment\",\"target\":[\"https:\\\/\\\/e-marineeducation.com\\\/tr\\\/ortakoylu-denizciler-balik-gununde-bulusuyor\\\/#respond\"]}]},{\"@type\":\"WebPage\",\"@id\":\"https:\\\/\\\/e-marineeducation.com\\\/tr\\\/ortakoylu-denizciler-balik-gununde-bulusuyor\\\/\",\"url\":\"https:\\\/\\\/e-marineeducation.com\\\/tr\\\/ortakoylu-denizciler-balik-gununde-bulusuyor\\\/\",\"name\":\"Ortak\u00f6yl\u00fc Denizciler Bal\u0131k G\u00fcn\u00fcnde Bulu\u015fuyor - e-MarineEducation.com\",\"isPartOf\":{\"@id\":\"https:\\\/\\\/e-marineeducation.com\\\/tr\\\/#website\"},\"primaryImageOfPage\":{\"@id\":\"https:\\\/\\\/e-marineeducation.com\\\/tr\\\/ortakoylu-denizciler-balik-gununde-bulusuyor\\\/#primaryimage\"},\"image\":{\"@id\":\"https:\\\/\\\/e-marineeducation.com\\\/tr\\\/ortakoylu-denizciler-balik-gununde-bulusuyor\\\/#primaryimage\"},\"thumbnailUrl\":\"https:\\\/\\\/e-marineeducation.com\\\/tr\\\/wp-content\\\/uploads\\\/Ziya-Kalkavan-ADML-Mezunlar-Derne\u011fi-Simge.jpg\",\"datePublished\":\"2016-05-27T16:00:17+00:00\",\"author\":{\"@id\":\"https:\\\/\\\/e-marineeducation.com\\\/tr\\\/#\\\/schema\\\/person\\\/730c1e72bd72b03ce94cde8084c81aa1\"},\"description\":\"Ziya Kalkavan Anadolu Denizcilik Meslek Lisesi Mezunlar\u0131 Derne\u011fi bu y\u0131l 12.si ger\u00e7ekle\u015fecek Geleneksel Bal\u0131k G\u00fcn\u00fc organizasyonu ile bir araya geliyor.\",\"breadcrumb\":{\"@id\":\"https:\\\/\\\/e-marineeducation.com\\\/tr\\\/ortakoylu-denizciler-balik-gununde-bulusuyor\\\/#breadcrumb\"},\"inLanguage\":\"tr\",\"potentialAction\":[{\"@type\":\"ReadAction\",\"target\":[\"https:\\\/\\\/e-marineeducation.com\\\/tr\\\/ortakoylu-denizciler-balik-gununde-bulusuyor\\\/\"]}]},{\"@type\":\"ImageObject\",\"inLanguage\":\"tr\",\"@id\":\"https:\\\/\\\/e-marineeducation.com\\\/tr\\\/ortakoylu-denizciler-balik-gununde-bulusuyor\\\/#primaryimage\",\"url\":\"https:\\\/\\\/e-marineeducation.com\\\/tr\\\/wp-content\\\/uploads\\\/Ziya-Kalkavan-ADML-Mezunlar-Derne\u011fi-Simge.jpg\",\"contentUrl\":\"https:\\\/\\\/e-marineeducation.com\\\/tr\\\/wp-content\\\/uploads\\\/Ziya-Kalkavan-ADML-Mezunlar-Derne\u011fi-Simge.jpg\",\"width\":200,\"height\":165},{\"@type\":\"BreadcrumbList\",\"@id\":\"https:\\\/\\\/e-marineeducation.com\\\/tr\\\/ortakoylu-denizciler-balik-gununde-bulusuyor\\\/#breadcrumb\",\"itemListElement\":[{\"@type\":\"ListItem\",\"position\":1,\"name\":\"Ana sayfa\",\"item\":\"https:\\\/\\\/e-marineeducation.com\\\/tr\\\/\"},{\"@type\":\"ListItem\",\"position\":2,\"name\":\"Ortak\u00f6yl\u00fc Denizciler Bal\u0131k G\u00fcn\u00fcnde Bulu\u015fuyor\"}]},{\"@type\":\"WebSite\",\"@id\":\"https:\\\/\\\/e-marineeducation.com\\\/tr\\\/#website\",\"url\":\"https:\\\/\\\/e-marineeducation.com\\\/tr\\\/\",\"name\":\"e-MarineEducation.com\",\"description\":\"Denizcilik E\u011fitimine Yeni Bir Bak\u0131\u015f A\u00e7\u0131s\u0131\",\"potentialAction\":[{\"@type\":\"SearchAction\",\"target\":{\"@type\":\"EntryPoint\",\"urlTemplate\":\"https:\\\/\\\/e-marineeducation.com\\\/tr\\\/?s={search_term_string}\"},\"query-input\":{\"@type\":\"PropertyValueSpecification\",\"valueRequired\":true,\"valueName\":\"search_term_string\"}}],\"inLanguage\":\"tr\"},{\"@type\":\"Person\",\"@id\":\"https:\\\/\\\/e-marineeducation.com\\\/tr\\\/#\\\/schema\\\/person\\\/730c1e72bd72b03ce94cde8084c81aa1\",\"name\":\"Tayfun Emre Zerde\",\"image\":{\"@type\":\"ImageObject\",\"inLanguage\":\"tr\",\"@id\":\"https:\\\/\\\/e-marineeducation.com\\\/tr\\\/wp-content\\\/uploads\\\/avatars\\\/87\\\/1460930768-bpfull.jpg\",\"url\":\"https:\\\/\\\/e-marineeducation.com\\\/tr\\\/wp-content\\\/uploads\\\/avatars\\\/87\\\/1460930768-bpfull.jpg\",\"contentUrl\":\"https:\\\/\\\/e-marineeducation.com\\\/tr\\\/wp-content\\\/uploads\\\/avatars\\\/87\\\/1460930768-bpfull.jpg\",\"caption\":\"Tayfun Emre Zerde\"},\"description\":\"Karadeniz Teknik \u00dcniversitesi Deniz Ula\u015ft\u0131rma \u0130\u015fletme M\u00fchendisli\u011fi b\u00f6l\u00fcm\u00fc mezunudur. 2011 y\u0131l\u0131nda Ziya Kalkavan Denizcilik Anadolu Teknik Lisesi Gemi Y\u00f6netimi-G\u00fcverte b\u00f6l\u00fcm\u00fcnden mezun olmustur. Sonrasinda Bah\u00e7e\u015fehir \u00dcniversitesi Deniz Ula\u015ft\u0131rma \u0130\u015fletme b\u00f6l\u00fcm\u00fcnden dereceyle mezun olmu\u015ftur. Ayrica Deniz Ticaret Enstit\u00fcs\u00fc'nde Gemi Kiralama ve Brokerl\u0131k e\u011fitimi alm\u0131\u015ft\u0131r. 2012 y\u0131l\u0131ndan bu yana e-MarineEducation.com b\u00fcnyesinde bulunmaktad\u0131r. Deniz kariyerine Uzakyol Vardiya Zabiti olarak devam etmektedir.\",\"sameAs\":[\"https:\\\/\\\/e-marineeducation.com\\\/tr\\\/profil-tayfun-emre-zerde\\\/\",\"https:\\\/\\\/www.facebook.com\\\/tzerde\",\"https:\\\/\\\/x.com\\\/@tayfunemrezerde\"],\"url\":\"https:\\\/\\\/e-marineeducation.com\\\/tr\\\/author\\\/tezero\\\/\"}]}<\/script>\n<!-- \/ Yoast SEO plugin. -->","yoast_head_json":{"title":"Ortak\u00f6yl\u00fc Denizciler Bal\u0131k G\u00fcn\u00fcnde Bulu\u015fuyor - e-MarineEducation.com","description":"Ziya Kalkavan Anadolu Denizcilik Meslek Lisesi Mezunlar\u0131 Derne\u011fi bu y\u0131l 12.si ger\u00e7ekle\u015fecek Geleneksel Bal\u0131k G\u00fcn\u00fc organizasyonu ile bir araya geliyor.","robots":{"index":"index","follow":"follow","max-snippet":"max-snippet:-1","max-image-preview":"max-image-preview:large","max-video-preview":"max-video-preview:-1"},"canonical":"https:\/\/e-marineeducation.com\/tr\/ortakoylu-denizciler-balik-gununde-bulusuyor\/","og_locale":"tr_TR","og_type":"article","og_title":"Ortak\u00f6yl\u00fc Denizciler Bal\u0131k G\u00fcn\u00fcnde Bulu\u015fuyor - e-MarineEducation.com","og_description":"Ziya Kalkavan Anadolu Denizcilik Meslek Lisesi Mezunlar\u0131 Derne\u011fi bu y\u0131l 12.si ger\u00e7ekle\u015fecek Geleneksel Bal\u0131k G\u00fcn\u00fc organizasyonu ile bir araya geliyor.","og_url":"https:\/\/e-marineeducation.com\/tr\/ortakoylu-denizciler-balik-gununde-bulusuyor\/","og_site_name":"e-MarineEducation.com","article_author":"https:\/\/www.facebook.com\/tzerde","article_published_time":"2016-05-27T16:00:17+00:00","og_image":[{"width":200,"height":165,"url":"https:\/\/e-marineeducation.com\/tr\/wp-content\/uploads\/Ziya-Kalkavan-ADML-Mezunlar-Derne\u011fi-Simge.jpg","type":"image\/jpeg"}],"author":"Tayfun Emre Zerde","twitter_card":"summary_large_image","twitter_creator":"@tayfunemrezerde","twitter_misc":{"Yazan:":"Tayfun Emre Zerde","Tahmini okuma s\u00fcresi":"1 dakika"},"schema":{"@context":"https:\/\/schema.org","@graph":[{"@type":"Article","@id":"https:\/\/e-marineeducation.com\/tr\/ortakoylu-denizciler-balik-gununde-bulusuyor\/#article","isPartOf":{"@id":"https:\/\/e-marineeducation.com\/tr\/ortakoylu-denizciler-balik-gununde-bulusuyor\/"},"author":{"name":"Tayfun Emre Zerde","@id":"https:\/\/e-marineeducation.com\/tr\/#\/schema\/person\/730c1e72bd72b03ce94cde8084c81aa1"},"headline":"Ortak\u00f6yl\u00fc Denizciler Bal\u0131k G\u00fcn\u00fcnde Bulu\u015fuyor","datePublished":"2016-05-27T16:00:17+00:00","mainEntityOfPage":{"@id":"https:\/\/e-marineeducation.com\/tr\/ortakoylu-denizciler-balik-gununde-bulusuyor\/"},"wordCount":303,"commentCount":0,"image":{"@id":"https:\/\/e-marineeducation.com\/tr\/ortakoylu-denizciler-balik-gununde-bulusuyor\/#primaryimage"},"thumbnailUrl":"https:\/\/e-marineeducation.com\/tr\/wp-content\/uploads\/Ziya-Kalkavan-ADML-Mezunlar-Derne\u011fi-Simge.jpg","keywords":["Batuhan Omacan D\u00fczenlemeleri","Geleneksel Bal\u0131k G\u00fcn\u00fc","Genel Kurul Toplant\u0131s\u0131","H\u00fcseyin Altay Yontan Eklemeleri","Tayfun Emre Zerde Haberleri","Ziya Kalkavan Denizcilik Meslek Lisesi Mezunlar\u0131 Derne\u011fi"],"articleSection":["Haberler"],"inLanguage":"tr","potentialAction":[{"@type":"CommentAction","name":"Comment","target":["https:\/\/e-marineeducation.com\/tr\/ortakoylu-denizciler-balik-gununde-bulusuyor\/#respond"]}]},{"@type":"WebPage","@id":"https:\/\/e-marineeducation.com\/tr\/ortakoylu-denizciler-balik-gununde-bulusuyor\/","url":"https:\/\/e-marineeducation.com\/tr\/ortakoylu-denizciler-balik-gununde-bulusuyor\/","name":"Ortak\u00f6yl\u00fc Denizciler Bal\u0131k G\u00fcn\u00fcnde Bulu\u015fuyor - e-MarineEducation.com","isPartOf":{"@id":"https:\/\/e-marineeducation.com\/tr\/#website"},"primaryImageOfPage":{"@id":"https:\/\/e-marineeducation.com\/tr\/ortakoylu-denizciler-balik-gununde-bulusuyor\/#primaryimage"},"image":{"@id":"https:\/\/e-marineeducation.com\/tr\/ortakoylu-denizciler-balik-gununde-bulusuyor\/#primaryimage"},"thumbnailUrl":"https:\/\/e-marineeducation.com\/tr\/wp-content\/uploads\/Ziya-Kalkavan-ADML-Mezunlar-Derne\u011fi-Simge.jpg","datePublished":"2016-05-27T16:00:17+00:00","author":{"@id":"https:\/\/e-marineeducation.com\/tr\/#\/schema\/person\/730c1e72bd72b03ce94cde8084c81aa1"},"description":"Ziya Kalkavan Anadolu Denizcilik Meslek Lisesi Mezunlar\u0131 Derne\u011fi bu y\u0131l 12.si ger\u00e7ekle\u015fecek Geleneksel Bal\u0131k G\u00fcn\u00fc organizasyonu ile bir araya geliyor.","breadcrumb":{"@id":"https:\/\/e-marineeducation.com\/tr\/ortakoylu-denizciler-balik-gununde-bulusuyor\/#breadcrumb"},"inLanguage":"tr","potentialAction":[{"@type":"ReadAction","target":["https:\/\/e-marineeducation.com\/tr\/ortakoylu-denizciler-balik-gununde-bulusuyor\/"]}]},{"@type":"ImageObject","inLanguage":"tr","@id":"https:\/\/e-marineeducation.com\/tr\/ortakoylu-denizciler-balik-gununde-bulusuyor\/#primaryimage","url":"https:\/\/e-marineeducation.com\/tr\/wp-content\/uploads\/Ziya-Kalkavan-ADML-Mezunlar-Derne\u011fi-Simge.jpg","contentUrl":"https:\/\/e-marineeducation.com\/tr\/wp-content\/uploads\/Ziya-Kalkavan-ADML-Mezunlar-Derne\u011fi-Simge.jpg","width":200,"height":165},{"@type":"BreadcrumbList","@id":"https:\/\/e-marineeducation.com\/tr\/ortakoylu-denizciler-balik-gununde-bulusuyor\/#breadcrumb","itemListElement":[{"@type":"ListItem","position":1,"name":"Ana sayfa","item":"https:\/\/e-marineeducation.com\/tr\/"},{"@type":"ListItem","position":2,"name":"Ortak\u00f6yl\u00fc Denizciler Bal\u0131k G\u00fcn\u00fcnde Bulu\u015fuyor"}]},{"@type":"WebSite","@id":"https:\/\/e-marineeducation.com\/tr\/#website","url":"https:\/\/e-marineeducation.com\/tr\/","name":"e-MarineEducation.com","description":"Denizcilik E\u011fitimine Yeni Bir Bak\u0131\u015f A\u00e7\u0131s\u0131","potentialAction":[{"@type":"SearchAction","target":{"@type":"EntryPoint","urlTemplate":"https:\/\/e-marineeducation.com\/tr\/?s={search_term_string}"},"query-input":{"@type":"PropertyValueSpecification","valueRequired":true,"valueName":"search_term_string"}}],"inLanguage":"tr"},{"@type":"Person","@id":"https:\/\/e-marineeducation.com\/tr\/#\/schema\/person\/730c1e72bd72b03ce94cde8084c81aa1","name":"Tayfun Emre Zerde","image":{"@type":"ImageObject","inLanguage":"tr","@id":"https:\/\/e-marineeducation.com\/tr\/wp-content\/uploads\/avatars\/87\/1460930768-bpfull.jpg","url":"https:\/\/e-marineeducation.com\/tr\/wp-content\/uploads\/avatars\/87\/1460930768-bpfull.jpg","contentUrl":"https:\/\/e-marineeducation.com\/tr\/wp-content\/uploads\/avatars\/87\/1460930768-bpfull.jpg","caption":"Tayfun Emre Zerde"},"description":"Karadeniz Teknik \u00dcniversitesi Deniz Ula\u015ft\u0131rma \u0130\u015fletme M\u00fchendisli\u011fi b\u00f6l\u00fcm\u00fc mezunudur. 2011 y\u0131l\u0131nda Ziya Kalkavan Denizcilik Anadolu Teknik Lisesi Gemi Y\u00f6netimi-G\u00fcverte b\u00f6l\u00fcm\u00fcnden mezun olmustur. Sonrasinda Bah\u00e7e\u015fehir \u00dcniversitesi Deniz Ula\u015ft\u0131rma \u0130\u015fletme b\u00f6l\u00fcm\u00fcnden dereceyle mezun olmu\u015ftur. Ayrica Deniz Ticaret Enstit\u00fcs\u00fc'nde Gemi Kiralama ve Brokerl\u0131k e\u011fitimi alm\u0131\u015ft\u0131r. 2012 y\u0131l\u0131ndan bu yana e-MarineEducation.com b\u00fcnyesinde bulunmaktad\u0131r. Deniz kariyerine Uzakyol Vardiya Zabiti olarak devam etmektedir.","sameAs":["https:\/\/e-marineeducation.com\/tr\/profil-tayfun-emre-zerde\/","https:\/\/www.facebook.com\/tzerde","https:\/\/x.com\/@tayfunemrezerde"],"url":"https:\/\/e-marineeducation.com\/tr\/author\/tezero\/"}]}},"_links":{"self":[{"href":"https:\/\/e-marineeducation.com\/tr\/wp-json\/wp\/v2\/posts\/24734","targetHints":{"allow":["GET"]}}],"collection":[{"href":"https:\/\/e-marineeducation.com\/tr\/wp-json\/wp\/v2\/posts"}],"about":[{"href":"https:\/\/e-marineeducation.com\/tr\/wp-json\/wp\/v2\/types\/post"}],"author":[{"embeddable":true,"href":"https:\/\/e-marineeducation.com\/tr\/wp-json\/wp\/v2\/users\/87"}],"replies":[{"embeddable":true,"href":"https:\/\/e-marineeducation.com\/tr\/wp-json\/wp\/v2\/comments?post=24734"}],"version-history":[{"count":0,"href":"https:\/\/e-marineeducation.com\/tr\/wp-json\/wp\/v2\/posts\/24734\/revisions"}],"wp:featuredmedia":[{"embeddable":true,"href":"https:\/\/e-marineeducation.com\/tr\/wp-json\/wp\/v2\/media\/24646"}],"wp:attachment":[{"href":"https:\/\/e-marineeducation.com\/tr\/wp-json\/wp\/v2\/media?parent=24734"}],"wp:term":[{"taxonomy":"category","embeddable":true,"href":"https:\/\/e-marineeducation.com\/tr\/wp-json\/wp\/v2\/categories?post=24734"},{"taxonomy":"post_tag","embeddable":true,"href":"https:\/\/e-marineeducation.com\/tr\/wp-json\/wp\/v2\/tags?post=24734"}],"curies":[{"name":"wp","href":"https:\/\/api.w.org\/{rel}","templated":true}]}}