

{"id":22247,"date":"2015-12-14T19:00:49","date_gmt":"2015-12-14T17:00:49","guid":{"rendered":"https:\/\/e-marineeducation.com\/tr\/?p=22247"},"modified":"2015-12-14T13:36:45","modified_gmt":"2015-12-14T11:36:45","slug":"deu-denizcilik-fakultesi-arkas-holdingi-misafir-etti","status":"publish","type":"post","link":"https:\/\/e-marineeducation.com\/tr\/deu-denizcilik-fakultesi-arkas-holdingi-misafir-etti\/","title":{"rendered":"DE\u00dc Denizcilik Fak\u00fcltesi Arkas Holding\u2019i Misafir Etti"},"content":{"rendered":"<p style=\"text-align: justify\"><em><img loading=\"lazy\" decoding=\"async\" class=\"alignleft size-full wp-image-1067\" src=\"https:\/\/e-marineeducation.com\/tr\/wp-content\/uploads\/Dokuz-Eyl\u00fcl-\u00dcniversitesi-Logo.png\" alt=\"Dokuz-Eyl\u00fcl-\u00dcniversitesi-Logo\" width=\"127\" height=\"127\" srcset=\"https:\/\/e-marineeducation.com\/tr\/wp-content\/uploads\/Dokuz-Eyl\u00fcl-\u00dcniversitesi-Logo.png 127w, https:\/\/e-marineeducation.com\/tr\/wp-content\/uploads\/Dokuz-Eyl\u00fcl-\u00dcniversitesi-Logo-74x74.png 74w\" sizes=\"auto, (max-width: 127px) 100vw, 127px\" \/><span style=\"color: #3366ff\">Dokuz Eyl\u00fcl \u00dcniversitesi Denizcilik Fak\u00fcltesi 20. K\u0131\u015f Kariyer G\u00fcnleri<\/span><\/em> kapsam\u0131nda <span style=\"color: #3366ff\"><em>09 Aral\u0131k 2015<\/em><\/span> \u00c7ar\u015famba g\u00fcn\u00fc ger\u00e7ekle\u015fen oturumunda <span style=\"color: #3366ff\"><em>Arkas Holding<\/em><\/span>\u2019i misafir etti.<\/p>\n<table style=\"width: 20px;height: 20px\">\n<tbody>\n<tr>\n<td><\/td>\n<\/tr>\n<\/tbody>\n<\/table>\n<p style=\"text-align: justify\">Arkas Holding ad\u0131na sunumu Personel M\u00fcd\u00fcr Yard\u0131mc\u0131s\u0131 <span style=\"color: #3366ff\"><em>Kapt. Burak Kaynak<\/em><\/span> ger\u00e7ekle\u015ftirdi. Sunumuna Arkas Holding b\u00fcnyesinde yer alan denizcilik ve lojistik alanlar\u0131nda faaliyet g\u00f6steren \u015firketler hakk\u0131nda bilgiler vererek devam eden Sn. Kaynak, bir <span style=\"color: #3366ff\"><em>T\u00fcrk Armat\u00f6r<\/em><\/span> \u015firketi olarak sekt\u00f6rde yer ald\u0131klar\u0131 konumdan bahsetti. \u015eirket politikas\u0131 ve \u015firket stajyer alma prosed\u00fcr\u00fcne de de\u011finen Sn. Kaynak, i\u015fe al\u0131mlar ve stajyer al\u0131mlar\u0131nda <em><span style=\"color: #3366ff\">adaylar\u0131 zorlu bir s\u00fcre\u00e7ten ge\u00e7irdiklerini<\/span><\/em>, ancak de\u011ferlendirmelerin ne derece do\u011fru oldu\u011funu, i\u015fe al\u0131mdan sonra iyi birer geri d\u00f6n\u00fc\u015f olarak pozitif etki yaratt\u0131\u011f\u0131n\u0131 ve bunlar\u0131n her sekt\u00f6r i\u00e7inde gerekli oldu\u011funun vurgusunu yapt\u0131.<\/p>\n<table style=\"width: 20px;height: 20px\">\n<tbody>\n<tr>\n<td><\/td>\n<\/tr>\n<\/tbody>\n<\/table>\n<p style=\"text-align: justify\">Gelecek adaylar\u0131n iyi donan\u0131ml\u0131 olmalar\u0131n\u0131 talep eden Sn. Kaynak, soru cevap k\u0131sm\u0131nda sorulara i\u00e7tenlikle cevap verdi. Konu\u015fmalar\u0131n\u0131n sonunda plaket ve te\u015fekk\u00fcr belgelerini Gemi Makineleri ve \u0130\u015fletme M\u00fchendisli\u011fi 3. s\u0131n\u0131f \u00f6\u011frencisi <span style=\"color: #3366ff\"><em>Enes Batar<\/em><\/span> taraf\u0131ndan ald\u0131.<\/p>\n<table style=\"width: 20px;height: 20px\">\n<tbody>\n<tr>\n<td><\/td>\n<\/tr>\n<\/tbody>\n<\/table>\n<p><img loading=\"lazy\" decoding=\"async\" class=\"aligncenter size-full wp-image-22249\" src=\"https:\/\/e-marineeducation.com\/tr\/wp-content\/uploads\/Personel-M\u00fcd\u00fcr-Yard\u0131mc\u0131s\u0131-Kapt.-Burak-Kaynak.jpg\" alt=\"Personel M\u00fcd\u00fcr Yard\u0131mc\u0131s\u0131 Kapt. Burak Kaynak\" width=\"595\" height=\"397\" srcset=\"https:\/\/e-marineeducation.com\/tr\/wp-content\/uploads\/Personel-M\u00fcd\u00fcr-Yard\u0131mc\u0131s\u0131-Kapt.-Burak-Kaynak.jpg 595w, https:\/\/e-marineeducation.com\/tr\/wp-content\/uploads\/Personel-M\u00fcd\u00fcr-Yard\u0131mc\u0131s\u0131-Kapt.-Burak-Kaynak-150x100.jpg 150w, https:\/\/e-marineeducation.com\/tr\/wp-content\/uploads\/Personel-M\u00fcd\u00fcr-Yard\u0131mc\u0131s\u0131-Kapt.-Burak-Kaynak-300x200.jpg 300w\" sizes=\"auto, (max-width: 595px) 100vw, 595px\" \/><\/p>\n<table style=\"width: 20px;height: 20px\">\n<tbody>\n<tr>\n<td><\/td>\n<\/tr>\n<\/tbody>\n<\/table>\n<p><img loading=\"lazy\" decoding=\"async\" class=\"aligncenter size-full wp-image-22250\" src=\"https:\/\/e-marineeducation.com\/tr\/wp-content\/uploads\/Arkas-Holding-Temsilcisi-ve-\u00d6\u011frenciler.jpg\" alt=\"Arkas Holding Temsilcisi ve \u00d6\u011frenciler\" width=\"595\" height=\"397\" srcset=\"https:\/\/e-marineeducation.com\/tr\/wp-content\/uploads\/Arkas-Holding-Temsilcisi-ve-\u00d6\u011frenciler.jpg 595w, https:\/\/e-marineeducation.com\/tr\/wp-content\/uploads\/Arkas-Holding-Temsilcisi-ve-\u00d6\u011frenciler-150x100.jpg 150w, https:\/\/e-marineeducation.com\/tr\/wp-content\/uploads\/Arkas-Holding-Temsilcisi-ve-\u00d6\u011frenciler-300x200.jpg 300w\" sizes=\"auto, (max-width: 595px) 100vw, 595px\" \/><\/p>\n<table style=\"width: 20px;height: 20px\">\n<tbody>\n<tr>\n<td><\/td>\n<\/tr>\n<\/tbody>\n<\/table>\n<p style=\"text-align: justify\"><strong>Haber: <span style=\"text-decoration: underline;color: #3366ff\"><a style=\"color: #3366ff;text-decoration: underline\" href=\"https:\/\/e-marineeducation.com\/tr\/profil-cihan-ozpehlivan\/\" target=\"_blank\">Cihan \u00d6zpehlivan<\/a><\/span><\/strong><\/p>\n<p style=\"text-align: justify\"><strong>D\u00fczenleme: <span style=\"text-decoration: underline;color: #3366ff\"><a style=\"color: #3366ff;text-decoration: underline\" href=\"https:\/\/e-marineeducation.com\/tr\/profil-ece-eldek\/\" target=\"_blank\">Ece Eldek<\/a><\/span><\/strong><\/p>\n<p style=\"text-align: justify\"><strong>Ekleyen: <span style=\"text-decoration: underline;color: #3366ff\"><a style=\"color: #3366ff;text-decoration: underline\" href=\"https:\/\/e-marineeducation.com\/tr\/profil-gokmen-icel\/\" target=\"_blank\">G\u00f6kmen \u0130\u00e7el<\/a><\/span><\/strong><\/p>\n","protected":false},"excerpt":{"rendered":"<p>Dokuz Eyl\u00fcl \u00dcniversitesi Denizcilik Fak\u00fcltesi 20. K\u0131\u015f Kariyer G\u00fcnleri kapsam\u0131nda 09 Aral\u0131k 2015 \u00c7ar\u015famba g\u00fcn\u00fc ger\u00e7ekle\u015fen oturumunda Arkas Holding\u2019i misafir etti. Arkas Holding ad\u0131na sunumu Personel M\u00fcd\u00fcr Yard\u0131mc\u0131s\u0131 Kapt. Burak Kaynak ger\u00e7ekle\u015ftirdi. Sunumuna Arkas Holding b\u00fcnyesinde yer alan denizcilik ve lojistik alanlar\u0131nda faaliyet g\u00f6steren \u015firketler hakk\u0131nda bilgiler vererek devam eden Sn. Kaynak, bir T\u00fcrk Armat\u00f6r &hellip;<\/p>\n","protected":false},"author":843,"featured_media":1465,"comment_status":"open","ping_status":"closed","sticky":false,"template":"","format":"standard","meta":{"_acf_changed":false,"_bbp_topic_count":0,"_bbp_reply_count":0,"_bbp_total_topic_count":0,"_bbp_total_reply_count":0,"_bbp_voice_count":0,"_bbp_anonymous_reply_count":0,"_bbp_topic_count_hidden":0,"_bbp_reply_count_hidden":0,"_bbp_forum_subforum_count":0,"footnotes":""},"categories":[18],"tags":[285,3267,145,451,3609,2587,3611,3552,3610],"class_list":["post-22247","post","type-post","status-publish","format-standard","has-post-thumbnail","","category-haberler","tag-arkas-holding","tag-cihan-ozpehlivan-haberleri","tag-dokuz-eylul-universitesi","tag-dokuz-eylul-universitesi-denizcilik-fakultesi","tag-dokuz-eylul-universitesi-kis-kariyer-gunleri","tag-ece-eldek-duzenlemeleri","tag-enes-batar","tag-gokmen-icel-eklemeleri","tag-kaptan-burak-kaynak"],"acf":[],"yoast_head":"<!-- This site is optimized with the Yoast SEO plugin v27.4 - https:\/\/yoast.com\/product\/yoast-seo-wordpress\/ -->\n<title>DE\u00dc Denizcilik Fak\u00fcltesi Arkas Holding\u2019i Misafir Etti - e-MarineEducation.com<\/title>\n<meta name=\"description\" content=\"Dokuz Eyl\u00fcl \u00dcniversitesi Denizcilik Fak\u00fcltesi 20. K\u0131\u015f Kariyer G\u00fcnleri\u00a0kapsam\u0131nda\u00a009 Aral\u0131k 2015\u00a0\u00c7ar\u015famba g\u00fcn\u00fc ger\u00e7ekle\u015fen oturumunda\u00a0Arkas Holding\u2019i misafir etti.\" \/>\n<meta name=\"robots\" content=\"index, follow, max-snippet:-1, max-image-preview:large, max-video-preview:-1\" \/>\n<link rel=\"canonical\" href=\"https:\/\/e-marineeducation.com\/tr\/deu-denizcilik-fakultesi-arkas-holdingi-misafir-etti\/\" \/>\n<meta property=\"og:locale\" content=\"tr_TR\" \/>\n<meta property=\"og:type\" content=\"article\" \/>\n<meta property=\"og:title\" content=\"DE\u00dc Denizcilik Fak\u00fcltesi Arkas Holding\u2019i Misafir Etti - e-MarineEducation.com\" \/>\n<meta property=\"og:description\" content=\"Dokuz Eyl\u00fcl \u00dcniversitesi Denizcilik Fak\u00fcltesi 20. K\u0131\u015f Kariyer G\u00fcnleri\u00a0kapsam\u0131nda\u00a009 Aral\u0131k 2015\u00a0\u00c7ar\u015famba g\u00fcn\u00fc ger\u00e7ekle\u015fen oturumunda\u00a0Arkas Holding\u2019i misafir etti.\" \/>\n<meta property=\"og:url\" content=\"https:\/\/e-marineeducation.com\/tr\/deu-denizcilik-fakultesi-arkas-holdingi-misafir-etti\/\" \/>\n<meta property=\"og:site_name\" content=\"e-MarineEducation.com\" \/>\n<meta property=\"article:author\" content=\"https:\/\/www.facebook.com\/captainsmyrna\" \/>\n<meta property=\"article:published_time\" content=\"2015-12-14T17:00:49+00:00\" \/>\n<meta property=\"og:image\" content=\"https:\/\/e-marineeducation.com\/tr\/wp-content\/uploads\/Dokuz-Eyl\u00fcl-\u00dcniversitesi-Logo-Simge.png\" \/>\n\t<meta property=\"og:image:width\" content=\"74\" \/>\n\t<meta property=\"og:image:height\" content=\"74\" \/>\n\t<meta property=\"og:image:type\" content=\"image\/png\" \/>\n<meta name=\"author\" content=\"G\u00f6kmen \u0130\u00e7el\" \/>\n<meta name=\"twitter:card\" content=\"summary_large_image\" \/>\n<meta name=\"twitter:creator\" content=\"@IcelGokmen\" \/>\n<meta name=\"twitter:label1\" content=\"Yazan:\" \/>\n\t<meta name=\"twitter:data1\" content=\"G\u00f6kmen \u0130\u00e7el\" \/>\n\t<meta name=\"twitter:label2\" content=\"Tahmini okuma s\u00fcresi\" \/>\n\t<meta name=\"twitter:data2\" content=\"1 dakika\" \/>\n<script type=\"application\/ld+json\" class=\"yoast-schema-graph\">{\"@context\":\"https:\\\/\\\/schema.org\",\"@graph\":[{\"@type\":\"Article\",\"@id\":\"https:\\\/\\\/e-marineeducation.com\\\/tr\\\/deu-denizcilik-fakultesi-arkas-holdingi-misafir-etti\\\/#article\",\"isPartOf\":{\"@id\":\"https:\\\/\\\/e-marineeducation.com\\\/tr\\\/deu-denizcilik-fakultesi-arkas-holdingi-misafir-etti\\\/\"},\"author\":{\"name\":\"G\u00f6kmen \u0130\u00e7el\",\"@id\":\"https:\\\/\\\/e-marineeducation.com\\\/tr\\\/#\\\/schema\\\/person\\\/41b573790282bd2e4d4f37a3045d40aa\"},\"headline\":\"DE\u00dc Denizcilik Fak\u00fcltesi Arkas Holding\u2019i Misafir Etti\",\"datePublished\":\"2015-12-14T17:00:49+00:00\",\"mainEntityOfPage\":{\"@id\":\"https:\\\/\\\/e-marineeducation.com\\\/tr\\\/deu-denizcilik-fakultesi-arkas-holdingi-misafir-etti\\\/\"},\"wordCount\":221,\"commentCount\":0,\"image\":{\"@id\":\"https:\\\/\\\/e-marineeducation.com\\\/tr\\\/deu-denizcilik-fakultesi-arkas-holdingi-misafir-etti\\\/#primaryimage\"},\"thumbnailUrl\":\"https:\\\/\\\/e-marineeducation.com\\\/tr\\\/wp-content\\\/uploads\\\/Dokuz-Eyl\u00fcl-\u00dcniversitesi-Logo-Simge.png\",\"keywords\":[\"arkas holding\",\"Cihan \u00d6zpehlivan Haberleri\",\"dokuz eyl\u00fcl \u00fcniversitesi\",\"dokuz eyl\u00fcl \u00fcniversitesi denizcilik fak\u00fcltesi\",\"Dokuz Eyl\u00fcl \u00dcniversitesi K\u0131\u015f Kariyer G\u00fcnleri\",\"Ece Eldek D\u00fczenlemeleri\",\"Enes Batar\",\"G\u00f6kmen \u0130\u00e7el Eklemeleri\",\"Kaptan Burak Kaynak\"],\"articleSection\":[\"Haberler\"],\"inLanguage\":\"tr\",\"potentialAction\":[{\"@type\":\"CommentAction\",\"name\":\"Comment\",\"target\":[\"https:\\\/\\\/e-marineeducation.com\\\/tr\\\/deu-denizcilik-fakultesi-arkas-holdingi-misafir-etti\\\/#respond\"]}]},{\"@type\":\"WebPage\",\"@id\":\"https:\\\/\\\/e-marineeducation.com\\\/tr\\\/deu-denizcilik-fakultesi-arkas-holdingi-misafir-etti\\\/\",\"url\":\"https:\\\/\\\/e-marineeducation.com\\\/tr\\\/deu-denizcilik-fakultesi-arkas-holdingi-misafir-etti\\\/\",\"name\":\"DE\u00dc Denizcilik Fak\u00fcltesi Arkas Holding\u2019i Misafir Etti - e-MarineEducation.com\",\"isPartOf\":{\"@id\":\"https:\\\/\\\/e-marineeducation.com\\\/tr\\\/#website\"},\"primaryImageOfPage\":{\"@id\":\"https:\\\/\\\/e-marineeducation.com\\\/tr\\\/deu-denizcilik-fakultesi-arkas-holdingi-misafir-etti\\\/#primaryimage\"},\"image\":{\"@id\":\"https:\\\/\\\/e-marineeducation.com\\\/tr\\\/deu-denizcilik-fakultesi-arkas-holdingi-misafir-etti\\\/#primaryimage\"},\"thumbnailUrl\":\"https:\\\/\\\/e-marineeducation.com\\\/tr\\\/wp-content\\\/uploads\\\/Dokuz-Eyl\u00fcl-\u00dcniversitesi-Logo-Simge.png\",\"datePublished\":\"2015-12-14T17:00:49+00:00\",\"author\":{\"@id\":\"https:\\\/\\\/e-marineeducation.com\\\/tr\\\/#\\\/schema\\\/person\\\/41b573790282bd2e4d4f37a3045d40aa\"},\"description\":\"Dokuz Eyl\u00fcl \u00dcniversitesi Denizcilik Fak\u00fcltesi 20. K\u0131\u015f Kariyer G\u00fcnleri\u00a0kapsam\u0131nda\u00a009 Aral\u0131k 2015\u00a0\u00c7ar\u015famba g\u00fcn\u00fc ger\u00e7ekle\u015fen oturumunda\u00a0Arkas Holding\u2019i misafir etti.\",\"breadcrumb\":{\"@id\":\"https:\\\/\\\/e-marineeducation.com\\\/tr\\\/deu-denizcilik-fakultesi-arkas-holdingi-misafir-etti\\\/#breadcrumb\"},\"inLanguage\":\"tr\",\"potentialAction\":[{\"@type\":\"ReadAction\",\"target\":[\"https:\\\/\\\/e-marineeducation.com\\\/tr\\\/deu-denizcilik-fakultesi-arkas-holdingi-misafir-etti\\\/\"]}]},{\"@type\":\"ImageObject\",\"inLanguage\":\"tr\",\"@id\":\"https:\\\/\\\/e-marineeducation.com\\\/tr\\\/deu-denizcilik-fakultesi-arkas-holdingi-misafir-etti\\\/#primaryimage\",\"url\":\"https:\\\/\\\/e-marineeducation.com\\\/tr\\\/wp-content\\\/uploads\\\/Dokuz-Eyl\u00fcl-\u00dcniversitesi-Logo-Simge.png\",\"contentUrl\":\"https:\\\/\\\/e-marineeducation.com\\\/tr\\\/wp-content\\\/uploads\\\/Dokuz-Eyl\u00fcl-\u00dcniversitesi-Logo-Simge.png\",\"width\":\"74\",\"height\":\"74\"},{\"@type\":\"BreadcrumbList\",\"@id\":\"https:\\\/\\\/e-marineeducation.com\\\/tr\\\/deu-denizcilik-fakultesi-arkas-holdingi-misafir-etti\\\/#breadcrumb\",\"itemListElement\":[{\"@type\":\"ListItem\",\"position\":1,\"name\":\"Ana sayfa\",\"item\":\"https:\\\/\\\/e-marineeducation.com\\\/tr\\\/\"},{\"@type\":\"ListItem\",\"position\":2,\"name\":\"DE\u00dc Denizcilik Fak\u00fcltesi Arkas Holding\u2019i Misafir Etti\"}]},{\"@type\":\"WebSite\",\"@id\":\"https:\\\/\\\/e-marineeducation.com\\\/tr\\\/#website\",\"url\":\"https:\\\/\\\/e-marineeducation.com\\\/tr\\\/\",\"name\":\"e-MarineEducation.com\",\"description\":\"Denizcilik E\u011fitimine Yeni Bir Bak\u0131\u015f A\u00e7\u0131s\u0131\",\"potentialAction\":[{\"@type\":\"SearchAction\",\"target\":{\"@type\":\"EntryPoint\",\"urlTemplate\":\"https:\\\/\\\/e-marineeducation.com\\\/tr\\\/?s={search_term_string}\"},\"query-input\":{\"@type\":\"PropertyValueSpecification\",\"valueRequired\":true,\"valueName\":\"search_term_string\"}}],\"inLanguage\":\"tr\"},{\"@type\":\"Person\",\"@id\":\"https:\\\/\\\/e-marineeducation.com\\\/tr\\\/#\\\/schema\\\/person\\\/41b573790282bd2e4d4f37a3045d40aa\",\"name\":\"G\u00f6kmen \u0130\u00e7el\",\"image\":{\"@type\":\"ImageObject\",\"inLanguage\":\"tr\",\"@id\":\"https:\\\/\\\/e-marineeducation.com\\\/tr\\\/wp-content\\\/uploads\\\/avatars\\\/843\\\/1461153616-bpfull.jpg\",\"url\":\"https:\\\/\\\/e-marineeducation.com\\\/tr\\\/wp-content\\\/uploads\\\/avatars\\\/843\\\/1461153616-bpfull.jpg\",\"contentUrl\":\"https:\\\/\\\/e-marineeducation.com\\\/tr\\\/wp-content\\\/uploads\\\/avatars\\\/843\\\/1461153616-bpfull.jpg\",\"caption\":\"G\u00f6kmen \u0130\u00e7el\"},\"description\":\"9 Temmuz 1991 tarihinde do\u011fdu. \u00c7e\u015fitli kuru y\u00fck gemilerinde stajyer hizmetlerinde bulundu. Girne Amerikan \u00dcniversitesi G\u00fcverte b\u00f6l\u00fcm\u00fcnden 2016 y\u0131l\u0131nda mezun olup, bir s\u00fcre i\u00e7in e-MarEdu b\u00fcnyesinde Web Edit\u00f6rl\u00fc\u011f\u00fc g\u00f6revini \u00fcstlenmi\u015ftir.\",\"sameAs\":[\"https:\\\/\\\/e-marineeducation.com\\\/tr\\\/profil-gokmen-icel\\\/\",\"https:\\\/\\\/www.facebook.com\\\/captainsmyrna\",\"https:\\\/\\\/www.instagram.com\\\/kapitangk\\\/\",\"https:\\\/\\\/cy.linkedin.com\\\/in\\\/g\u00f6kmen-i\u00e7el-69a07361\",\"https:\\\/\\\/x.com\\\/IcelGokmen\"],\"url\":\"https:\\\/\\\/e-marineeducation.com\\\/tr\\\/author\\\/captainsmyrna\\\/\"}]}<\/script>\n<!-- \/ Yoast SEO plugin. -->","yoast_head_json":{"title":"DE\u00dc Denizcilik Fak\u00fcltesi Arkas Holding\u2019i Misafir Etti - e-MarineEducation.com","description":"Dokuz Eyl\u00fcl \u00dcniversitesi Denizcilik Fak\u00fcltesi 20. K\u0131\u015f Kariyer G\u00fcnleri\u00a0kapsam\u0131nda\u00a009 Aral\u0131k 2015\u00a0\u00c7ar\u015famba g\u00fcn\u00fc ger\u00e7ekle\u015fen oturumunda\u00a0Arkas Holding\u2019i misafir etti.","robots":{"index":"index","follow":"follow","max-snippet":"max-snippet:-1","max-image-preview":"max-image-preview:large","max-video-preview":"max-video-preview:-1"},"canonical":"https:\/\/e-marineeducation.com\/tr\/deu-denizcilik-fakultesi-arkas-holdingi-misafir-etti\/","og_locale":"tr_TR","og_type":"article","og_title":"DE\u00dc Denizcilik Fak\u00fcltesi Arkas Holding\u2019i Misafir Etti - e-MarineEducation.com","og_description":"Dokuz Eyl\u00fcl \u00dcniversitesi Denizcilik Fak\u00fcltesi 20. K\u0131\u015f Kariyer G\u00fcnleri\u00a0kapsam\u0131nda\u00a009 Aral\u0131k 2015\u00a0\u00c7ar\u015famba g\u00fcn\u00fc ger\u00e7ekle\u015fen oturumunda\u00a0Arkas Holding\u2019i misafir etti.","og_url":"https:\/\/e-marineeducation.com\/tr\/deu-denizcilik-fakultesi-arkas-holdingi-misafir-etti\/","og_site_name":"e-MarineEducation.com","article_author":"https:\/\/www.facebook.com\/captainsmyrna","article_published_time":"2015-12-14T17:00:49+00:00","og_image":[{"width":74,"height":74,"url":"https:\/\/e-marineeducation.com\/tr\/wp-content\/uploads\/Dokuz-Eyl\u00fcl-\u00dcniversitesi-Logo-Simge.png","type":"image\/png"}],"author":"G\u00f6kmen \u0130\u00e7el","twitter_card":"summary_large_image","twitter_creator":"@IcelGokmen","twitter_misc":{"Yazan:":"G\u00f6kmen \u0130\u00e7el","Tahmini okuma s\u00fcresi":"1 dakika"},"schema":{"@context":"https:\/\/schema.org","@graph":[{"@type":"Article","@id":"https:\/\/e-marineeducation.com\/tr\/deu-denizcilik-fakultesi-arkas-holdingi-misafir-etti\/#article","isPartOf":{"@id":"https:\/\/e-marineeducation.com\/tr\/deu-denizcilik-fakultesi-arkas-holdingi-misafir-etti\/"},"author":{"name":"G\u00f6kmen \u0130\u00e7el","@id":"https:\/\/e-marineeducation.com\/tr\/#\/schema\/person\/41b573790282bd2e4d4f37a3045d40aa"},"headline":"DE\u00dc Denizcilik Fak\u00fcltesi Arkas Holding\u2019i Misafir Etti","datePublished":"2015-12-14T17:00:49+00:00","mainEntityOfPage":{"@id":"https:\/\/e-marineeducation.com\/tr\/deu-denizcilik-fakultesi-arkas-holdingi-misafir-etti\/"},"wordCount":221,"commentCount":0,"image":{"@id":"https:\/\/e-marineeducation.com\/tr\/deu-denizcilik-fakultesi-arkas-holdingi-misafir-etti\/#primaryimage"},"thumbnailUrl":"https:\/\/e-marineeducation.com\/tr\/wp-content\/uploads\/Dokuz-Eyl\u00fcl-\u00dcniversitesi-Logo-Simge.png","keywords":["arkas holding","Cihan \u00d6zpehlivan Haberleri","dokuz eyl\u00fcl \u00fcniversitesi","dokuz eyl\u00fcl \u00fcniversitesi denizcilik fak\u00fcltesi","Dokuz Eyl\u00fcl \u00dcniversitesi K\u0131\u015f Kariyer G\u00fcnleri","Ece Eldek D\u00fczenlemeleri","Enes Batar","G\u00f6kmen \u0130\u00e7el Eklemeleri","Kaptan Burak Kaynak"],"articleSection":["Haberler"],"inLanguage":"tr","potentialAction":[{"@type":"CommentAction","name":"Comment","target":["https:\/\/e-marineeducation.com\/tr\/deu-denizcilik-fakultesi-arkas-holdingi-misafir-etti\/#respond"]}]},{"@type":"WebPage","@id":"https:\/\/e-marineeducation.com\/tr\/deu-denizcilik-fakultesi-arkas-holdingi-misafir-etti\/","url":"https:\/\/e-marineeducation.com\/tr\/deu-denizcilik-fakultesi-arkas-holdingi-misafir-etti\/","name":"DE\u00dc Denizcilik Fak\u00fcltesi Arkas Holding\u2019i Misafir Etti - e-MarineEducation.com","isPartOf":{"@id":"https:\/\/e-marineeducation.com\/tr\/#website"},"primaryImageOfPage":{"@id":"https:\/\/e-marineeducation.com\/tr\/deu-denizcilik-fakultesi-arkas-holdingi-misafir-etti\/#primaryimage"},"image":{"@id":"https:\/\/e-marineeducation.com\/tr\/deu-denizcilik-fakultesi-arkas-holdingi-misafir-etti\/#primaryimage"},"thumbnailUrl":"https:\/\/e-marineeducation.com\/tr\/wp-content\/uploads\/Dokuz-Eyl\u00fcl-\u00dcniversitesi-Logo-Simge.png","datePublished":"2015-12-14T17:00:49+00:00","author":{"@id":"https:\/\/e-marineeducation.com\/tr\/#\/schema\/person\/41b573790282bd2e4d4f37a3045d40aa"},"description":"Dokuz Eyl\u00fcl \u00dcniversitesi Denizcilik Fak\u00fcltesi 20. K\u0131\u015f Kariyer G\u00fcnleri\u00a0kapsam\u0131nda\u00a009 Aral\u0131k 2015\u00a0\u00c7ar\u015famba g\u00fcn\u00fc ger\u00e7ekle\u015fen oturumunda\u00a0Arkas Holding\u2019i misafir etti.","breadcrumb":{"@id":"https:\/\/e-marineeducation.com\/tr\/deu-denizcilik-fakultesi-arkas-holdingi-misafir-etti\/#breadcrumb"},"inLanguage":"tr","potentialAction":[{"@type":"ReadAction","target":["https:\/\/e-marineeducation.com\/tr\/deu-denizcilik-fakultesi-arkas-holdingi-misafir-etti\/"]}]},{"@type":"ImageObject","inLanguage":"tr","@id":"https:\/\/e-marineeducation.com\/tr\/deu-denizcilik-fakultesi-arkas-holdingi-misafir-etti\/#primaryimage","url":"https:\/\/e-marineeducation.com\/tr\/wp-content\/uploads\/Dokuz-Eyl\u00fcl-\u00dcniversitesi-Logo-Simge.png","contentUrl":"https:\/\/e-marineeducation.com\/tr\/wp-content\/uploads\/Dokuz-Eyl\u00fcl-\u00dcniversitesi-Logo-Simge.png","width":"74","height":"74"},{"@type":"BreadcrumbList","@id":"https:\/\/e-marineeducation.com\/tr\/deu-denizcilik-fakultesi-arkas-holdingi-misafir-etti\/#breadcrumb","itemListElement":[{"@type":"ListItem","position":1,"name":"Ana sayfa","item":"https:\/\/e-marineeducation.com\/tr\/"},{"@type":"ListItem","position":2,"name":"DE\u00dc Denizcilik Fak\u00fcltesi Arkas Holding\u2019i Misafir Etti"}]},{"@type":"WebSite","@id":"https:\/\/e-marineeducation.com\/tr\/#website","url":"https:\/\/e-marineeducation.com\/tr\/","name":"e-MarineEducation.com","description":"Denizcilik E\u011fitimine Yeni Bir Bak\u0131\u015f A\u00e7\u0131s\u0131","potentialAction":[{"@type":"SearchAction","target":{"@type":"EntryPoint","urlTemplate":"https:\/\/e-marineeducation.com\/tr\/?s={search_term_string}"},"query-input":{"@type":"PropertyValueSpecification","valueRequired":true,"valueName":"search_term_string"}}],"inLanguage":"tr"},{"@type":"Person","@id":"https:\/\/e-marineeducation.com\/tr\/#\/schema\/person\/41b573790282bd2e4d4f37a3045d40aa","name":"G\u00f6kmen \u0130\u00e7el","image":{"@type":"ImageObject","inLanguage":"tr","@id":"https:\/\/e-marineeducation.com\/tr\/wp-content\/uploads\/avatars\/843\/1461153616-bpfull.jpg","url":"https:\/\/e-marineeducation.com\/tr\/wp-content\/uploads\/avatars\/843\/1461153616-bpfull.jpg","contentUrl":"https:\/\/e-marineeducation.com\/tr\/wp-content\/uploads\/avatars\/843\/1461153616-bpfull.jpg","caption":"G\u00f6kmen \u0130\u00e7el"},"description":"9 Temmuz 1991 tarihinde do\u011fdu. \u00c7e\u015fitli kuru y\u00fck gemilerinde stajyer hizmetlerinde bulundu. Girne Amerikan \u00dcniversitesi G\u00fcverte b\u00f6l\u00fcm\u00fcnden 2016 y\u0131l\u0131nda mezun olup, bir s\u00fcre i\u00e7in e-MarEdu b\u00fcnyesinde Web Edit\u00f6rl\u00fc\u011f\u00fc g\u00f6revini \u00fcstlenmi\u015ftir.","sameAs":["https:\/\/e-marineeducation.com\/tr\/profil-gokmen-icel\/","https:\/\/www.facebook.com\/captainsmyrna","https:\/\/www.instagram.com\/kapitangk\/","https:\/\/cy.linkedin.com\/in\/g\u00f6kmen-i\u00e7el-69a07361","https:\/\/x.com\/IcelGokmen"],"url":"https:\/\/e-marineeducation.com\/tr\/author\/captainsmyrna\/"}]}},"_links":{"self":[{"href":"https:\/\/e-marineeducation.com\/tr\/wp-json\/wp\/v2\/posts\/22247","targetHints":{"allow":["GET"]}}],"collection":[{"href":"https:\/\/e-marineeducation.com\/tr\/wp-json\/wp\/v2\/posts"}],"about":[{"href":"https:\/\/e-marineeducation.com\/tr\/wp-json\/wp\/v2\/types\/post"}],"author":[{"embeddable":true,"href":"https:\/\/e-marineeducation.com\/tr\/wp-json\/wp\/v2\/users\/843"}],"replies":[{"embeddable":true,"href":"https:\/\/e-marineeducation.com\/tr\/wp-json\/wp\/v2\/comments?post=22247"}],"version-history":[{"count":0,"href":"https:\/\/e-marineeducation.com\/tr\/wp-json\/wp\/v2\/posts\/22247\/revisions"}],"wp:featuredmedia":[{"embeddable":true,"href":"https:\/\/e-marineeducation.com\/tr\/wp-json\/wp\/v2\/media\/1465"}],"wp:attachment":[{"href":"https:\/\/e-marineeducation.com\/tr\/wp-json\/wp\/v2\/media?parent=22247"}],"wp:term":[{"taxonomy":"category","embeddable":true,"href":"https:\/\/e-marineeducation.com\/tr\/wp-json\/wp\/v2\/categories?post=22247"},{"taxonomy":"post_tag","embeddable":true,"href":"https:\/\/e-marineeducation.com\/tr\/wp-json\/wp\/v2\/tags?post=22247"}],"curies":[{"name":"wp","href":"https:\/\/api.w.org\/{rel}","templated":true}]}}