

{"id":22133,"date":"2015-12-07T19:00:27","date_gmt":"2015-12-07T17:00:27","guid":{"rendered":"https:\/\/e-marineeducation.com\/tr\/?p=22133"},"modified":"2015-12-07T19:45:58","modified_gmt":"2015-12-07T17:45:58","slug":"ince-denizcilik-piri-reis-universitesinin-konugu-oldu","status":"publish","type":"post","link":"https:\/\/e-marineeducation.com\/tr\/ince-denizcilik-piri-reis-universitesinin-konugu-oldu\/","title":{"rendered":"\u0130nce Denizcilik Piri Reis \u00dcniversitesi\u2019nin Konu\u011fu Oldu"},"content":{"rendered":"<p style=\"text-align: justify\"><span style=\"color: #3366ff\"><em><img loading=\"lazy\" decoding=\"async\" class=\"alignleft size-full wp-image-17608\" src=\"https:\/\/e-marineeducation.com\/tr\/wp-content\/uploads\/Piri-Reis-\u00dcniversitesi-Logo-Yeni.png\" alt=\"Piri Reis \u00dcniversitesi Logo (Yeni)\" width=\"127\" height=\"127\" \/>PR\u00dc Denizcilik Kul\u00fcb\u00fc<\/em><\/span> taraf\u0131ndan <span style=\"color: #3366ff\"><em>5.si<\/em><\/span> d\u00fczenlenen Kariyer G\u00fcnleri\u2019nde <span style=\"color: #3366ff\"><em>\u0130nce Denizcilik<\/em><\/span> Piri Reis \u00dcniversitesi\u2019nin konu\u011fu oldu. Piri Reis \u00dcniversitesi Deniz Kamp\u00fcs\u00fc\u2019nde ger\u00e7ekle\u015fen etkinlikte \u0130nce Denizcilik ad\u0131na <em><span style=\"color: #3366ff\">DPA Ahmet Ya\u015far Canca<\/span><\/em> ve Personel M\u00fcd\u00fcr\u00fc <span style=\"color: #3366ff\"><em>\u015eeyma Sezgin<\/em><\/span> \u00f6\u011frencilerle bir araya geldi.<\/p>\n<table style=\"width: 20px;height: 20px\">\n<tbody>\n<tr>\n<td><\/td>\n<\/tr>\n<\/tbody>\n<\/table>\n<p style=\"text-align: justify\">\u015eirket tan\u0131t\u0131m\u0131 ile ba\u015flayan etkinlikte kuru y\u00fck piyasalar\u0131 hakk\u0131nda bilgilendirme ve \u00f6n\u00fcm\u00fczde ki y\u0131llarda <span style=\"color: #3366ff\"><em>Japonya<\/em><\/span>\u2019dan suya inecek <span style=\"color: #3366ff\"><em>64.000 Dwt<\/em><\/span>&#8216;lik 3 yeni gemi hakk\u0131nda bilgi verildi. <span style=\"color: #3366ff\"><em>11 T\u00fcrk, 1 Malta<\/em><\/span> ve <span style=\"color: #3366ff\"><em>2 Singapur<\/em><\/span> bayrakl\u0131 <em><span style=\"color: #3366ff\">14 gemi<\/span><\/em> ile kuru y\u00fck ta\u015f\u0131mac\u0131l\u0131\u011f\u0131 yapan \u0130nce Denizcilik\u2019in b\u00fct\u00fcn personelinin <span style=\"color: #3366ff\"><em>T\u00fcrk<\/em><\/span> oldu\u011fu vurguland\u0131. \u00dclke denizcili\u011fi ve D\u00fcnya\u2019da deniz ta\u015f\u0131mac\u0131l\u0131\u011f\u0131 hakk\u0131nda bilgiler veren DPA Ahmet Ya\u015far Canca \u00f6\u011frencilerin sorular\u0131 \u00fczerine stajyer politikalar\u0131, zabit profilleri, \u00e7al\u0131\u015fma ko\u015fullar\u0131 ve maa\u015f skalalar\u0131 gibi konularda \u00f6\u011frencileri bilgilendirdi. Etkinlik sonunda misafirlere hediyeler verildi.<\/p>\n<table style=\"width: 20px;height: 20px\">\n<tbody>\n<tr>\n<td><\/td>\n<\/tr>\n<\/tbody>\n<\/table>\n<p style=\"text-align: justify\"><strong><img loading=\"lazy\" decoding=\"async\" class=\"aligncenter size-full wp-image-22135\" src=\"https:\/\/e-marineeducation.com\/tr\/wp-content\/uploads\/\u0130nce-Denizcilik-Temsilcileri.jpg\" alt=\"\u0130nce Denizcilik Temsilcileri\" width=\"595\" height=\"335\" srcset=\"https:\/\/e-marineeducation.com\/tr\/wp-content\/uploads\/\u0130nce-Denizcilik-Temsilcileri.jpg 595w, https:\/\/e-marineeducation.com\/tr\/wp-content\/uploads\/\u0130nce-Denizcilik-Temsilcileri-150x84.jpg 150w, https:\/\/e-marineeducation.com\/tr\/wp-content\/uploads\/\u0130nce-Denizcilik-Temsilcileri-300x169.jpg 300w\" sizes=\"auto, (max-width: 595px) 100vw, 595px\" \/><\/strong><\/p>\n<table style=\"width: 20px;height: 20px\">\n<tbody>\n<tr>\n<td><\/td>\n<\/tr>\n<\/tbody>\n<\/table>\n<p style=\"text-align: justify\"><strong><img loading=\"lazy\" decoding=\"async\" class=\"aligncenter size-full wp-image-22136\" src=\"https:\/\/e-marineeducation.com\/tr\/wp-content\/uploads\/\u0130nce-Denizcilik-Piri-\u00dcniversitesi\u2019ndeydi.jpg\" alt=\"\u0130nce Denizcilik Piri \u00dcniversitesi\u2019ndeydi\" width=\"595\" height=\"335\" srcset=\"https:\/\/e-marineeducation.com\/tr\/wp-content\/uploads\/\u0130nce-Denizcilik-Piri-\u00dcniversitesi\u2019ndeydi.jpg 595w, https:\/\/e-marineeducation.com\/tr\/wp-content\/uploads\/\u0130nce-Denizcilik-Piri-\u00dcniversitesi\u2019ndeydi-150x84.jpg 150w, https:\/\/e-marineeducation.com\/tr\/wp-content\/uploads\/\u0130nce-Denizcilik-Piri-\u00dcniversitesi\u2019ndeydi-300x169.jpg 300w\" sizes=\"auto, (max-width: 595px) 100vw, 595px\" \/><\/strong><\/p>\n<table style=\"width: 20px;height: 20px\">\n<tbody>\n<tr>\n<td><\/td>\n<\/tr>\n<\/tbody>\n<\/table>\n<p style=\"text-align: justify\"><strong>Haber: <span style=\"text-decoration: underline;color: #3366ff\"><a style=\"color: #3366ff;text-decoration: underline\" href=\"https:\/\/e-marineeducation.com\/tr\/profil-ata-alban-akgun\/\" target=\"_blank\">Ata Alban Akg\u00fcn<\/a><\/span><\/strong><br \/>\n<strong> D\u00fczenleme: <span style=\"text-decoration: underline;color: #3366ff\"><a style=\"color: #3366ff;text-decoration: underline\" href=\"https:\/\/e-marineeducation.com\/tr\/profil-ece-eldek\/\" target=\"_blank\">Ece Eldek<\/a><\/span><\/strong><br \/>\n<strong> Ekleyen: <span style=\"text-decoration: underline;color: #3366ff\"><a style=\"color: #3366ff;text-decoration: underline\" href=\"https:\/\/e-marineeducation.com\/tr\/profil-ayse-kirici\/\" target=\"_blank\">Ay\u015fe K\u0131r\u0131c\u0131<\/a><\/span><\/strong><\/p>\n","protected":false},"excerpt":{"rendered":"<p>PR\u00dc Denizcilik Kul\u00fcb\u00fc taraf\u0131ndan 5.si d\u00fczenlenen Kariyer G\u00fcnleri\u2019nde \u0130nce Denizcilik Piri Reis \u00dcniversitesi\u2019nin konu\u011fu oldu. Piri Reis \u00dcniversitesi Deniz Kamp\u00fcs\u00fc\u2019nde ger\u00e7ekle\u015fen etkinlikte \u0130nce Denizcilik ad\u0131na DPA Ahmet Ya\u015far Canca ve Personel M\u00fcd\u00fcr\u00fc \u015eeyma Sezgin \u00f6\u011frencilerle bir araya geldi. \u015eirket tan\u0131t\u0131m\u0131 ile ba\u015flayan etkinlikte kuru y\u00fck piyasalar\u0131 hakk\u0131nda bilgilendirme ve \u00f6n\u00fcm\u00fczde ki y\u0131llarda Japonya\u2019dan suya inecek &hellip;<\/p>\n","protected":false},"author":3369,"featured_media":0,"comment_status":"open","ping_status":"closed","sticky":false,"template":"","format":"standard","meta":{"_acf_changed":false,"_bbp_topic_count":0,"_bbp_reply_count":0,"_bbp_total_topic_count":0,"_bbp_total_reply_count":0,"_bbp_voice_count":0,"_bbp_anonymous_reply_count":0,"_bbp_topic_count_hidden":0,"_bbp_reply_count_hidden":0,"_bbp_forum_subforum_count":0,"footnotes":""},"categories":[18],"tags":[1167,2138,3137,2587,119,1067,1168],"class_list":["post-22133","post","type-post","status-publish","format-standard","","category-haberler","tag-ahmet-yasar-canca","tag-ata-alban-akgun-haberleri","tag-ayse-kirici-eklemeleri","tag-ece-eldek-duzenlemeleri","tag-piri-reis-universitesi","tag-piri-reis-universitesi-denizcilik-kulubu","tag-seyma-sezgin"],"acf":[],"yoast_head":"<!-- This site is optimized with the Yoast SEO plugin v27.4 - https:\/\/yoast.com\/product\/yoast-seo-wordpress\/ -->\n<title>\u0130nce Denizcilik Piri Reis \u00dcniversitesi\u2019nin Konu\u011fu Oldu - e-MarineEducation.com<\/title>\n<meta name=\"description\" content=\"PR\u00dc Denizcilik Kul\u00fcb\u00fc\u00a0taraf\u0131ndan\u00a05.si\u00a0d\u00fczenlenen Kariyer G\u00fcnleri\u2019nde\u00a0\u0130nce Denizcilik\u00a0Piri Reis \u00dcniversitesi\u2019nin konu\u011fu oldu.\" \/>\n<meta name=\"robots\" content=\"index, follow, max-snippet:-1, max-image-preview:large, max-video-preview:-1\" \/>\n<link rel=\"canonical\" href=\"https:\/\/e-marineeducation.com\/tr\/ince-denizcilik-piri-reis-universitesinin-konugu-oldu\/\" \/>\n<meta property=\"og:locale\" content=\"tr_TR\" \/>\n<meta property=\"og:type\" content=\"article\" \/>\n<meta property=\"og:title\" content=\"\u0130nce Denizcilik Piri Reis \u00dcniversitesi\u2019nin Konu\u011fu Oldu - e-MarineEducation.com\" \/>\n<meta property=\"og:description\" content=\"PR\u00dc Denizcilik Kul\u00fcb\u00fc\u00a0taraf\u0131ndan\u00a05.si\u00a0d\u00fczenlenen Kariyer G\u00fcnleri\u2019nde\u00a0\u0130nce Denizcilik\u00a0Piri Reis \u00dcniversitesi\u2019nin konu\u011fu oldu.\" \/>\n<meta property=\"og:url\" content=\"https:\/\/e-marineeducation.com\/tr\/ince-denizcilik-piri-reis-universitesinin-konugu-oldu\/\" \/>\n<meta property=\"og:site_name\" content=\"e-MarineEducation.com\" \/>\n<meta property=\"article:published_time\" content=\"2015-12-07T17:00:27+00:00\" \/>\n<meta property=\"article:modified_time\" content=\"2015-12-07T17:45:58+00:00\" \/>\n<meta property=\"og:image\" content=\"https:\/\/e-marineeducation.com\/tr\/wp-content\/uploads\/Piri-Reis-\u00dcniversitesi-Logo-Yeni.png\" \/>\n<meta name=\"author\" content=\"Ay\u015fe K\u0131r\u0131c\u0131\" \/>\n<meta name=\"twitter:card\" content=\"summary_large_image\" \/>\n<meta name=\"twitter:label1\" content=\"Yazan:\" \/>\n\t<meta name=\"twitter:data1\" content=\"Ay\u015fe K\u0131r\u0131c\u0131\" \/>\n\t<meta name=\"twitter:label2\" content=\"Tahmini okuma s\u00fcresi\" \/>\n\t<meta name=\"twitter:data2\" content=\"1 dakika\" \/>\n<script type=\"application\/ld+json\" class=\"yoast-schema-graph\">{\"@context\":\"https:\\\/\\\/schema.org\",\"@graph\":[{\"@type\":\"Article\",\"@id\":\"https:\\\/\\\/e-marineeducation.com\\\/tr\\\/ince-denizcilik-piri-reis-universitesinin-konugu-oldu\\\/#article\",\"isPartOf\":{\"@id\":\"https:\\\/\\\/e-marineeducation.com\\\/tr\\\/ince-denizcilik-piri-reis-universitesinin-konugu-oldu\\\/\"},\"author\":{\"name\":\"Ay\u015fe K\u0131r\u0131c\u0131\",\"@id\":\"https:\\\/\\\/e-marineeducation.com\\\/tr\\\/#\\\/schema\\\/person\\\/312f4577be415ffd9bf2ef1202d6f034\"},\"headline\":\"\u0130nce Denizcilik Piri Reis \u00dcniversitesi\u2019nin Konu\u011fu Oldu\",\"datePublished\":\"2015-12-07T17:00:27+00:00\",\"dateModified\":\"2015-12-07T17:45:58+00:00\",\"mainEntityOfPage\":{\"@id\":\"https:\\\/\\\/e-marineeducation.com\\\/tr\\\/ince-denizcilik-piri-reis-universitesinin-konugu-oldu\\\/\"},\"wordCount\":181,\"commentCount\":0,\"keywords\":[\"Ahmet Ya\u015far CANCA\",\"Ata Alban Akg\u00fcn Haberleri\",\"Ay\u015fe K\u0131r\u0131c\u0131 Eklemeleri\",\"Ece Eldek D\u00fczenlemeleri\",\"piri reis \u00fcniversitesi\",\"Piri Reis \u00dcniversitesi Denizcilik Kul\u00fcb\u00fc\",\"\u015eeyma SEZG\u0130N\"],\"articleSection\":[\"Haberler\"],\"inLanguage\":\"tr\",\"potentialAction\":[{\"@type\":\"CommentAction\",\"name\":\"Comment\",\"target\":[\"https:\\\/\\\/e-marineeducation.com\\\/tr\\\/ince-denizcilik-piri-reis-universitesinin-konugu-oldu\\\/#respond\"]}]},{\"@type\":\"WebPage\",\"@id\":\"https:\\\/\\\/e-marineeducation.com\\\/tr\\\/ince-denizcilik-piri-reis-universitesinin-konugu-oldu\\\/\",\"url\":\"https:\\\/\\\/e-marineeducation.com\\\/tr\\\/ince-denizcilik-piri-reis-universitesinin-konugu-oldu\\\/\",\"name\":\"\u0130nce Denizcilik Piri Reis \u00dcniversitesi\u2019nin Konu\u011fu Oldu - e-MarineEducation.com\",\"isPartOf\":{\"@id\":\"https:\\\/\\\/e-marineeducation.com\\\/tr\\\/#website\"},\"datePublished\":\"2015-12-07T17:00:27+00:00\",\"dateModified\":\"2015-12-07T17:45:58+00:00\",\"author\":{\"@id\":\"https:\\\/\\\/e-marineeducation.com\\\/tr\\\/#\\\/schema\\\/person\\\/312f4577be415ffd9bf2ef1202d6f034\"},\"description\":\"PR\u00dc Denizcilik Kul\u00fcb\u00fc\u00a0taraf\u0131ndan\u00a05.si\u00a0d\u00fczenlenen Kariyer G\u00fcnleri\u2019nde\u00a0\u0130nce Denizcilik\u00a0Piri Reis \u00dcniversitesi\u2019nin konu\u011fu oldu.\",\"breadcrumb\":{\"@id\":\"https:\\\/\\\/e-marineeducation.com\\\/tr\\\/ince-denizcilik-piri-reis-universitesinin-konugu-oldu\\\/#breadcrumb\"},\"inLanguage\":\"tr\",\"potentialAction\":[{\"@type\":\"ReadAction\",\"target\":[\"https:\\\/\\\/e-marineeducation.com\\\/tr\\\/ince-denizcilik-piri-reis-universitesinin-konugu-oldu\\\/\"]}]},{\"@type\":\"BreadcrumbList\",\"@id\":\"https:\\\/\\\/e-marineeducation.com\\\/tr\\\/ince-denizcilik-piri-reis-universitesinin-konugu-oldu\\\/#breadcrumb\",\"itemListElement\":[{\"@type\":\"ListItem\",\"position\":1,\"name\":\"Ana sayfa\",\"item\":\"https:\\\/\\\/e-marineeducation.com\\\/tr\\\/\"},{\"@type\":\"ListItem\",\"position\":2,\"name\":\"\u0130nce Denizcilik Piri Reis \u00dcniversitesi\u2019nin Konu\u011fu Oldu\"}]},{\"@type\":\"WebSite\",\"@id\":\"https:\\\/\\\/e-marineeducation.com\\\/tr\\\/#website\",\"url\":\"https:\\\/\\\/e-marineeducation.com\\\/tr\\\/\",\"name\":\"e-MarineEducation.com\",\"description\":\"Denizcilik E\u011fitimine Yeni Bir Bak\u0131\u015f A\u00e7\u0131s\u0131\",\"potentialAction\":[{\"@type\":\"SearchAction\",\"target\":{\"@type\":\"EntryPoint\",\"urlTemplate\":\"https:\\\/\\\/e-marineeducation.com\\\/tr\\\/?s={search_term_string}\"},\"query-input\":{\"@type\":\"PropertyValueSpecification\",\"valueRequired\":true,\"valueName\":\"search_term_string\"}}],\"inLanguage\":\"tr\"},{\"@type\":\"Person\",\"@id\":\"https:\\\/\\\/e-marineeducation.com\\\/tr\\\/#\\\/schema\\\/person\\\/312f4577be415ffd9bf2ef1202d6f034\",\"name\":\"Ay\u015fe K\u0131r\u0131c\u0131\",\"image\":{\"@type\":\"ImageObject\",\"inLanguage\":\"tr\",\"@id\":\"https:\\\/\\\/e-marineeducation.com\\\/tr\\\/wp-content\\\/uploads\\\/avatars\\\/3369\\\/1425303699-bpfull.jpg\",\"url\":\"https:\\\/\\\/e-marineeducation.com\\\/tr\\\/wp-content\\\/uploads\\\/avatars\\\/3369\\\/1425303699-bpfull.jpg\",\"contentUrl\":\"https:\\\/\\\/e-marineeducation.com\\\/tr\\\/wp-content\\\/uploads\\\/avatars\\\/3369\\\/1425303699-bpfull.jpg\",\"caption\":\"Ay\u015fe K\u0131r\u0131c\u0131\"},\"description\":\"1993 may\u0131s do\u011fumlu olan Ay\u015fe K\u0131r\u0131c\u0131 Kocaeli \u00dcniversitesi Barbaros Denizcilik Y\u00fcksekokulu'ndan mezundur. Lise 2. s\u0131n\u0131ftan itibaren denizle ilgili bir alanda \u00e7al\u0131\u015fmak istedi\u011fine karar vermi\u015ftir. 2013-2014 akademik d\u00f6neminde Barbaros Denizcilik Kul\u00fcb\u00fc'nde Faaliyet Sorumlusu unvan\u0131 ile g\u00f6rev yapm\u0131\u015f; 2015 y\u0131l\u0131ndan beri ise okulu b\u00fcnyesinde bulunan TURMEPA Deniz Temiz Derne\u011fi'ne ba\u011fl\u0131 olan Kocaeli \u00dcniversitesi DET \u00fcyeli\u011fi yapm\u0131\u015ft\u0131r. Temmuz 2016- Kas\u0131m 2017 tarihleri aras\u0131nda Y\u0131lport Gebze Terminali'nde Puant\u00f6r olarak g\u00f6rev alm\u0131\u015ft\u0131r. Kas\u0131m 2017 tarihi itibari ile ATEK G\u00f6zetim ve Expertiz \u015eirketinde Surveyor \\\/ Y\u00f6netici Asistan\u0131 olarak g\u00f6rev yapmaktad\u0131r.\",\"sameAs\":[\"https:\\\/\\\/e-marineeducation.com\\\/tr\\\/profil-ayse-kirici\\\/\",\"https:\\\/\\\/tr.linkedin.com\\\/in\\\/ay\u015fe-k\u0131r\u0131c\u0131-6612a193\"],\"url\":\"https:\\\/\\\/e-marineeducation.com\\\/tr\\\/author\\\/aysekrc\\\/\"}]}<\/script>\n<!-- \/ Yoast SEO plugin. -->","yoast_head_json":{"title":"\u0130nce Denizcilik Piri Reis \u00dcniversitesi\u2019nin Konu\u011fu Oldu - e-MarineEducation.com","description":"PR\u00dc Denizcilik Kul\u00fcb\u00fc\u00a0taraf\u0131ndan\u00a05.si\u00a0d\u00fczenlenen Kariyer G\u00fcnleri\u2019nde\u00a0\u0130nce Denizcilik\u00a0Piri Reis \u00dcniversitesi\u2019nin konu\u011fu oldu.","robots":{"index":"index","follow":"follow","max-snippet":"max-snippet:-1","max-image-preview":"max-image-preview:large","max-video-preview":"max-video-preview:-1"},"canonical":"https:\/\/e-marineeducation.com\/tr\/ince-denizcilik-piri-reis-universitesinin-konugu-oldu\/","og_locale":"tr_TR","og_type":"article","og_title":"\u0130nce Denizcilik Piri Reis \u00dcniversitesi\u2019nin Konu\u011fu Oldu - e-MarineEducation.com","og_description":"PR\u00dc Denizcilik Kul\u00fcb\u00fc\u00a0taraf\u0131ndan\u00a05.si\u00a0d\u00fczenlenen Kariyer G\u00fcnleri\u2019nde\u00a0\u0130nce Denizcilik\u00a0Piri Reis \u00dcniversitesi\u2019nin konu\u011fu oldu.","og_url":"https:\/\/e-marineeducation.com\/tr\/ince-denizcilik-piri-reis-universitesinin-konugu-oldu\/","og_site_name":"e-MarineEducation.com","article_published_time":"2015-12-07T17:00:27+00:00","article_modified_time":"2015-12-07T17:45:58+00:00","og_image":[{"url":"https:\/\/e-marineeducation.com\/tr\/wp-content\/uploads\/Piri-Reis-\u00dcniversitesi-Logo-Yeni.png","type":"","width":"","height":""}],"author":"Ay\u015fe K\u0131r\u0131c\u0131","twitter_card":"summary_large_image","twitter_misc":{"Yazan:":"Ay\u015fe K\u0131r\u0131c\u0131","Tahmini okuma s\u00fcresi":"1 dakika"},"schema":{"@context":"https:\/\/schema.org","@graph":[{"@type":"Article","@id":"https:\/\/e-marineeducation.com\/tr\/ince-denizcilik-piri-reis-universitesinin-konugu-oldu\/#article","isPartOf":{"@id":"https:\/\/e-marineeducation.com\/tr\/ince-denizcilik-piri-reis-universitesinin-konugu-oldu\/"},"author":{"name":"Ay\u015fe K\u0131r\u0131c\u0131","@id":"https:\/\/e-marineeducation.com\/tr\/#\/schema\/person\/312f4577be415ffd9bf2ef1202d6f034"},"headline":"\u0130nce Denizcilik Piri Reis \u00dcniversitesi\u2019nin Konu\u011fu Oldu","datePublished":"2015-12-07T17:00:27+00:00","dateModified":"2015-12-07T17:45:58+00:00","mainEntityOfPage":{"@id":"https:\/\/e-marineeducation.com\/tr\/ince-denizcilik-piri-reis-universitesinin-konugu-oldu\/"},"wordCount":181,"commentCount":0,"keywords":["Ahmet Ya\u015far CANCA","Ata Alban Akg\u00fcn Haberleri","Ay\u015fe K\u0131r\u0131c\u0131 Eklemeleri","Ece Eldek D\u00fczenlemeleri","piri reis \u00fcniversitesi","Piri Reis \u00dcniversitesi Denizcilik Kul\u00fcb\u00fc","\u015eeyma SEZG\u0130N"],"articleSection":["Haberler"],"inLanguage":"tr","potentialAction":[{"@type":"CommentAction","name":"Comment","target":["https:\/\/e-marineeducation.com\/tr\/ince-denizcilik-piri-reis-universitesinin-konugu-oldu\/#respond"]}]},{"@type":"WebPage","@id":"https:\/\/e-marineeducation.com\/tr\/ince-denizcilik-piri-reis-universitesinin-konugu-oldu\/","url":"https:\/\/e-marineeducation.com\/tr\/ince-denizcilik-piri-reis-universitesinin-konugu-oldu\/","name":"\u0130nce Denizcilik Piri Reis \u00dcniversitesi\u2019nin Konu\u011fu Oldu - e-MarineEducation.com","isPartOf":{"@id":"https:\/\/e-marineeducation.com\/tr\/#website"},"datePublished":"2015-12-07T17:00:27+00:00","dateModified":"2015-12-07T17:45:58+00:00","author":{"@id":"https:\/\/e-marineeducation.com\/tr\/#\/schema\/person\/312f4577be415ffd9bf2ef1202d6f034"},"description":"PR\u00dc Denizcilik Kul\u00fcb\u00fc\u00a0taraf\u0131ndan\u00a05.si\u00a0d\u00fczenlenen Kariyer G\u00fcnleri\u2019nde\u00a0\u0130nce Denizcilik\u00a0Piri Reis \u00dcniversitesi\u2019nin konu\u011fu oldu.","breadcrumb":{"@id":"https:\/\/e-marineeducation.com\/tr\/ince-denizcilik-piri-reis-universitesinin-konugu-oldu\/#breadcrumb"},"inLanguage":"tr","potentialAction":[{"@type":"ReadAction","target":["https:\/\/e-marineeducation.com\/tr\/ince-denizcilik-piri-reis-universitesinin-konugu-oldu\/"]}]},{"@type":"BreadcrumbList","@id":"https:\/\/e-marineeducation.com\/tr\/ince-denizcilik-piri-reis-universitesinin-konugu-oldu\/#breadcrumb","itemListElement":[{"@type":"ListItem","position":1,"name":"Ana sayfa","item":"https:\/\/e-marineeducation.com\/tr\/"},{"@type":"ListItem","position":2,"name":"\u0130nce Denizcilik Piri Reis \u00dcniversitesi\u2019nin Konu\u011fu Oldu"}]},{"@type":"WebSite","@id":"https:\/\/e-marineeducation.com\/tr\/#website","url":"https:\/\/e-marineeducation.com\/tr\/","name":"e-MarineEducation.com","description":"Denizcilik E\u011fitimine Yeni Bir Bak\u0131\u015f A\u00e7\u0131s\u0131","potentialAction":[{"@type":"SearchAction","target":{"@type":"EntryPoint","urlTemplate":"https:\/\/e-marineeducation.com\/tr\/?s={search_term_string}"},"query-input":{"@type":"PropertyValueSpecification","valueRequired":true,"valueName":"search_term_string"}}],"inLanguage":"tr"},{"@type":"Person","@id":"https:\/\/e-marineeducation.com\/tr\/#\/schema\/person\/312f4577be415ffd9bf2ef1202d6f034","name":"Ay\u015fe K\u0131r\u0131c\u0131","image":{"@type":"ImageObject","inLanguage":"tr","@id":"https:\/\/e-marineeducation.com\/tr\/wp-content\/uploads\/avatars\/3369\/1425303699-bpfull.jpg","url":"https:\/\/e-marineeducation.com\/tr\/wp-content\/uploads\/avatars\/3369\/1425303699-bpfull.jpg","contentUrl":"https:\/\/e-marineeducation.com\/tr\/wp-content\/uploads\/avatars\/3369\/1425303699-bpfull.jpg","caption":"Ay\u015fe K\u0131r\u0131c\u0131"},"description":"1993 may\u0131s do\u011fumlu olan Ay\u015fe K\u0131r\u0131c\u0131 Kocaeli \u00dcniversitesi Barbaros Denizcilik Y\u00fcksekokulu'ndan mezundur. Lise 2. s\u0131n\u0131ftan itibaren denizle ilgili bir alanda \u00e7al\u0131\u015fmak istedi\u011fine karar vermi\u015ftir. 2013-2014 akademik d\u00f6neminde Barbaros Denizcilik Kul\u00fcb\u00fc'nde Faaliyet Sorumlusu unvan\u0131 ile g\u00f6rev yapm\u0131\u015f; 2015 y\u0131l\u0131ndan beri ise okulu b\u00fcnyesinde bulunan TURMEPA Deniz Temiz Derne\u011fi'ne ba\u011fl\u0131 olan Kocaeli \u00dcniversitesi DET \u00fcyeli\u011fi yapm\u0131\u015ft\u0131r. Temmuz 2016- Kas\u0131m 2017 tarihleri aras\u0131nda Y\u0131lport Gebze Terminali'nde Puant\u00f6r olarak g\u00f6rev alm\u0131\u015ft\u0131r. Kas\u0131m 2017 tarihi itibari ile ATEK G\u00f6zetim ve Expertiz \u015eirketinde Surveyor \/ Y\u00f6netici Asistan\u0131 olarak g\u00f6rev yapmaktad\u0131r.","sameAs":["https:\/\/e-marineeducation.com\/tr\/profil-ayse-kirici\/","https:\/\/tr.linkedin.com\/in\/ay\u015fe-k\u0131r\u0131c\u0131-6612a193"],"url":"https:\/\/e-marineeducation.com\/tr\/author\/aysekrc\/"}]}},"_links":{"self":[{"href":"https:\/\/e-marineeducation.com\/tr\/wp-json\/wp\/v2\/posts\/22133","targetHints":{"allow":["GET"]}}],"collection":[{"href":"https:\/\/e-marineeducation.com\/tr\/wp-json\/wp\/v2\/posts"}],"about":[{"href":"https:\/\/e-marineeducation.com\/tr\/wp-json\/wp\/v2\/types\/post"}],"author":[{"embeddable":true,"href":"https:\/\/e-marineeducation.com\/tr\/wp-json\/wp\/v2\/users\/3369"}],"replies":[{"embeddable":true,"href":"https:\/\/e-marineeducation.com\/tr\/wp-json\/wp\/v2\/comments?post=22133"}],"version-history":[{"count":0,"href":"https:\/\/e-marineeducation.com\/tr\/wp-json\/wp\/v2\/posts\/22133\/revisions"}],"wp:attachment":[{"href":"https:\/\/e-marineeducation.com\/tr\/wp-json\/wp\/v2\/media?parent=22133"}],"wp:term":[{"taxonomy":"category","embeddable":true,"href":"https:\/\/e-marineeducation.com\/tr\/wp-json\/wp\/v2\/categories?post=22133"},{"taxonomy":"post_tag","embeddable":true,"href":"https:\/\/e-marineeducation.com\/tr\/wp-json\/wp\/v2\/tags?post=22133"}],"curies":[{"name":"wp","href":"https:\/\/api.w.org\/{rel}","templated":true}]}}