

{"id":2060,"date":"2011-10-06T01:12:17","date_gmt":"2011-10-05T22:12:17","guid":{"rendered":"https:\/\/e-marineeducation.com\/tr\/?p=2060"},"modified":"2011-10-06T01:13:35","modified_gmt":"2011-10-05T22:13:35","slug":"barbaros-hayrettin-pasa-denizcilik-anadolu-meslek-lisesinde-muze-acildi","status":"publish","type":"post","link":"https:\/\/e-marineeducation.com\/tr\/barbaros-hayrettin-pasa-denizcilik-anadolu-meslek-lisesinde-muze-acildi\/","title":{"rendered":"B. Hayrettin Pa\u015fa Denizcilik Anadolu Meslek Lisesi&#8217;nde M\u00fcze A\u00e7\u0131ld\u0131"},"content":{"rendered":"<p style=\"text-align: justify;\"><img loading=\"lazy\" decoding=\"async\" class=\"alignleft size-full wp-image-1180\" title=\"Barbaros Hayrettin Pa\u015fa Denizcilik Anadolu Meslek Lisesi Logosu\" src=\"https:\/\/e-marineeducation.com\/tr\/wp-content\/uploads\/Barbaros-Hayrettin-Pa%C5%9Fa-Denizcilik-Anadolu-Meslek-Lisesi-Logosu.png\" alt=\"\" width=\"127\" height=\"127\" \/>Beykoz Barbaros Hayrettin Pa\u015fa Denizcilik Anadolu Meslek Lisesi b\u00fcnyesinde yer alan <span style=\"color: #3366cc;\"><em>Denizcilik ve Su \u00dcr\u00fcnleri M\u00fczesi<\/em><\/span>, \u0130stanbul Valisi <span style=\"color: #3366cc;\"><em>H\u00fcseyin Avni Mutlu<\/em><\/span> taraf\u0131ndan t\u00f6renle a\u00e7\u0131ld\u0131. M\u00fczenin y\u00f6netimi Barbaros Hayrettin Pa\u015fa Denizcilik Anadolu Meslek Lisesi idaresi taraf\u0131ndan ger\u00e7ekle\u015ftirilecek. M\u00fcze, ziyarete a\u00e7\u0131lmadan \u00f6nce i\u00e7erisinde bar\u0131nd\u0131rd\u0131\u011f\u0131 her eser <span style=\"color: #3366cc;\"><em>T.C. K\u00fclt\u00fcr Bakanl\u0131\u011f\u0131<\/em><\/span> taraf\u0131ndan kay\u0131t alt\u0131na al\u0131nd\u0131.<\/p>\n<table style=\"height: 20px;\" border=\"0\">\n<tbody>\n<tr>\n<td><\/td>\n<\/tr>\n<\/tbody>\n<\/table>\n<p style=\"text-align: justify;\">\u0130stanbul Valisi H\u00fcseyin Avni Mutlu, m\u00fczeyi \u00e7ok be\u011fendi\u011fini ifade ederek eme\u011fi ge\u00e7enlere te\u015fekk\u00fcr etti. Memleketi olan Rize&#8217;ye de b\u00f6yle bir m\u00fczenin kurulmas\u0131n\u0131 arzulad\u0131\u011f\u0131n\u0131 s\u00f6zlerine ekledi.<\/p>\n<table style=\"height: 20px;\" border=\"0\">\n<tbody>\n<tr>\n<td><\/td>\n<\/tr>\n<\/tbody>\n<\/table>\n<figure id=\"attachment_2065\" aria-describedby=\"caption-attachment-2065\" style=\"width: 564px\" class=\"wp-caption aligncenter\"><img loading=\"lazy\" decoding=\"async\" class=\"size-full wp-image-2065\" title=\"Denizcilik ve Su \u00dcr\u00fcnleri M\u00fczesi A\u00e7\u0131l\u0131\u015f\u0131\" src=\"https:\/\/e-marineeducation.com\/tr\/wp-content\/uploads\/Denizcilik-ve-Su-%C3%9Cr%C3%BCnleri-M%C3%BCzesi-A%C3%A7%C4%B1l%C4%B1%C5%9F%C4%B1.jpg\" alt=\"\" width=\"564\" height=\"334\" \/><figcaption id=\"caption-attachment-2065\" class=\"wp-caption-text\">Denizcilik ve Su \u00dcr\u00fcnleri M\u00fczesi A\u00e7\u0131l\u0131\u015f\u0131<\/figcaption><\/figure>\n<table style=\"height: 20px;\" border=\"0\">\n<tbody>\n<tr>\n<td><\/td>\n<\/tr>\n<\/tbody>\n<\/table>\n<p style=\"text-align: justify;\">M\u00fczede, K\u0131z\u0131ldeniz ve \u00fclkemizdeki denizlerde avlanan \u00e7e\u015fitli deniz canl\u0131lar\u0131 sergileniyor. Sergilenen baz\u0131 bal\u0131k t\u00fcrlerinin nesli t\u00fckenmi\u015f durumda. Bal\u0131klar\u0131n zamana ba\u011fl\u0131 olarak bozulmamalar\u0131 i\u00e7in \u00f6zel i\u015flemlerden ge\u00e7irilmi\u015f. M\u00fczere&#8217;de \u0130stanbul Valisi H\u00fcseyin Avni Mutlu&#8217;nun ilgisini en \u00e7ok Marmara Denizi&#8217;nde yakalanan <span style=\"color: #3366cc;\"><em>Cam G\u00f6z\u00fc K\u00f6pekbal\u0131\u011f\u0131<\/em><\/span>\u2019n\u0131n ba\u015f\u0131n\u0131n sergilendi\u011fi b\u00f6l\u00fcm \u00e7ekti.<\/p>\n<table style=\"height: 20px;\" border=\"0\">\n<tbody>\n<tr>\n<td><\/td>\n<\/tr>\n<\/tbody>\n<\/table>\n<figure id=\"attachment_2067\" aria-describedby=\"caption-attachment-2067\" style=\"width: 564px\" class=\"wp-caption aligncenter\"><img loading=\"lazy\" decoding=\"async\" class=\"size-full wp-image-2067\" title=\"Denizcilik ve Su \u00dcr\u00fcnleri M\u00fczesi\" src=\"https:\/\/e-marineeducation.com\/tr\/wp-content\/uploads\/Denizcilik-ve-Su-%C3%9Cr%C3%BCnleri-M%C3%BCzesi.png\" alt=\"\" width=\"564\" height=\"411\" \/><figcaption id=\"caption-attachment-2067\" class=\"wp-caption-text\">Denizcilik ve Su \u00dcr\u00fcnleri M\u00fczesi<\/figcaption><\/figure>\n<table style=\"height: 20px;\" border=\"0\">\n<tbody>\n<tr>\n<td><\/td>\n<\/tr>\n<\/tbody>\n<\/table>\n<p style=\"text-align: justify;\">Vali Mutlu, m\u00fczeyi incelerken bir yandan da Su \u00dcr\u00fcnleri M\u00fchendisi olan <span style=\"color: #3366cc;\"><em>Ahmet K\u0131ral \u00d6zbey<\/em><\/span> taraf\u0131ndan kendisine eserler hakk\u0131nda bilgi verildi. M\u00fcze incelemesinin ard\u0131ndan Vali Mutlu, m\u00fcze i\u00e7erisinde bulunan <span style=\"color: #3366cc;\"><em>k\u00f6pr\u00fc\u00fcst\u00fc similat\u00f6r\u00fcn\u00fcn<\/em><\/span> d\u00fcmenine ge\u00e7erek Marmara Denizi&#8217;ndeki bir gemiyi kumanda etmeye \u00e7al\u0131\u015ft\u0131 ancak ba\u015far\u0131l\u0131 olamad\u0131.<\/p>\n<table style=\"height: 20px;\" border=\"0\">\n<tbody>\n<tr>\n<td><\/td>\n<\/tr>\n<\/tbody>\n<\/table>\n<figure id=\"attachment_2068\" aria-describedby=\"caption-attachment-2068\" style=\"width: 564px\" class=\"wp-caption aligncenter\"><img loading=\"lazy\" decoding=\"async\" class=\"size-full wp-image-2068\" title=\"K\u00f6pr\u00fc\u00fcst\u00fc Sim\u00fclat\u00f6r\u00fc\" src=\"https:\/\/e-marineeducation.com\/tr\/wp-content\/uploads\/K%C3%B6pr%C3%BC%C3%BCst%C3%BC-Sim%C3%BClat%C3%B6r%C3%BC.jpg\" alt=\"\" width=\"564\" height=\"334\" \/><figcaption id=\"caption-attachment-2068\" class=\"wp-caption-text\">K\u00f6pr\u00fc\u00fcst\u00fc Sim\u00fclat\u00f6r\u00fc<\/figcaption><\/figure>\n","protected":false},"excerpt":{"rendered":"<p>Beykoz Barbaros Hayrettin Pa\u015fa Denizcilik Anadolu Meslek Lisesi b\u00fcnyesinde yer alan Denizcilik ve Su \u00dcr\u00fcnleri M\u00fczesi, \u0130stanbul Valisi H\u00fcseyin Avni Mutlu taraf\u0131ndan t\u00f6renle a\u00e7\u0131ld\u0131. M\u00fczenin y\u00f6netimi Barbaros Hayrettin Pa\u015fa Denizcilik Anadolu Meslek Lisesi idaresi taraf\u0131ndan ger\u00e7ekle\u015ftirilecek. M\u00fcze, ziyarete a\u00e7\u0131lmadan \u00f6nce i\u00e7erisinde bar\u0131nd\u0131rd\u0131\u011f\u0131 her eser T.C. K\u00fclt\u00fcr Bakanl\u0131\u011f\u0131 taraf\u0131ndan kay\u0131t alt\u0131na al\u0131nd\u0131. \u0130stanbul Valisi H\u00fcseyin Avni &hellip;<\/p>\n","protected":false},"author":1,"featured_media":2062,"comment_status":"open","ping_status":"open","sticky":false,"template":"","format":"standard","meta":{"_acf_changed":false,"_bbp_topic_count":0,"_bbp_reply_count":0,"_bbp_total_topic_count":0,"_bbp_total_reply_count":0,"_bbp_voice_count":0,"_bbp_anonymous_reply_count":0,"_bbp_topic_count_hidden":0,"_bbp_reply_count_hidden":0,"_bbp_forum_subforum_count":0,"footnotes":""},"categories":[18],"tags":[237,233,239,238,234,236,235,240],"class_list":["post-2060","post","type-post","status-publish","format-standard","has-post-thumbnail","","category-haberler","tag-ahmet-kiral-ozbey","tag-barbaros-hayrettin-pasa-denizcilik-anadolu-meslek-lisesi","tag-beykoz","tag-cam-gozu-kopekbaligi","tag-denizcilik-ve-su-urunleri-muzesi","tag-huseyin-avni-mutlu","tag-istanbul-valisi","tag-kultur-bakanligi"],"acf":[],"yoast_head":"<!-- This site is optimized with the Yoast SEO plugin v27.4 - https:\/\/yoast.com\/product\/yoast-seo-wordpress\/ -->\n<title>B. Hayrettin Pa\u015fa Denizcilik Anadolu Meslek Lisesi&#039;nde M\u00fcze A\u00e7\u0131ld\u0131 - e-MarineEducation.com<\/title>\n<meta name=\"robots\" content=\"index, follow, max-snippet:-1, max-image-preview:large, max-video-preview:-1\" \/>\n<link rel=\"canonical\" href=\"https:\/\/e-marineeducation.com\/tr\/barbaros-hayrettin-pasa-denizcilik-anadolu-meslek-lisesinde-muze-acildi\/\" \/>\n<meta property=\"og:locale\" content=\"tr_TR\" \/>\n<meta property=\"og:type\" content=\"article\" \/>\n<meta property=\"og:title\" content=\"B. Hayrettin Pa\u015fa Denizcilik Anadolu Meslek Lisesi&#039;nde M\u00fcze A\u00e7\u0131ld\u0131 - e-MarineEducation.com\" \/>\n<meta property=\"og:description\" content=\"Beykoz Barbaros Hayrettin Pa\u015fa Denizcilik Anadolu Meslek Lisesi b\u00fcnyesinde yer alan Denizcilik ve Su \u00dcr\u00fcnleri M\u00fczesi, \u0130stanbul Valisi H\u00fcseyin Avni Mutlu taraf\u0131ndan t\u00f6renle a\u00e7\u0131ld\u0131. M\u00fczenin y\u00f6netimi Barbaros Hayrettin Pa\u015fa Denizcilik Anadolu Meslek Lisesi idaresi taraf\u0131ndan ger\u00e7ekle\u015ftirilecek. M\u00fcze, ziyarete a\u00e7\u0131lmadan \u00f6nce i\u00e7erisinde bar\u0131nd\u0131rd\u0131\u011f\u0131 her eser T.C. K\u00fclt\u00fcr Bakanl\u0131\u011f\u0131 taraf\u0131ndan kay\u0131t alt\u0131na al\u0131nd\u0131. \u0130stanbul Valisi H\u00fcseyin Avni &hellip;\" \/>\n<meta property=\"og:url\" content=\"https:\/\/e-marineeducation.com\/tr\/barbaros-hayrettin-pasa-denizcilik-anadolu-meslek-lisesinde-muze-acildi\/\" \/>\n<meta property=\"og:site_name\" content=\"e-MarineEducation.com\" \/>\n<meta property=\"article:author\" content=\"https:\/\/www.facebook.com\/oruc.aybars\" \/>\n<meta property=\"article:published_time\" content=\"2011-10-05T22:12:17+00:00\" \/>\n<meta property=\"article:modified_time\" content=\"2011-10-05T22:13:35+00:00\" \/>\n<meta property=\"og:image\" content=\"https:\/\/e-marineeducation.com\/tr\/wp-content\/uploads\/Barbaros-Hayrettin-Pa\u015fa-Denizcilik-Anadolu-Meslek-Lisesi-Simge.png\" \/>\n\t<meta property=\"og:image:width\" content=\"74\" \/>\n\t<meta property=\"og:image:height\" content=\"74\" \/>\n\t<meta property=\"og:image:type\" content=\"image\/png\" \/>\n<meta name=\"author\" content=\"Dr. Aybars Oru\u00e7\" \/>\n<meta name=\"twitter:card\" content=\"summary_large_image\" \/>\n<meta name=\"twitter:creator\" content=\"@aybarsoruc\" \/>\n<meta name=\"twitter:label1\" content=\"Yazan:\" \/>\n\t<meta name=\"twitter:data1\" content=\"Dr. Aybars Oru\u00e7\" \/>\n\t<meta name=\"twitter:label2\" content=\"Tahmini okuma s\u00fcresi\" \/>\n\t<meta name=\"twitter:data2\" content=\"1 dakika\" \/>\n<script type=\"application\/ld+json\" class=\"yoast-schema-graph\">{\"@context\":\"https:\\\/\\\/schema.org\",\"@graph\":[{\"@type\":\"Article\",\"@id\":\"https:\\\/\\\/e-marineeducation.com\\\/tr\\\/barbaros-hayrettin-pasa-denizcilik-anadolu-meslek-lisesinde-muze-acildi\\\/#article\",\"isPartOf\":{\"@id\":\"https:\\\/\\\/e-marineeducation.com\\\/tr\\\/barbaros-hayrettin-pasa-denizcilik-anadolu-meslek-lisesinde-muze-acildi\\\/\"},\"author\":{\"name\":\"Dr. Aybars Oru\u00e7\",\"@id\":\"https:\\\/\\\/e-marineeducation.com\\\/tr\\\/#\\\/schema\\\/person\\\/f7f32de91b2efb12f23950a06aad9e36\"},\"headline\":\"B. Hayrettin Pa\u015fa Denizcilik Anadolu Meslek Lisesi&#8217;nde M\u00fcze A\u00e7\u0131ld\u0131\",\"datePublished\":\"2011-10-05T22:12:17+00:00\",\"dateModified\":\"2011-10-05T22:13:35+00:00\",\"mainEntityOfPage\":{\"@id\":\"https:\\\/\\\/e-marineeducation.com\\\/tr\\\/barbaros-hayrettin-pasa-denizcilik-anadolu-meslek-lisesinde-muze-acildi\\\/\"},\"wordCount\":305,\"commentCount\":0,\"image\":{\"@id\":\"https:\\\/\\\/e-marineeducation.com\\\/tr\\\/barbaros-hayrettin-pasa-denizcilik-anadolu-meslek-lisesinde-muze-acildi\\\/#primaryimage\"},\"thumbnailUrl\":\"https:\\\/\\\/e-marineeducation.com\\\/tr\\\/wp-content\\\/uploads\\\/Barbaros-Hayrettin-Pa\u015fa-Denizcilik-Anadolu-Meslek-Lisesi-Simge.png\",\"keywords\":[\"ahmet k\u0131ral \u00f6zbey\",\"barbaros hayrettin pa\u015fa denizcilik anadolu meslek lisesi\",\"beykoz\",\"cam g\u00f6z\u00fc k\u00f6pekbal\u0131\u011f\u0131\",\"denizcilik ve su \u00fcr\u00fcnleri m\u00fczesi\",\"h\u00fcseyin avni mutlu\",\"istanbul valisi\",\"k\u00fclt\u00fcr bakanl\u0131\u011f\u0131\"],\"articleSection\":[\"Haberler\"],\"inLanguage\":\"tr\",\"potentialAction\":[{\"@type\":\"CommentAction\",\"name\":\"Comment\",\"target\":[\"https:\\\/\\\/e-marineeducation.com\\\/tr\\\/barbaros-hayrettin-pasa-denizcilik-anadolu-meslek-lisesinde-muze-acildi\\\/#respond\"]}]},{\"@type\":\"WebPage\",\"@id\":\"https:\\\/\\\/e-marineeducation.com\\\/tr\\\/barbaros-hayrettin-pasa-denizcilik-anadolu-meslek-lisesinde-muze-acildi\\\/\",\"url\":\"https:\\\/\\\/e-marineeducation.com\\\/tr\\\/barbaros-hayrettin-pasa-denizcilik-anadolu-meslek-lisesinde-muze-acildi\\\/\",\"name\":\"B. Hayrettin Pa\u015fa Denizcilik Anadolu Meslek Lisesi'nde M\u00fcze A\u00e7\u0131ld\u0131 - e-MarineEducation.com\",\"isPartOf\":{\"@id\":\"https:\\\/\\\/e-marineeducation.com\\\/tr\\\/#website\"},\"primaryImageOfPage\":{\"@id\":\"https:\\\/\\\/e-marineeducation.com\\\/tr\\\/barbaros-hayrettin-pasa-denizcilik-anadolu-meslek-lisesinde-muze-acildi\\\/#primaryimage\"},\"image\":{\"@id\":\"https:\\\/\\\/e-marineeducation.com\\\/tr\\\/barbaros-hayrettin-pasa-denizcilik-anadolu-meslek-lisesinde-muze-acildi\\\/#primaryimage\"},\"thumbnailUrl\":\"https:\\\/\\\/e-marineeducation.com\\\/tr\\\/wp-content\\\/uploads\\\/Barbaros-Hayrettin-Pa\u015fa-Denizcilik-Anadolu-Meslek-Lisesi-Simge.png\",\"datePublished\":\"2011-10-05T22:12:17+00:00\",\"dateModified\":\"2011-10-05T22:13:35+00:00\",\"author\":{\"@id\":\"https:\\\/\\\/e-marineeducation.com\\\/tr\\\/#\\\/schema\\\/person\\\/f7f32de91b2efb12f23950a06aad9e36\"},\"breadcrumb\":{\"@id\":\"https:\\\/\\\/e-marineeducation.com\\\/tr\\\/barbaros-hayrettin-pasa-denizcilik-anadolu-meslek-lisesinde-muze-acildi\\\/#breadcrumb\"},\"inLanguage\":\"tr\",\"potentialAction\":[{\"@type\":\"ReadAction\",\"target\":[\"https:\\\/\\\/e-marineeducation.com\\\/tr\\\/barbaros-hayrettin-pasa-denizcilik-anadolu-meslek-lisesinde-muze-acildi\\\/\"]}]},{\"@type\":\"ImageObject\",\"inLanguage\":\"tr\",\"@id\":\"https:\\\/\\\/e-marineeducation.com\\\/tr\\\/barbaros-hayrettin-pasa-denizcilik-anadolu-meslek-lisesinde-muze-acildi\\\/#primaryimage\",\"url\":\"https:\\\/\\\/e-marineeducation.com\\\/tr\\\/wp-content\\\/uploads\\\/Barbaros-Hayrettin-Pa\u015fa-Denizcilik-Anadolu-Meslek-Lisesi-Simge.png\",\"contentUrl\":\"https:\\\/\\\/e-marineeducation.com\\\/tr\\\/wp-content\\\/uploads\\\/Barbaros-Hayrettin-Pa\u015fa-Denizcilik-Anadolu-Meslek-Lisesi-Simge.png\",\"width\":\"74\",\"height\":\"74\"},{\"@type\":\"BreadcrumbList\",\"@id\":\"https:\\\/\\\/e-marineeducation.com\\\/tr\\\/barbaros-hayrettin-pasa-denizcilik-anadolu-meslek-lisesinde-muze-acildi\\\/#breadcrumb\",\"itemListElement\":[{\"@type\":\"ListItem\",\"position\":1,\"name\":\"Ana sayfa\",\"item\":\"https:\\\/\\\/e-marineeducation.com\\\/tr\\\/\"},{\"@type\":\"ListItem\",\"position\":2,\"name\":\"B. Hayrettin Pa\u015fa Denizcilik Anadolu Meslek Lisesi&#8217;nde M\u00fcze A\u00e7\u0131ld\u0131\"}]},{\"@type\":\"WebSite\",\"@id\":\"https:\\\/\\\/e-marineeducation.com\\\/tr\\\/#website\",\"url\":\"https:\\\/\\\/e-marineeducation.com\\\/tr\\\/\",\"name\":\"e-MarineEducation.com\",\"description\":\"Denizcilik E\u011fitimine Yeni Bir Bak\u0131\u015f A\u00e7\u0131s\u0131\",\"potentialAction\":[{\"@type\":\"SearchAction\",\"target\":{\"@type\":\"EntryPoint\",\"urlTemplate\":\"https:\\\/\\\/e-marineeducation.com\\\/tr\\\/?s={search_term_string}\"},\"query-input\":{\"@type\":\"PropertyValueSpecification\",\"valueRequired\":true,\"valueName\":\"search_term_string\"}}],\"inLanguage\":\"tr\"},{\"@type\":\"Person\",\"@id\":\"https:\\\/\\\/e-marineeducation.com\\\/tr\\\/#\\\/schema\\\/person\\\/f7f32de91b2efb12f23950a06aad9e36\",\"name\":\"Dr. Aybars Oru\u00e7\",\"image\":{\"@type\":\"ImageObject\",\"inLanguage\":\"tr\",\"@id\":\"https:\\\/\\\/e-marineeducation.com\\\/tr\\\/wp-content\\\/uploads\\\/avatars\\\/1\\\/1713307065-bpfull.jpg\",\"url\":\"https:\\\/\\\/e-marineeducation.com\\\/tr\\\/wp-content\\\/uploads\\\/avatars\\\/1\\\/1713307065-bpfull.jpg\",\"contentUrl\":\"https:\\\/\\\/e-marineeducation.com\\\/tr\\\/wp-content\\\/uploads\\\/avatars\\\/1\\\/1713307065-bpfull.jpg\",\"caption\":\"Dr. Aybars Oru\u00e7\"},\"description\":\"Dr. Aybars Oruc, e-MarineEducation.com'un kurucusudur. \u015eu anda Tallinn Teknoloji \u00dcniversitesi'ndeki Denizcilik Siber G\u00fcvenlik Merkezi'nde doktor ara\u015ft\u0131rmac\u0131 olarak \u00e7al\u0131\u015fmaktad\u0131r. Doktora (PhD) derecesini Norve\u00e7 Bilim ve Teknoloji \u00dcniversitesi'nden (NTNU) alm\u0131\u015ft\u0131r. \u00c7e\u015fitli tip ve tonajlardaki gemielrde \u00e7al\u0131\u015ft\u0131ktan sonra karaya ge\u00e7mi\u015f ve enspekt\u00f6r olarak \u00e7al\u0131\u015fm\u0131\u015ft\u0131r. Teknik ve operasyonel y\u00f6nlerin yan\u0131 s\u0131ra insan fakt\u00f6rlerini de i\u00e7eren geni\u015f bir yelpazede denizcilik siber g\u00fcvenli\u011fi \u00fczerine bilimsel ara\u015ft\u0131rmalar yapmaktad\u0131r. Uluslararas\u0131 Denizcilik \u00d6rg\u00fct\u00fc (IMO) taraf\u0131ndan bir ay s\u00fcreyle ara\u015ft\u0131rmalar\u0131n\u0131 y\u00fcr\u00fctmek \u00fczere kabul edilmi\u015ftir. Dr. Aybars Oruc, \u00f6zel ve askeri kurumlar dahil olmak \u00fczere klas kurulu\u015flar\u0131na, sigorta \u015firketlerine, Ar-Ge firmalar\u0131na, sahil g\u00fcvenlik ve donanma kuvvetlerine denizcilik siber g\u00fcvenli\u011fi konusunda bir\u00e7ok seminer vermi\u015ftir. 2022 y\u0131l\u0131nda NATO\u2019nun siber g\u00fcvenlik konferans\u0131 (CyCon) kapsam\u0131nda Davetli Konu\u015fmac\u0131 olarak yer alm\u0131\u015f ve \u00e7al\u0131\u015fmalar\u0131n\u0131 geni\u015f bir kitleyle payla\u015fm\u0131\u015ft\u0131r.\",\"sameAs\":[\"https:\\\/\\\/e-marineeducation.com\\\/tr\\\/profil-aybars-oruc\\\/\",\"https:\\\/\\\/www.facebook.com\\\/oruc.aybars\",\"https:\\\/\\\/www.instagram.com\\\/orucaybars\\\/\",\"https:\\\/\\\/www.linkedin.com\\\/in\\\/aybarsoruc\",\"https:\\\/\\\/x.com\\\/aybarsoruc\"],\"url\":\"https:\\\/\\\/e-marineeducation.com\\\/tr\\\/author\\\/denizci88\\\/\"}]}<\/script>\n<!-- \/ Yoast SEO plugin. -->","yoast_head_json":{"title":"B. Hayrettin Pa\u015fa Denizcilik Anadolu Meslek Lisesi'nde M\u00fcze A\u00e7\u0131ld\u0131 - e-MarineEducation.com","robots":{"index":"index","follow":"follow","max-snippet":"max-snippet:-1","max-image-preview":"max-image-preview:large","max-video-preview":"max-video-preview:-1"},"canonical":"https:\/\/e-marineeducation.com\/tr\/barbaros-hayrettin-pasa-denizcilik-anadolu-meslek-lisesinde-muze-acildi\/","og_locale":"tr_TR","og_type":"article","og_title":"B. Hayrettin Pa\u015fa Denizcilik Anadolu Meslek Lisesi'nde M\u00fcze A\u00e7\u0131ld\u0131 - e-MarineEducation.com","og_description":"Beykoz Barbaros Hayrettin Pa\u015fa Denizcilik Anadolu Meslek Lisesi b\u00fcnyesinde yer alan Denizcilik ve Su \u00dcr\u00fcnleri M\u00fczesi, \u0130stanbul Valisi H\u00fcseyin Avni Mutlu taraf\u0131ndan t\u00f6renle a\u00e7\u0131ld\u0131. M\u00fczenin y\u00f6netimi Barbaros Hayrettin Pa\u015fa Denizcilik Anadolu Meslek Lisesi idaresi taraf\u0131ndan ger\u00e7ekle\u015ftirilecek. M\u00fcze, ziyarete a\u00e7\u0131lmadan \u00f6nce i\u00e7erisinde bar\u0131nd\u0131rd\u0131\u011f\u0131 her eser T.C. K\u00fclt\u00fcr Bakanl\u0131\u011f\u0131 taraf\u0131ndan kay\u0131t alt\u0131na al\u0131nd\u0131. \u0130stanbul Valisi H\u00fcseyin Avni &hellip;","og_url":"https:\/\/e-marineeducation.com\/tr\/barbaros-hayrettin-pasa-denizcilik-anadolu-meslek-lisesinde-muze-acildi\/","og_site_name":"e-MarineEducation.com","article_author":"https:\/\/www.facebook.com\/oruc.aybars","article_published_time":"2011-10-05T22:12:17+00:00","article_modified_time":"2011-10-05T22:13:35+00:00","og_image":[{"width":74,"height":74,"url":"https:\/\/e-marineeducation.com\/tr\/wp-content\/uploads\/Barbaros-Hayrettin-Pa\u015fa-Denizcilik-Anadolu-Meslek-Lisesi-Simge.png","type":"image\/png"}],"author":"Dr. Aybars Oru\u00e7","twitter_card":"summary_large_image","twitter_creator":"@aybarsoruc","twitter_misc":{"Yazan:":"Dr. Aybars Oru\u00e7","Tahmini okuma s\u00fcresi":"1 dakika"},"schema":{"@context":"https:\/\/schema.org","@graph":[{"@type":"Article","@id":"https:\/\/e-marineeducation.com\/tr\/barbaros-hayrettin-pasa-denizcilik-anadolu-meslek-lisesinde-muze-acildi\/#article","isPartOf":{"@id":"https:\/\/e-marineeducation.com\/tr\/barbaros-hayrettin-pasa-denizcilik-anadolu-meslek-lisesinde-muze-acildi\/"},"author":{"name":"Dr. Aybars Oru\u00e7","@id":"https:\/\/e-marineeducation.com\/tr\/#\/schema\/person\/f7f32de91b2efb12f23950a06aad9e36"},"headline":"B. Hayrettin Pa\u015fa Denizcilik Anadolu Meslek Lisesi&#8217;nde M\u00fcze A\u00e7\u0131ld\u0131","datePublished":"2011-10-05T22:12:17+00:00","dateModified":"2011-10-05T22:13:35+00:00","mainEntityOfPage":{"@id":"https:\/\/e-marineeducation.com\/tr\/barbaros-hayrettin-pasa-denizcilik-anadolu-meslek-lisesinde-muze-acildi\/"},"wordCount":305,"commentCount":0,"image":{"@id":"https:\/\/e-marineeducation.com\/tr\/barbaros-hayrettin-pasa-denizcilik-anadolu-meslek-lisesinde-muze-acildi\/#primaryimage"},"thumbnailUrl":"https:\/\/e-marineeducation.com\/tr\/wp-content\/uploads\/Barbaros-Hayrettin-Pa\u015fa-Denizcilik-Anadolu-Meslek-Lisesi-Simge.png","keywords":["ahmet k\u0131ral \u00f6zbey","barbaros hayrettin pa\u015fa denizcilik anadolu meslek lisesi","beykoz","cam g\u00f6z\u00fc k\u00f6pekbal\u0131\u011f\u0131","denizcilik ve su \u00fcr\u00fcnleri m\u00fczesi","h\u00fcseyin avni mutlu","istanbul valisi","k\u00fclt\u00fcr bakanl\u0131\u011f\u0131"],"articleSection":["Haberler"],"inLanguage":"tr","potentialAction":[{"@type":"CommentAction","name":"Comment","target":["https:\/\/e-marineeducation.com\/tr\/barbaros-hayrettin-pasa-denizcilik-anadolu-meslek-lisesinde-muze-acildi\/#respond"]}]},{"@type":"WebPage","@id":"https:\/\/e-marineeducation.com\/tr\/barbaros-hayrettin-pasa-denizcilik-anadolu-meslek-lisesinde-muze-acildi\/","url":"https:\/\/e-marineeducation.com\/tr\/barbaros-hayrettin-pasa-denizcilik-anadolu-meslek-lisesinde-muze-acildi\/","name":"B. Hayrettin Pa\u015fa Denizcilik Anadolu Meslek Lisesi'nde M\u00fcze A\u00e7\u0131ld\u0131 - e-MarineEducation.com","isPartOf":{"@id":"https:\/\/e-marineeducation.com\/tr\/#website"},"primaryImageOfPage":{"@id":"https:\/\/e-marineeducation.com\/tr\/barbaros-hayrettin-pasa-denizcilik-anadolu-meslek-lisesinde-muze-acildi\/#primaryimage"},"image":{"@id":"https:\/\/e-marineeducation.com\/tr\/barbaros-hayrettin-pasa-denizcilik-anadolu-meslek-lisesinde-muze-acildi\/#primaryimage"},"thumbnailUrl":"https:\/\/e-marineeducation.com\/tr\/wp-content\/uploads\/Barbaros-Hayrettin-Pa\u015fa-Denizcilik-Anadolu-Meslek-Lisesi-Simge.png","datePublished":"2011-10-05T22:12:17+00:00","dateModified":"2011-10-05T22:13:35+00:00","author":{"@id":"https:\/\/e-marineeducation.com\/tr\/#\/schema\/person\/f7f32de91b2efb12f23950a06aad9e36"},"breadcrumb":{"@id":"https:\/\/e-marineeducation.com\/tr\/barbaros-hayrettin-pasa-denizcilik-anadolu-meslek-lisesinde-muze-acildi\/#breadcrumb"},"inLanguage":"tr","potentialAction":[{"@type":"ReadAction","target":["https:\/\/e-marineeducation.com\/tr\/barbaros-hayrettin-pasa-denizcilik-anadolu-meslek-lisesinde-muze-acildi\/"]}]},{"@type":"ImageObject","inLanguage":"tr","@id":"https:\/\/e-marineeducation.com\/tr\/barbaros-hayrettin-pasa-denizcilik-anadolu-meslek-lisesinde-muze-acildi\/#primaryimage","url":"https:\/\/e-marineeducation.com\/tr\/wp-content\/uploads\/Barbaros-Hayrettin-Pa\u015fa-Denizcilik-Anadolu-Meslek-Lisesi-Simge.png","contentUrl":"https:\/\/e-marineeducation.com\/tr\/wp-content\/uploads\/Barbaros-Hayrettin-Pa\u015fa-Denizcilik-Anadolu-Meslek-Lisesi-Simge.png","width":"74","height":"74"},{"@type":"BreadcrumbList","@id":"https:\/\/e-marineeducation.com\/tr\/barbaros-hayrettin-pasa-denizcilik-anadolu-meslek-lisesinde-muze-acildi\/#breadcrumb","itemListElement":[{"@type":"ListItem","position":1,"name":"Ana sayfa","item":"https:\/\/e-marineeducation.com\/tr\/"},{"@type":"ListItem","position":2,"name":"B. Hayrettin Pa\u015fa Denizcilik Anadolu Meslek Lisesi&#8217;nde M\u00fcze A\u00e7\u0131ld\u0131"}]},{"@type":"WebSite","@id":"https:\/\/e-marineeducation.com\/tr\/#website","url":"https:\/\/e-marineeducation.com\/tr\/","name":"e-MarineEducation.com","description":"Denizcilik E\u011fitimine Yeni Bir Bak\u0131\u015f A\u00e7\u0131s\u0131","potentialAction":[{"@type":"SearchAction","target":{"@type":"EntryPoint","urlTemplate":"https:\/\/e-marineeducation.com\/tr\/?s={search_term_string}"},"query-input":{"@type":"PropertyValueSpecification","valueRequired":true,"valueName":"search_term_string"}}],"inLanguage":"tr"},{"@type":"Person","@id":"https:\/\/e-marineeducation.com\/tr\/#\/schema\/person\/f7f32de91b2efb12f23950a06aad9e36","name":"Dr. Aybars Oru\u00e7","image":{"@type":"ImageObject","inLanguage":"tr","@id":"https:\/\/e-marineeducation.com\/tr\/wp-content\/uploads\/avatars\/1\/1713307065-bpfull.jpg","url":"https:\/\/e-marineeducation.com\/tr\/wp-content\/uploads\/avatars\/1\/1713307065-bpfull.jpg","contentUrl":"https:\/\/e-marineeducation.com\/tr\/wp-content\/uploads\/avatars\/1\/1713307065-bpfull.jpg","caption":"Dr. Aybars Oru\u00e7"},"description":"Dr. Aybars Oruc, e-MarineEducation.com'un kurucusudur. \u015eu anda Tallinn Teknoloji \u00dcniversitesi'ndeki Denizcilik Siber G\u00fcvenlik Merkezi'nde doktor ara\u015ft\u0131rmac\u0131 olarak \u00e7al\u0131\u015fmaktad\u0131r. Doktora (PhD) derecesini Norve\u00e7 Bilim ve Teknoloji \u00dcniversitesi'nden (NTNU) alm\u0131\u015ft\u0131r. \u00c7e\u015fitli tip ve tonajlardaki gemielrde \u00e7al\u0131\u015ft\u0131ktan sonra karaya ge\u00e7mi\u015f ve enspekt\u00f6r olarak \u00e7al\u0131\u015fm\u0131\u015ft\u0131r. Teknik ve operasyonel y\u00f6nlerin yan\u0131 s\u0131ra insan fakt\u00f6rlerini de i\u00e7eren geni\u015f bir yelpazede denizcilik siber g\u00fcvenli\u011fi \u00fczerine bilimsel ara\u015ft\u0131rmalar yapmaktad\u0131r. Uluslararas\u0131 Denizcilik \u00d6rg\u00fct\u00fc (IMO) taraf\u0131ndan bir ay s\u00fcreyle ara\u015ft\u0131rmalar\u0131n\u0131 y\u00fcr\u00fctmek \u00fczere kabul edilmi\u015ftir. Dr. Aybars Oruc, \u00f6zel ve askeri kurumlar dahil olmak \u00fczere klas kurulu\u015flar\u0131na, sigorta \u015firketlerine, Ar-Ge firmalar\u0131na, sahil g\u00fcvenlik ve donanma kuvvetlerine denizcilik siber g\u00fcvenli\u011fi konusunda bir\u00e7ok seminer vermi\u015ftir. 2022 y\u0131l\u0131nda NATO\u2019nun siber g\u00fcvenlik konferans\u0131 (CyCon) kapsam\u0131nda Davetli Konu\u015fmac\u0131 olarak yer alm\u0131\u015f ve \u00e7al\u0131\u015fmalar\u0131n\u0131 geni\u015f bir kitleyle payla\u015fm\u0131\u015ft\u0131r.","sameAs":["https:\/\/e-marineeducation.com\/tr\/profil-aybars-oruc\/","https:\/\/www.facebook.com\/oruc.aybars","https:\/\/www.instagram.com\/orucaybars\/","https:\/\/www.linkedin.com\/in\/aybarsoruc","https:\/\/x.com\/aybarsoruc"],"url":"https:\/\/e-marineeducation.com\/tr\/author\/denizci88\/"}]}},"_links":{"self":[{"href":"https:\/\/e-marineeducation.com\/tr\/wp-json\/wp\/v2\/posts\/2060","targetHints":{"allow":["GET"]}}],"collection":[{"href":"https:\/\/e-marineeducation.com\/tr\/wp-json\/wp\/v2\/posts"}],"about":[{"href":"https:\/\/e-marineeducation.com\/tr\/wp-json\/wp\/v2\/types\/post"}],"author":[{"embeddable":true,"href":"https:\/\/e-marineeducation.com\/tr\/wp-json\/wp\/v2\/users\/1"}],"replies":[{"embeddable":true,"href":"https:\/\/e-marineeducation.com\/tr\/wp-json\/wp\/v2\/comments?post=2060"}],"version-history":[{"count":0,"href":"https:\/\/e-marineeducation.com\/tr\/wp-json\/wp\/v2\/posts\/2060\/revisions"}],"wp:featuredmedia":[{"embeddable":true,"href":"https:\/\/e-marineeducation.com\/tr\/wp-json\/wp\/v2\/media\/2062"}],"wp:attachment":[{"href":"https:\/\/e-marineeducation.com\/tr\/wp-json\/wp\/v2\/media?parent=2060"}],"wp:term":[{"taxonomy":"category","embeddable":true,"href":"https:\/\/e-marineeducation.com\/tr\/wp-json\/wp\/v2\/categories?post=2060"},{"taxonomy":"post_tag","embeddable":true,"href":"https:\/\/e-marineeducation.com\/tr\/wp-json\/wp\/v2\/tags?post=2060"}],"curies":[{"name":"wp","href":"https:\/\/api.w.org\/{rel}","templated":true}]}}