

{"id":20287,"date":"2015-04-06T19:00:11","date_gmt":"2015-04-06T16:00:11","guid":{"rendered":"https:\/\/e-marineeducation.com\/tr\/?p=20287"},"modified":"2015-04-06T12:43:08","modified_gmt":"2015-04-06T09:43:08","slug":"mta-turkuaz-denize-indirildi","status":"publish","type":"post","link":"https:\/\/e-marineeducation.com\/tr\/mta-turkuaz-denize-indirildi\/","title":{"rendered":"MTA Turkuaz Denize \u0130ndirildi"},"content":{"rendered":"<p style=\"text-align: justify\"><img loading=\"lazy\" decoding=\"async\" class=\"alignleft size-full wp-image-20335\" src=\"https:\/\/e-marineeducation.com\/tr\/wp-content\/uploads\/MTA-Turkuaz-Logo.png\" alt=\"MTA Turkuaz Logo\" width=\"127\" height=\"127\" srcset=\"https:\/\/e-marineeducation.com\/tr\/wp-content\/uploads\/MTA-Turkuaz-Logo.png 127w, https:\/\/e-marineeducation.com\/tr\/wp-content\/uploads\/MTA-Turkuaz-Logo-74x74.png 74w\" sizes=\"auto, (max-width: 127px) 100vw, 127px\" \/>\u0130lk T\u00fcrk \u00fcretimi sismik arama gemisi MTA Turkuaz 26 Mart 2015 g\u00fcn\u00fc g\u00f6rkemli bir t\u00f6ren ile denize indirildi. T\u00f6rene Ba\u015fbakan Yard\u0131mc\u0131s\u0131 <em><span style=\"color: #3366cc\">B\u00fclent Ar\u0131n\u00e7<\/span><\/em>, Enerji ve Tabi Kaynaklar Bakan\u0131 <span style=\"color: #3366cc\"><em>Taner Y\u0131ld\u0131z<\/em><\/span>, \u0130stanbul Valisi <span style=\"color: #3366cc\"><em>Vasip \u015eahin<\/em><\/span>, Maden Tetkik Arama M\u00fcd\u00fcr\u00fc <span style=\"color: #3366cc\"><em>Yusuf Ziya Co\u015far<\/em><\/span>, Savunma Sanayi M\u00fcste\u015far\u0131 <span style=\"color: #3366cc\"><em>Orhan \u00d6ge<\/em><\/span>, Milli Savunma Bakan Yard\u0131mc\u0131s\u0131 <span style=\"color: #3366cc\"><em>Hasan Kemal Yard\u0131mc\u0131<\/em><\/span> ve Deniz Kuvvetleri Komutanl\u0131\u011f\u0131 Kuzey Deniz Saha Komutan\u0131 Koramiral <span style=\"color: #3366cc\"><em>\u015e\u00fckr\u00fc Korlu<\/em><\/span> kat\u0131ld\u0131lar.<\/p>\n<table style=\"width: 20px;height: 20px\">\n<tbody>\n<tr>\n<td><\/td>\n<\/tr>\n<\/tbody>\n<\/table>\n<p style=\"text-align: justify\">T\u00f6rende Ba\u015fbakan Yard\u0131mc\u0131s\u0131 <span style=\"color: #3366cc\"><em>B\u00fclent Ar\u0131n\u00e7<\/em><\/span> ve Enerji ve Tabi Kaynaklar Bakan\u0131 <span style=\"color: #3366cc\"><em>Taner Y\u0131ld\u0131z<\/em><\/span> birer konu\u015fma yapt\u0131lar. Sn. <span style=\"color: #3366cc\"><em>B\u00fclent Ar\u0131n\u00e7<\/em><\/span> konu\u015fmas\u0131nda geminin tamamen \u00fclkenin kendi kaynaklar\u0131yla \u00fcretilmesinden dolay\u0131 gurur duydu\u011funu, T\u00fcrkiye\u2019nin bundan sonraki s\u00fcre\u00e7te bunun gibi gemileri rahatl\u0131kla \u00fcretecebilece\u011fini ve bunun \u00fclke ekonomisine b\u00fcy\u00fck katk\u0131 sa\u011flayaca\u011f\u0131n\u0131 belirtmi\u015ftir. Sn. <span style=\"color: #3366cc\"><em>Taner Y\u0131ld\u0131z<\/em><\/span> ise konu\u015fmas\u0131nda <span style=\"color: #3366cc\"><em>MTA Turkuaz<\/em><\/span>\u2019\u0131n sadece \u00fclkemizde de\u011fil ili\u015fki sa\u011flad\u0131\u011f\u0131m\u0131z b\u00fct\u00fcn \u00fclkelerde \u00e7al\u0131\u015faca\u011f\u0131n\u0131 ve <span style=\"color: #3366cc\"><em>MTA Turkuaz<\/em><\/span>\u2019\u0131n elde edece\u011fi g\u00fczel sonu\u00e7larla buralarda \u00e7\u0131kabilecek petrol ve do\u011falgaz\u0131 da yine kendi tershanelerimizde \u00fcretti\u011fimiz platformlarda \u00e7\u0131kartabilece\u011fimizi vurgulam\u0131\u015ft\u0131r.<\/p>\n<table style=\"width: 20px;height: 20px\">\n<tbody>\n<tr>\n<td><\/td>\n<\/tr>\n<\/tbody>\n<\/table>\n<p style=\"text-align: justify\"><span style=\"color: #3366cc\"><em>Maden Tetkik Arama Genel M\u00fcd\u00fcrl\u00fc\u011f\u00fc ve Savunma Sanayi M\u00fc\u015fte\u015farl\u0131\u011f\u0131<\/em><\/span>\u2019n\u0131n ortak projesi olan MTA Turkuaz, tamamen T\u00fcrk m\u00fchendis ve i\u015f\u00e7iler taraf\u0131ndan <span style=\"color: #3366cc\"><em>\u0130stanbul Tersanesi<\/em><\/span>\u2019nde in\u015fa edildi.<\/p>\n<table style=\"width: 20px;height: 20px\">\n<tbody>\n<tr>\n<td><\/td>\n<\/tr>\n<\/tbody>\n<\/table>\n<p style=\"text-align: justify\"><span style=\"color: #3366cc\"><em>86 metre<\/em><\/span> uzunlu\u011fa ve <span style=\"color: #3366cc\"><em>23 metre<\/em><\/span> geni\u015fli\u011fe sahip olan gemi, 113 milyon dolara mal oldu. Gemi bir \u00e7ok su alt\u0131 operasyonunda kullan\u0131labilecek \u00f6zelli\u011fe sahiptir. \u00dczerine su alt\u0131 \u00e7al\u0131\u015fma ekipmanlar\u0131n\u0131n donat\u0131lmas\u0131yla sismik ara\u015ft\u0131rmalar\u0131n yan\u0131nda, su alt\u0131 arkeolojik \u00e7al\u0131\u015fmalar\u0131 yapabilme imkan\u0131 verecektir. Deniz taban\u0131 ayr\u0131nt\u0131l\u0131 g\u00f6r\u00fcnt\u00fcleme imkan\u0131na sahip geminin sualt\u0131 harita sistemleri, uzaktan kumandal\u0131 su alt\u0131 robotu ve deniz taban\u0131ndan jeolojik \u00f6rnekleme alabilecek ekipmanla donat\u0131laca\u011f\u0131 \u00f6\u011frenildi. B\u00f6ylece deniz dibi ile ilgili harita \u00e7al\u0131\u015fmalar\u0131 ve bat\u0131k tespiti gibi konulardaki \u00e7al\u0131\u015fmalara gemi b\u00fcy\u00fck katk\u0131 sa\u011flayacakt\u0131r. Geminin \u00fczerinde tespit edilen buluntular\u0131n an\u0131nda incelenebilmesi i\u00e7in laboratuvarlar bulunmaktad\u0131r. Ayr\u0131ca geminin \u00fczerinde 1 tane de uluslararas\u0131 standartlarda <span style=\"color: #3366cc\"><em>helikopter pisti<\/em><\/span> bulunmaktad\u0131r.<\/p>\n<table style=\"width: 20px;height: 20px\">\n<tbody>\n<tr>\n<td><\/td>\n<\/tr>\n<\/tbody>\n<\/table>\n<p style=\"text-align: justify\"><span style=\"color: #3366cc\"><em>55 personel<\/em><\/span> ile hizmet verecek gemi 35 g\u00fcn boyunca kesintisiz sismik arama ve \u00e7al\u0131\u015fma yapabilecek donan\u0131ma sahiptir. <span style=\"color: #3366cc\"><em>2016<\/em><\/span> y\u0131l\u0131nda <span style=\"color: #3366cc\"><em>Maden Tetkik Arama Genel M\u00fcd\u00fcrl\u00fc\u011f\u00fc<\/em><\/span>\u2019ne devri ger\u00e7ekle\u015ftirilecek gemi donat\u0131lacak ekipmanlar\u0131yla sadece \u00fclkemizde de\u011fil, yabanc\u0131 karasular\u0131nda da \u00e7al\u0131\u015fmalar y\u00fcr\u00fctecek.<\/p>\n<table style=\"width: 20px;height: 20px\">\n<tbody>\n<tr>\n<td><\/td>\n<\/tr>\n<\/tbody>\n<\/table>\n<p style=\"text-align: justify\"><strong>RV MTA TURKUAZ\u2019\u0131n \u00d6zellikleri<\/strong><br \/>\nTipi: Sismik Arama Gemisi<br \/>\nBoyu: 86 m (282 ft 2 in)<br \/>\nGeni\u015fli\u011fi: 23 m (75 ft 6 in)<br \/>\nIMO No: 9675470<br \/>\nBa\u011flama Liman\u0131: \u0130stanbul<br \/>\nGross Ton : 4580 GT<br \/>\nAna Makina : 4 x 2520 kW<br \/>\nMaksimum S\u00fcrat (kts.) : 18 knots<br \/>\nArama S\u00fcrati: 4.86 knots (9.00 km\/h)<br \/>\n\u0130n\u015fa Edildi\u011fi Tershane : \u0130STANBUL TERSANES\u0130 \u2013Tuzla<\/p>\n<table style=\"width: 20px;height: 20px\">\n<tbody>\n<tr>\n<td><\/td>\n<\/tr>\n<\/tbody>\n<\/table>\n<p style=\"text-align: justify\"><strong>Donan\u0131mlar\u0131<\/strong><\/p>\n<table style=\"width: 20px;height: 20px\">\n<tbody>\n<tr>\n<td><\/td>\n<\/tr>\n<\/tbody>\n<\/table>\n<p style=\"text-align: justify\"><strong>Haritalama ve G\u00f6r\u00fcnt\u00fcleme Sistemleri:<\/strong><br \/>\nTek Bimli ve \u00c7ok Bimli \u0130skandil Sistemleri<br \/>\nROV Uzaktan Kontroll\u00fc Ara\u00e7 en fazla <span style=\"color: #3366cc\"><em>1500 m<\/em><\/span> \u00e7al\u0131\u015fma derinli\u011fine kadar g\u00f6r\u00fcnt\u00fcleme ve operasyon imk\u00e2nl\u0131<\/p>\n<table style=\"width: 20px;height: 20px\">\n<tbody>\n<tr>\n<td><\/td>\n<\/tr>\n<\/tbody>\n<\/table>\n<p style=\"text-align: justify\"><strong>Su \u00d6rnekleme ve \u00d6l\u00e7\u00fcm Sistemleri<\/strong><br \/>\nSu \u00d6rnekleyici Sistemi: En fazla 2500 m derinli\u011fe kadar ger\u00e7ek zamanl\u0131 veri toplama<br \/>\nCTD \u00d6l\u00e7\u00fcm Cihaz\u0131 : En fazla 2500 m derinli\u011fe kadar ger\u00e7ek zamanl\u0131 veri toplama<br \/>\nAk\u0131nt\u0131 \u00d6l\u00e7\u00fcm Cihazlar\u0131 : 3B derin sismik \u00e7al\u0131\u015fmalar i\u00e7in 4 x 4000 m (8 x 8,000 m aktif streamer altyap\u0131s\u0131na uygun), 2B derin sismik \u00e7al\u0131\u015fmalar i\u00e7in en \u00e7ok 12,000 m.<\/p>\n<table style=\"width: 20px;height: 20px\">\n<tbody>\n<tr>\n<td><\/td>\n<\/tr>\n<\/tbody>\n<\/table>\n<p style=\"text-align: justify\">T\u00fcm bunlar\u0131n yan\u0131nda gemide jeofizik ve jeolojik ara\u015ft\u0131rmalar yapabilecek ek donan\u0131mlar bulunmaktad\u0131r.<\/p>\n<table style=\"width: 20px;height: 20px\">\n<tbody>\n<tr>\n<td><\/td>\n<\/tr>\n<\/tbody>\n<\/table>\n<p style=\"text-align: justify\"><strong><img loading=\"lazy\" decoding=\"async\" class=\"aligncenter size-full wp-image-20303\" src=\"https:\/\/e-marineeducation.com\/tr\/wp-content\/uploads\/MTA-Turkuaz-Denize-\u0130ndirme-T\u00f6reni.jpg\" alt=\"MTA Turkuaz Denize \u0130ndirme T\u00f6reni\" width=\"595\" height=\"334\" srcset=\"https:\/\/e-marineeducation.com\/tr\/wp-content\/uploads\/MTA-Turkuaz-Denize-\u0130ndirme-T\u00f6reni.jpg 595w, https:\/\/e-marineeducation.com\/tr\/wp-content\/uploads\/MTA-Turkuaz-Denize-\u0130ndirme-T\u00f6reni-150x84.jpg 150w, https:\/\/e-marineeducation.com\/tr\/wp-content\/uploads\/MTA-Turkuaz-Denize-\u0130ndirme-T\u00f6reni-300x168.jpg 300w\" sizes=\"auto, (max-width: 595px) 100vw, 595px\" \/><\/strong><\/p>\n<table style=\"width: 20px;height: 20px\">\n<tbody>\n<tr>\n<td><\/td>\n<\/tr>\n<\/tbody>\n<\/table>\n<p><img loading=\"lazy\" decoding=\"async\" class=\"aligncenter wp-image-20338 size-full\" src=\"https:\/\/e-marineeducation.com\/tr\/wp-content\/uploads\/MTA-Turkuaz.jpg\" alt=\"MTA Turkuaz\" width=\"595\" height=\"365\" srcset=\"https:\/\/e-marineeducation.com\/tr\/wp-content\/uploads\/MTA-Turkuaz.jpg 595w, https:\/\/e-marineeducation.com\/tr\/wp-content\/uploads\/MTA-Turkuaz-150x92.jpg 150w, https:\/\/e-marineeducation.com\/tr\/wp-content\/uploads\/MTA-Turkuaz-300x184.jpg 300w\" sizes=\"auto, (max-width: 595px) 100vw, 595px\" \/><\/p>\n<table style=\"width: 20px;height: 20px\">\n<tbody>\n<tr>\n<td><\/td>\n<\/tr>\n<\/tbody>\n<\/table>\n<p style=\"text-align: justify\"><strong><img loading=\"lazy\" decoding=\"async\" class=\"aligncenter size-full wp-image-20339\" src=\"https:\/\/e-marineeducation.com\/tr\/wp-content\/uploads\/MTA-Turkuaz\u0131n-Denize-\u0130ndirilmesi.jpg\" alt=\"MTA Turkuaz'\u0131n Denize \u0130ndirilmesi\" width=\"595\" height=\"336\" srcset=\"https:\/\/e-marineeducation.com\/tr\/wp-content\/uploads\/MTA-Turkuaz\u0131n-Denize-\u0130ndirilmesi.jpg 595w, https:\/\/e-marineeducation.com\/tr\/wp-content\/uploads\/MTA-Turkuaz\u0131n-Denize-\u0130ndirilmesi-150x85.jpg 150w, https:\/\/e-marineeducation.com\/tr\/wp-content\/uploads\/MTA-Turkuaz\u0131n-Denize-\u0130ndirilmesi-300x169.jpg 300w\" sizes=\"auto, (max-width: 595px) 100vw, 595px\" \/><\/strong><\/p>\n<table style=\"width: 20px;height: 20px\">\n<tbody>\n<tr>\n<td><\/td>\n<\/tr>\n<\/tbody>\n<\/table>\n<p style=\"text-align: justify\"><strong>Haber: <a href=\"https:\/\/e-marineeducation.com\/tr\/profil-tayfun-emre-zerde\/\" target=\"_blank\"><span style=\"text-decoration: underline;color: #3366cc\">Tayfun Emre Zerde<\/span><\/a><\/strong><br \/>\n<strong> D\u00fczenleyen: <a href=\"https:\/\/e-marineeducation.com\/tr\/profil-ece-eldek\/\" target=\"_blank\"><span style=\"text-decoration: underline;color: #3366cc\">Ece Eldek<\/span><\/a><\/strong><br \/>\n<strong> Ekleyen: <a href=\"https:\/\/e-marineeducation.com\/tr\/profil-ayse-kirici\/\" target=\"_blank\"><span style=\"text-decoration: underline;color: #3366cc\">Ay\u015fe K\u0131r\u0131c\u0131<\/span><\/a><\/strong><\/p>\n","protected":false},"excerpt":{"rendered":"<p>\u0130lk T\u00fcrk \u00fcretimi sismik arama gemisi MTA Turkuaz 26 Mart 2015 g\u00fcn\u00fc g\u00f6rkemli bir t\u00f6ren ile denize indirildi. T\u00f6rene Ba\u015fbakan Yard\u0131mc\u0131s\u0131 B\u00fclent Ar\u0131n\u00e7, Enerji ve Tabi Kaynaklar Bakan\u0131 Taner Y\u0131ld\u0131z, \u0130stanbul Valisi Vasip \u015eahin, Maden Tetkik Arama M\u00fcd\u00fcr\u00fc Yusuf Ziya Co\u015far, Savunma Sanayi M\u00fcste\u015far\u0131 Orhan \u00d6ge, Milli Savunma Bakan Yard\u0131mc\u0131s\u0131 Hasan Kemal Yard\u0131mc\u0131 ve Deniz &hellip;<\/p>\n","protected":false},"author":3369,"featured_media":20337,"comment_status":"open","ping_status":"closed","sticky":false,"template":"","format":"standard","meta":{"_acf_changed":false,"_bbp_topic_count":0,"_bbp_reply_count":0,"_bbp_total_topic_count":0,"_bbp_total_reply_count":0,"_bbp_voice_count":0,"_bbp_anonymous_reply_count":0,"_bbp_topic_count_hidden":0,"_bbp_reply_count_hidden":0,"_bbp_forum_subforum_count":0,"footnotes":""},"categories":[18],"tags":[3137,928,2587,3185,3190,3189,3183,3188,2247,3184,3187,1049,3110,3186],"class_list":["post-20287","post","type-post","status-publish","format-standard","has-post-thumbnail","","category-haberler","tag-ayse-kirici-eklemeleri","tag-bulent-arinc","tag-ece-eldek-duzenlemeleri","tag-hasan-kemal-yardimci","tag-istanbul-tersanesi","tag-maden-tetkik-arama-genel-mudurlugu","tag-mta-turkuaz","tag-orhan-oge","tag-savunma-sanayi-mustesarligi","tag-sismik-arama-gemisi","tag-taner-yildiz","tag-tayfun-emre-zerde-haberleri","tag-vasip-sahin","tag-yusuf-ziya-cosar"],"acf":[],"yoast_head":"<!-- This site is optimized with the Yoast SEO plugin v27.4 - https:\/\/yoast.com\/product\/yoast-seo-wordpress\/ -->\n<title>MTA Turkuaz Denize \u0130ndirildi - e-MarineEducation.com<\/title>\n<meta name=\"description\" content=\"\u0130lk T\u00fcrk \u00fcretimi sismik arama gemisi MTA Turkuaz 26 Mart 2015 g\u00fcn\u00fc denize indirildi.\" \/>\n<meta name=\"robots\" content=\"index, follow, max-snippet:-1, max-image-preview:large, max-video-preview:-1\" \/>\n<link rel=\"canonical\" href=\"https:\/\/e-marineeducation.com\/tr\/mta-turkuaz-denize-indirildi\/\" \/>\n<meta property=\"og:locale\" content=\"tr_TR\" \/>\n<meta property=\"og:type\" content=\"article\" \/>\n<meta property=\"og:title\" content=\"MTA Turkuaz Denize \u0130ndirildi - e-MarineEducation.com\" \/>\n<meta property=\"og:description\" content=\"\u0130lk T\u00fcrk \u00fcretimi sismik arama gemisi MTA Turkuaz 26 Mart 2015 g\u00fcn\u00fc denize indirildi.\" \/>\n<meta property=\"og:url\" content=\"https:\/\/e-marineeducation.com\/tr\/mta-turkuaz-denize-indirildi\/\" \/>\n<meta property=\"og:site_name\" content=\"e-MarineEducation.com\" \/>\n<meta property=\"article:published_time\" content=\"2015-04-06T16:00:11+00:00\" \/>\n<meta property=\"og:image\" content=\"https:\/\/e-marineeducation.com\/tr\/wp-content\/uploads\/MTA-Turkuaz-Simge.png\" \/>\n\t<meta property=\"og:image:width\" content=\"74\" \/>\n\t<meta property=\"og:image:height\" content=\"74\" \/>\n\t<meta property=\"og:image:type\" content=\"image\/png\" \/>\n<meta name=\"author\" content=\"Ay\u015fe K\u0131r\u0131c\u0131\" \/>\n<meta name=\"twitter:card\" content=\"summary_large_image\" \/>\n<meta name=\"twitter:label1\" content=\"Yazan:\" \/>\n\t<meta name=\"twitter:data1\" content=\"Ay\u015fe K\u0131r\u0131c\u0131\" \/>\n\t<meta name=\"twitter:label2\" content=\"Tahmini okuma s\u00fcresi\" \/>\n\t<meta name=\"twitter:data2\" content=\"3 dakika\" \/>\n<script type=\"application\/ld+json\" class=\"yoast-schema-graph\">{\"@context\":\"https:\\\/\\\/schema.org\",\"@graph\":[{\"@type\":\"Article\",\"@id\":\"https:\\\/\\\/e-marineeducation.com\\\/tr\\\/mta-turkuaz-denize-indirildi\\\/#article\",\"isPartOf\":{\"@id\":\"https:\\\/\\\/e-marineeducation.com\\\/tr\\\/mta-turkuaz-denize-indirildi\\\/\"},\"author\":{\"name\":\"Ay\u015fe K\u0131r\u0131c\u0131\",\"@id\":\"https:\\\/\\\/e-marineeducation.com\\\/tr\\\/#\\\/schema\\\/person\\\/312f4577be415ffd9bf2ef1202d6f034\"},\"headline\":\"MTA Turkuaz Denize \u0130ndirildi\",\"datePublished\":\"2015-04-06T16:00:11+00:00\",\"mainEntityOfPage\":{\"@id\":\"https:\\\/\\\/e-marineeducation.com\\\/tr\\\/mta-turkuaz-denize-indirildi\\\/\"},\"wordCount\":629,\"commentCount\":0,\"image\":{\"@id\":\"https:\\\/\\\/e-marineeducation.com\\\/tr\\\/mta-turkuaz-denize-indirildi\\\/#primaryimage\"},\"thumbnailUrl\":\"https:\\\/\\\/e-marineeducation.com\\\/tr\\\/wp-content\\\/uploads\\\/MTA-Turkuaz-Simge.png\",\"keywords\":[\"Ay\u015fe K\u0131r\u0131c\u0131 Eklemeleri\",\"b\u00fclent ar\u0131n\u00e7\",\"Ece Eldek D\u00fczenlemeleri\",\"Hasan Kemal Yard\u0131mc\u0131\",\"istanbul tersanesi\",\"Maden Tetkik Arama Genel M\u00fcd\u00fcrl\u00fc\u011f\u00fc\",\"MTA Turkuaz\",\"Orhan \u00d6ge\",\"Savunma Sanayi M\u00fcste\u015farl\u0131\u011f\u0131\",\"sismik arama gemisi\",\"Taner Y\u0131ld\u0131z\",\"Tayfun Emre Zerde Haberleri\",\"Vasip \u015eahin\",\"Yusuf Ziya Co\u015far\"],\"articleSection\":[\"Haberler\"],\"inLanguage\":\"tr\",\"potentialAction\":[{\"@type\":\"CommentAction\",\"name\":\"Comment\",\"target\":[\"https:\\\/\\\/e-marineeducation.com\\\/tr\\\/mta-turkuaz-denize-indirildi\\\/#respond\"]}]},{\"@type\":\"WebPage\",\"@id\":\"https:\\\/\\\/e-marineeducation.com\\\/tr\\\/mta-turkuaz-denize-indirildi\\\/\",\"url\":\"https:\\\/\\\/e-marineeducation.com\\\/tr\\\/mta-turkuaz-denize-indirildi\\\/\",\"name\":\"MTA Turkuaz Denize \u0130ndirildi - e-MarineEducation.com\",\"isPartOf\":{\"@id\":\"https:\\\/\\\/e-marineeducation.com\\\/tr\\\/#website\"},\"primaryImageOfPage\":{\"@id\":\"https:\\\/\\\/e-marineeducation.com\\\/tr\\\/mta-turkuaz-denize-indirildi\\\/#primaryimage\"},\"image\":{\"@id\":\"https:\\\/\\\/e-marineeducation.com\\\/tr\\\/mta-turkuaz-denize-indirildi\\\/#primaryimage\"},\"thumbnailUrl\":\"https:\\\/\\\/e-marineeducation.com\\\/tr\\\/wp-content\\\/uploads\\\/MTA-Turkuaz-Simge.png\",\"datePublished\":\"2015-04-06T16:00:11+00:00\",\"author\":{\"@id\":\"https:\\\/\\\/e-marineeducation.com\\\/tr\\\/#\\\/schema\\\/person\\\/312f4577be415ffd9bf2ef1202d6f034\"},\"description\":\"\u0130lk T\u00fcrk \u00fcretimi sismik arama gemisi MTA Turkuaz 26 Mart 2015 g\u00fcn\u00fc denize indirildi.\",\"breadcrumb\":{\"@id\":\"https:\\\/\\\/e-marineeducation.com\\\/tr\\\/mta-turkuaz-denize-indirildi\\\/#breadcrumb\"},\"inLanguage\":\"tr\",\"potentialAction\":[{\"@type\":\"ReadAction\",\"target\":[\"https:\\\/\\\/e-marineeducation.com\\\/tr\\\/mta-turkuaz-denize-indirildi\\\/\"]}]},{\"@type\":\"ImageObject\",\"inLanguage\":\"tr\",\"@id\":\"https:\\\/\\\/e-marineeducation.com\\\/tr\\\/mta-turkuaz-denize-indirildi\\\/#primaryimage\",\"url\":\"https:\\\/\\\/e-marineeducation.com\\\/tr\\\/wp-content\\\/uploads\\\/MTA-Turkuaz-Simge.png\",\"contentUrl\":\"https:\\\/\\\/e-marineeducation.com\\\/tr\\\/wp-content\\\/uploads\\\/MTA-Turkuaz-Simge.png\",\"width\":74,\"height\":74},{\"@type\":\"BreadcrumbList\",\"@id\":\"https:\\\/\\\/e-marineeducation.com\\\/tr\\\/mta-turkuaz-denize-indirildi\\\/#breadcrumb\",\"itemListElement\":[{\"@type\":\"ListItem\",\"position\":1,\"name\":\"Ana sayfa\",\"item\":\"https:\\\/\\\/e-marineeducation.com\\\/tr\\\/\"},{\"@type\":\"ListItem\",\"position\":2,\"name\":\"MTA Turkuaz Denize \u0130ndirildi\"}]},{\"@type\":\"WebSite\",\"@id\":\"https:\\\/\\\/e-marineeducation.com\\\/tr\\\/#website\",\"url\":\"https:\\\/\\\/e-marineeducation.com\\\/tr\\\/\",\"name\":\"e-MarineEducation.com\",\"description\":\"Denizcilik E\u011fitimine Yeni Bir Bak\u0131\u015f A\u00e7\u0131s\u0131\",\"potentialAction\":[{\"@type\":\"SearchAction\",\"target\":{\"@type\":\"EntryPoint\",\"urlTemplate\":\"https:\\\/\\\/e-marineeducation.com\\\/tr\\\/?s={search_term_string}\"},\"query-input\":{\"@type\":\"PropertyValueSpecification\",\"valueRequired\":true,\"valueName\":\"search_term_string\"}}],\"inLanguage\":\"tr\"},{\"@type\":\"Person\",\"@id\":\"https:\\\/\\\/e-marineeducation.com\\\/tr\\\/#\\\/schema\\\/person\\\/312f4577be415ffd9bf2ef1202d6f034\",\"name\":\"Ay\u015fe K\u0131r\u0131c\u0131\",\"image\":{\"@type\":\"ImageObject\",\"inLanguage\":\"tr\",\"@id\":\"https:\\\/\\\/e-marineeducation.com\\\/tr\\\/wp-content\\\/uploads\\\/avatars\\\/3369\\\/1425303699-bpfull.jpg\",\"url\":\"https:\\\/\\\/e-marineeducation.com\\\/tr\\\/wp-content\\\/uploads\\\/avatars\\\/3369\\\/1425303699-bpfull.jpg\",\"contentUrl\":\"https:\\\/\\\/e-marineeducation.com\\\/tr\\\/wp-content\\\/uploads\\\/avatars\\\/3369\\\/1425303699-bpfull.jpg\",\"caption\":\"Ay\u015fe K\u0131r\u0131c\u0131\"},\"description\":\"1993 may\u0131s do\u011fumlu olan Ay\u015fe K\u0131r\u0131c\u0131 Kocaeli \u00dcniversitesi Barbaros Denizcilik Y\u00fcksekokulu'ndan mezundur. Lise 2. s\u0131n\u0131ftan itibaren denizle ilgili bir alanda \u00e7al\u0131\u015fmak istedi\u011fine karar vermi\u015ftir. 2013-2014 akademik d\u00f6neminde Barbaros Denizcilik Kul\u00fcb\u00fc'nde Faaliyet Sorumlusu unvan\u0131 ile g\u00f6rev yapm\u0131\u015f; 2015 y\u0131l\u0131ndan beri ise okulu b\u00fcnyesinde bulunan TURMEPA Deniz Temiz Derne\u011fi'ne ba\u011fl\u0131 olan Kocaeli \u00dcniversitesi DET \u00fcyeli\u011fi yapm\u0131\u015ft\u0131r. Temmuz 2016- Kas\u0131m 2017 tarihleri aras\u0131nda Y\u0131lport Gebze Terminali'nde Puant\u00f6r olarak g\u00f6rev alm\u0131\u015ft\u0131r. Kas\u0131m 2017 tarihi itibari ile ATEK G\u00f6zetim ve Expertiz \u015eirketinde Surveyor \\\/ Y\u00f6netici Asistan\u0131 olarak g\u00f6rev yapmaktad\u0131r.\",\"sameAs\":[\"https:\\\/\\\/e-marineeducation.com\\\/tr\\\/profil-ayse-kirici\\\/\",\"https:\\\/\\\/tr.linkedin.com\\\/in\\\/ay\u015fe-k\u0131r\u0131c\u0131-6612a193\"],\"url\":\"https:\\\/\\\/e-marineeducation.com\\\/tr\\\/author\\\/aysekrc\\\/\"}]}<\/script>\n<!-- \/ Yoast SEO plugin. -->","yoast_head_json":{"title":"MTA Turkuaz Denize \u0130ndirildi - e-MarineEducation.com","description":"\u0130lk T\u00fcrk \u00fcretimi sismik arama gemisi MTA Turkuaz 26 Mart 2015 g\u00fcn\u00fc denize indirildi.","robots":{"index":"index","follow":"follow","max-snippet":"max-snippet:-1","max-image-preview":"max-image-preview:large","max-video-preview":"max-video-preview:-1"},"canonical":"https:\/\/e-marineeducation.com\/tr\/mta-turkuaz-denize-indirildi\/","og_locale":"tr_TR","og_type":"article","og_title":"MTA Turkuaz Denize \u0130ndirildi - e-MarineEducation.com","og_description":"\u0130lk T\u00fcrk \u00fcretimi sismik arama gemisi MTA Turkuaz 26 Mart 2015 g\u00fcn\u00fc denize indirildi.","og_url":"https:\/\/e-marineeducation.com\/tr\/mta-turkuaz-denize-indirildi\/","og_site_name":"e-MarineEducation.com","article_published_time":"2015-04-06T16:00:11+00:00","og_image":[{"width":74,"height":74,"url":"https:\/\/e-marineeducation.com\/tr\/wp-content\/uploads\/MTA-Turkuaz-Simge.png","type":"image\/png"}],"author":"Ay\u015fe K\u0131r\u0131c\u0131","twitter_card":"summary_large_image","twitter_misc":{"Yazan:":"Ay\u015fe K\u0131r\u0131c\u0131","Tahmini okuma s\u00fcresi":"3 dakika"},"schema":{"@context":"https:\/\/schema.org","@graph":[{"@type":"Article","@id":"https:\/\/e-marineeducation.com\/tr\/mta-turkuaz-denize-indirildi\/#article","isPartOf":{"@id":"https:\/\/e-marineeducation.com\/tr\/mta-turkuaz-denize-indirildi\/"},"author":{"name":"Ay\u015fe K\u0131r\u0131c\u0131","@id":"https:\/\/e-marineeducation.com\/tr\/#\/schema\/person\/312f4577be415ffd9bf2ef1202d6f034"},"headline":"MTA Turkuaz Denize \u0130ndirildi","datePublished":"2015-04-06T16:00:11+00:00","mainEntityOfPage":{"@id":"https:\/\/e-marineeducation.com\/tr\/mta-turkuaz-denize-indirildi\/"},"wordCount":629,"commentCount":0,"image":{"@id":"https:\/\/e-marineeducation.com\/tr\/mta-turkuaz-denize-indirildi\/#primaryimage"},"thumbnailUrl":"https:\/\/e-marineeducation.com\/tr\/wp-content\/uploads\/MTA-Turkuaz-Simge.png","keywords":["Ay\u015fe K\u0131r\u0131c\u0131 Eklemeleri","b\u00fclent ar\u0131n\u00e7","Ece Eldek D\u00fczenlemeleri","Hasan Kemal Yard\u0131mc\u0131","istanbul tersanesi","Maden Tetkik Arama Genel M\u00fcd\u00fcrl\u00fc\u011f\u00fc","MTA Turkuaz","Orhan \u00d6ge","Savunma Sanayi M\u00fcste\u015farl\u0131\u011f\u0131","sismik arama gemisi","Taner Y\u0131ld\u0131z","Tayfun Emre Zerde Haberleri","Vasip \u015eahin","Yusuf Ziya Co\u015far"],"articleSection":["Haberler"],"inLanguage":"tr","potentialAction":[{"@type":"CommentAction","name":"Comment","target":["https:\/\/e-marineeducation.com\/tr\/mta-turkuaz-denize-indirildi\/#respond"]}]},{"@type":"WebPage","@id":"https:\/\/e-marineeducation.com\/tr\/mta-turkuaz-denize-indirildi\/","url":"https:\/\/e-marineeducation.com\/tr\/mta-turkuaz-denize-indirildi\/","name":"MTA Turkuaz Denize \u0130ndirildi - e-MarineEducation.com","isPartOf":{"@id":"https:\/\/e-marineeducation.com\/tr\/#website"},"primaryImageOfPage":{"@id":"https:\/\/e-marineeducation.com\/tr\/mta-turkuaz-denize-indirildi\/#primaryimage"},"image":{"@id":"https:\/\/e-marineeducation.com\/tr\/mta-turkuaz-denize-indirildi\/#primaryimage"},"thumbnailUrl":"https:\/\/e-marineeducation.com\/tr\/wp-content\/uploads\/MTA-Turkuaz-Simge.png","datePublished":"2015-04-06T16:00:11+00:00","author":{"@id":"https:\/\/e-marineeducation.com\/tr\/#\/schema\/person\/312f4577be415ffd9bf2ef1202d6f034"},"description":"\u0130lk T\u00fcrk \u00fcretimi sismik arama gemisi MTA Turkuaz 26 Mart 2015 g\u00fcn\u00fc denize indirildi.","breadcrumb":{"@id":"https:\/\/e-marineeducation.com\/tr\/mta-turkuaz-denize-indirildi\/#breadcrumb"},"inLanguage":"tr","potentialAction":[{"@type":"ReadAction","target":["https:\/\/e-marineeducation.com\/tr\/mta-turkuaz-denize-indirildi\/"]}]},{"@type":"ImageObject","inLanguage":"tr","@id":"https:\/\/e-marineeducation.com\/tr\/mta-turkuaz-denize-indirildi\/#primaryimage","url":"https:\/\/e-marineeducation.com\/tr\/wp-content\/uploads\/MTA-Turkuaz-Simge.png","contentUrl":"https:\/\/e-marineeducation.com\/tr\/wp-content\/uploads\/MTA-Turkuaz-Simge.png","width":74,"height":74},{"@type":"BreadcrumbList","@id":"https:\/\/e-marineeducation.com\/tr\/mta-turkuaz-denize-indirildi\/#breadcrumb","itemListElement":[{"@type":"ListItem","position":1,"name":"Ana sayfa","item":"https:\/\/e-marineeducation.com\/tr\/"},{"@type":"ListItem","position":2,"name":"MTA Turkuaz Denize \u0130ndirildi"}]},{"@type":"WebSite","@id":"https:\/\/e-marineeducation.com\/tr\/#website","url":"https:\/\/e-marineeducation.com\/tr\/","name":"e-MarineEducation.com","description":"Denizcilik E\u011fitimine Yeni Bir Bak\u0131\u015f A\u00e7\u0131s\u0131","potentialAction":[{"@type":"SearchAction","target":{"@type":"EntryPoint","urlTemplate":"https:\/\/e-marineeducation.com\/tr\/?s={search_term_string}"},"query-input":{"@type":"PropertyValueSpecification","valueRequired":true,"valueName":"search_term_string"}}],"inLanguage":"tr"},{"@type":"Person","@id":"https:\/\/e-marineeducation.com\/tr\/#\/schema\/person\/312f4577be415ffd9bf2ef1202d6f034","name":"Ay\u015fe K\u0131r\u0131c\u0131","image":{"@type":"ImageObject","inLanguage":"tr","@id":"https:\/\/e-marineeducation.com\/tr\/wp-content\/uploads\/avatars\/3369\/1425303699-bpfull.jpg","url":"https:\/\/e-marineeducation.com\/tr\/wp-content\/uploads\/avatars\/3369\/1425303699-bpfull.jpg","contentUrl":"https:\/\/e-marineeducation.com\/tr\/wp-content\/uploads\/avatars\/3369\/1425303699-bpfull.jpg","caption":"Ay\u015fe K\u0131r\u0131c\u0131"},"description":"1993 may\u0131s do\u011fumlu olan Ay\u015fe K\u0131r\u0131c\u0131 Kocaeli \u00dcniversitesi Barbaros Denizcilik Y\u00fcksekokulu'ndan mezundur. Lise 2. s\u0131n\u0131ftan itibaren denizle ilgili bir alanda \u00e7al\u0131\u015fmak istedi\u011fine karar vermi\u015ftir. 2013-2014 akademik d\u00f6neminde Barbaros Denizcilik Kul\u00fcb\u00fc'nde Faaliyet Sorumlusu unvan\u0131 ile g\u00f6rev yapm\u0131\u015f; 2015 y\u0131l\u0131ndan beri ise okulu b\u00fcnyesinde bulunan TURMEPA Deniz Temiz Derne\u011fi'ne ba\u011fl\u0131 olan Kocaeli \u00dcniversitesi DET \u00fcyeli\u011fi yapm\u0131\u015ft\u0131r. Temmuz 2016- Kas\u0131m 2017 tarihleri aras\u0131nda Y\u0131lport Gebze Terminali'nde Puant\u00f6r olarak g\u00f6rev alm\u0131\u015ft\u0131r. Kas\u0131m 2017 tarihi itibari ile ATEK G\u00f6zetim ve Expertiz \u015eirketinde Surveyor \/ Y\u00f6netici Asistan\u0131 olarak g\u00f6rev yapmaktad\u0131r.","sameAs":["https:\/\/e-marineeducation.com\/tr\/profil-ayse-kirici\/","https:\/\/tr.linkedin.com\/in\/ay\u015fe-k\u0131r\u0131c\u0131-6612a193"],"url":"https:\/\/e-marineeducation.com\/tr\/author\/aysekrc\/"}]}},"_links":{"self":[{"href":"https:\/\/e-marineeducation.com\/tr\/wp-json\/wp\/v2\/posts\/20287","targetHints":{"allow":["GET"]}}],"collection":[{"href":"https:\/\/e-marineeducation.com\/tr\/wp-json\/wp\/v2\/posts"}],"about":[{"href":"https:\/\/e-marineeducation.com\/tr\/wp-json\/wp\/v2\/types\/post"}],"author":[{"embeddable":true,"href":"https:\/\/e-marineeducation.com\/tr\/wp-json\/wp\/v2\/users\/3369"}],"replies":[{"embeddable":true,"href":"https:\/\/e-marineeducation.com\/tr\/wp-json\/wp\/v2\/comments?post=20287"}],"version-history":[{"count":0,"href":"https:\/\/e-marineeducation.com\/tr\/wp-json\/wp\/v2\/posts\/20287\/revisions"}],"wp:featuredmedia":[{"embeddable":true,"href":"https:\/\/e-marineeducation.com\/tr\/wp-json\/wp\/v2\/media\/20337"}],"wp:attachment":[{"href":"https:\/\/e-marineeducation.com\/tr\/wp-json\/wp\/v2\/media?parent=20287"}],"wp:term":[{"taxonomy":"category","embeddable":true,"href":"https:\/\/e-marineeducation.com\/tr\/wp-json\/wp\/v2\/categories?post=20287"},{"taxonomy":"post_tag","embeddable":true,"href":"https:\/\/e-marineeducation.com\/tr\/wp-json\/wp\/v2\/tags?post=20287"}],"curies":[{"name":"wp","href":"https:\/\/api.w.org\/{rel}","templated":true}]}}