

{"id":2012,"date":"2011-10-03T00:24:54","date_gmt":"2011-10-02T21:24:54","guid":{"rendered":"https:\/\/e-marineeducation.com\/tr\/?p=2012"},"modified":"2011-10-03T00:29:52","modified_gmt":"2011-10-02T21:29:52","slug":"bandirma-denizcilik-fakultesi-konusuldu","status":"publish","type":"post","link":"https:\/\/e-marineeducation.com\/tr\/bandirma-denizcilik-fakultesi-konusuldu\/","title":{"rendered":"Band\u0131rma Denizcilik Fak\u00fcltesi Konu\u015fuldu"},"content":{"rendered":"<p style=\"text-align: justify;\"><img loading=\"lazy\" decoding=\"async\" class=\"alignleft size-full wp-image-1775\" title=\"Bal\u0131kesir \u00dcniversitesi Logosu\" src=\"https:\/\/e-marineeducation.com\/tr\/wp-content\/uploads\/Bal%C4%B1kesir-%C3%9Cniversitesi-Logosu.png\" alt=\"\" width=\"127\" height=\"127\" \/>2012 &#8211; 2013 akademik y\u0131l\u0131nda e\u011fitime ba\u015flamas\u0131 planlanan <em><span style=\"color: #3366cc;\">Bal\u0131kesir \u00dcniversitesi Band\u0131rma Denizcilik Fak\u00fcltesi<\/span><\/em>, Band\u0131rma Sanayici ve \u0130\u015fadamlar\u0131 Derne\u011fi&#8217;nin Eyl\u00fcl ay\u0131ndaki toplant\u0131s\u0131nda g\u00fcndem konusuydu.<\/p>\n<table style=\"height: 20px;\" border=\"0\">\n<tbody>\n<tr>\n<td><\/td>\n<\/tr>\n<\/tbody>\n<\/table>\n<p style=\"text-align: justify;\">\u00c7e\u015fitli milletvekilleri ve idarecilerin yan\u0131 s\u0131ra Piri Reis \u00dcniversitesi Rekt\u00f6r <span style=\"color: #3366cc;\"><em>Prof. Dr. Osman Kamil Sa\u011f<\/em><\/span>, Bal\u0131kesir \u00dcniversitesi Rekt\u00f6r\u00fc <span style=\"color: #3366cc;\"><em>Prof. Dr. Mahir Alkan<\/em><\/span> ve Bal\u0131kesir \u00dcniversitesi Band\u0131rma Denizcilik Fak\u00fcltesi Dekan\u0131 <span style=\"color: #3366cc;\"><em>Prof. Dr. Ramazan Yaman<\/em><\/span> da toplant\u0131da haz\u0131r bulundu. Denizcilik fak\u00fcltesi kurman\u0131n, t\u0131p fak\u00fcltesi kurmaktan daha zor oldu\u011funu s\u00f6yleyen Rekt\u00f6r Alkan, denizcilik fak\u00fcltesine uygun bir binan\u0131n in\u015faas\u0131 i\u00e7in destek beklediklerini ifade etti.<\/p>\n<table style=\"width: 267px; height: 23px;\" border=\"0\">\n<tbody>\n<tr>\n<td><\/td>\n<\/tr>\n<\/tbody>\n<\/table>\n<p><img loading=\"lazy\" decoding=\"async\" class=\"aligncenter size-full wp-image-2019\" title=\"Bansiad Toplant\u0131s\u0131 Resmi\" src=\"https:\/\/e-marineeducation.com\/tr\/wp-content\/uploads\/Bansiad-Toplant%C4%B1s%C4%B1-Resmi.png\" alt=\"\" width=\"500\" height=\"377\" \/><\/p>\n<table style=\"width: 383px; height: 23px;\" border=\"0\">\n<tbody>\n<tr>\n<td><\/td>\n<\/tr>\n<\/tbody>\n<\/table>\n<p><img loading=\"lazy\" decoding=\"async\" class=\"aligncenter size-full wp-image-2021\" title=\"Bansiad Toplant\u0131s\u0131\" src=\"https:\/\/e-marineeducation.com\/tr\/wp-content\/uploads\/Bansiad-Toplant%C4%B1s%C4%B1.png\" alt=\"\" width=\"500\" height=\"334\" \/><\/p>\n","protected":false},"excerpt":{"rendered":"<p>2012 &#8211; 2013 akademik y\u0131l\u0131nda e\u011fitime ba\u015flamas\u0131 planlanan Bal\u0131kesir \u00dcniversitesi Band\u0131rma Denizcilik Fak\u00fcltesi, Band\u0131rma Sanayici ve \u0130\u015fadamlar\u0131 Derne\u011fi&#8217;nin Eyl\u00fcl ay\u0131ndaki toplant\u0131s\u0131nda g\u00fcndem konusuydu. \u00c7e\u015fitli milletvekilleri ve idarecilerin yan\u0131 s\u0131ra Piri Reis \u00dcniversitesi Rekt\u00f6r Prof. Dr. Osman Kamil Sa\u011f, Bal\u0131kesir \u00dcniversitesi Rekt\u00f6r\u00fc Prof. Dr. Mahir Alkan ve Bal\u0131kesir \u00dcniversitesi Band\u0131rma Denizcilik Fak\u00fcltesi Dekan\u0131 Prof. Dr. Ramazan &hellip;<\/p>\n","protected":false},"author":1,"featured_media":1773,"comment_status":"open","ping_status":"open","sticky":false,"template":"","format":"standard","meta":{"_acf_changed":false,"_bbp_topic_count":0,"_bbp_reply_count":0,"_bbp_total_topic_count":0,"_bbp_total_reply_count":0,"_bbp_voice_count":0,"_bbp_anonymous_reply_count":0,"_bbp_topic_count_hidden":0,"_bbp_reply_count_hidden":0,"_bbp_forum_subforum_count":0,"footnotes":""},"categories":[18],"tags":[197,228,229,110,199,225,227],"class_list":["post-2012","post","type-post","status-publish","format-standard","has-post-thumbnail","","category-haberler","tag-balikesir-universitesi","tag-bandirma-denizcilik-fakultesi","tag-bandirma-sanayici-ve-isadamlari-dernegi","tag-denizcilik-fakultesi","tag-prof-dr-mahir-alkan","tag-prof-dr-osman-kamil-sag","tag-prof-dr-ramazan-yaman"],"acf":[],"yoast_head":"<!-- This site is optimized with the Yoast SEO plugin v27.4 - https:\/\/yoast.com\/product\/yoast-seo-wordpress\/ -->\n<title>Band\u0131rma Denizcilik Fak\u00fcltesi Konu\u015fuldu - e-MarineEducation.com<\/title>\n<meta name=\"robots\" content=\"index, follow, max-snippet:-1, max-image-preview:large, max-video-preview:-1\" \/>\n<link rel=\"canonical\" href=\"https:\/\/e-marineeducation.com\/tr\/bandirma-denizcilik-fakultesi-konusuldu\/\" \/>\n<meta property=\"og:locale\" content=\"tr_TR\" \/>\n<meta property=\"og:type\" content=\"article\" \/>\n<meta property=\"og:title\" content=\"Band\u0131rma Denizcilik Fak\u00fcltesi Konu\u015fuldu - e-MarineEducation.com\" \/>\n<meta property=\"og:description\" content=\"2012 &#8211; 2013 akademik y\u0131l\u0131nda e\u011fitime ba\u015flamas\u0131 planlanan Bal\u0131kesir \u00dcniversitesi Band\u0131rma Denizcilik Fak\u00fcltesi, Band\u0131rma Sanayici ve \u0130\u015fadamlar\u0131 Derne\u011fi&#8217;nin Eyl\u00fcl ay\u0131ndaki toplant\u0131s\u0131nda g\u00fcndem konusuydu. \u00c7e\u015fitli milletvekilleri ve idarecilerin yan\u0131 s\u0131ra Piri Reis \u00dcniversitesi Rekt\u00f6r Prof. Dr. Osman Kamil Sa\u011f, Bal\u0131kesir \u00dcniversitesi Rekt\u00f6r\u00fc Prof. Dr. Mahir Alkan ve Bal\u0131kesir \u00dcniversitesi Band\u0131rma Denizcilik Fak\u00fcltesi Dekan\u0131 Prof. Dr. Ramazan &hellip;\" \/>\n<meta property=\"og:url\" content=\"https:\/\/e-marineeducation.com\/tr\/bandirma-denizcilik-fakultesi-konusuldu\/\" \/>\n<meta property=\"og:site_name\" content=\"e-MarineEducation.com\" \/>\n<meta property=\"article:author\" content=\"https:\/\/www.facebook.com\/oruc.aybars\" \/>\n<meta property=\"article:published_time\" content=\"2011-10-02T21:24:54+00:00\" \/>\n<meta property=\"article:modified_time\" content=\"2011-10-02T21:29:52+00:00\" \/>\n<meta property=\"og:image\" content=\"https:\/\/e-marineeducation.com\/tr\/wp-content\/uploads\/Bal\u0131kesir-\u00dcniversitesi-Simge.png\" \/>\n\t<meta property=\"og:image:width\" content=\"74\" \/>\n\t<meta property=\"og:image:height\" content=\"74\" \/>\n\t<meta property=\"og:image:type\" content=\"image\/png\" \/>\n<meta name=\"author\" content=\"Dr. Aybars Oru\u00e7\" \/>\n<meta name=\"twitter:card\" content=\"summary_large_image\" \/>\n<meta name=\"twitter:creator\" content=\"@aybarsoruc\" \/>\n<meta name=\"twitter:label1\" content=\"Yazan:\" \/>\n\t<meta name=\"twitter:data1\" content=\"Dr. Aybars Oru\u00e7\" \/>\n\t<meta name=\"twitter:label2\" content=\"Tahmini okuma s\u00fcresi\" \/>\n\t<meta name=\"twitter:data2\" content=\"1 dakika\" \/>\n<script type=\"application\/ld+json\" class=\"yoast-schema-graph\">{\"@context\":\"https:\\\/\\\/schema.org\",\"@graph\":[{\"@type\":\"Article\",\"@id\":\"https:\\\/\\\/e-marineeducation.com\\\/tr\\\/bandirma-denizcilik-fakultesi-konusuldu\\\/#article\",\"isPartOf\":{\"@id\":\"https:\\\/\\\/e-marineeducation.com\\\/tr\\\/bandirma-denizcilik-fakultesi-konusuldu\\\/\"},\"author\":{\"name\":\"Dr. Aybars Oru\u00e7\",\"@id\":\"https:\\\/\\\/e-marineeducation.com\\\/tr\\\/#\\\/schema\\\/person\\\/f7f32de91b2efb12f23950a06aad9e36\"},\"headline\":\"Band\u0131rma Denizcilik Fak\u00fcltesi Konu\u015fuldu\",\"datePublished\":\"2011-10-02T21:24:54+00:00\",\"dateModified\":\"2011-10-02T21:29:52+00:00\",\"mainEntityOfPage\":{\"@id\":\"https:\\\/\\\/e-marineeducation.com\\\/tr\\\/bandirma-denizcilik-fakultesi-konusuldu\\\/\"},\"wordCount\":123,\"commentCount\":0,\"image\":{\"@id\":\"https:\\\/\\\/e-marineeducation.com\\\/tr\\\/bandirma-denizcilik-fakultesi-konusuldu\\\/#primaryimage\"},\"thumbnailUrl\":\"https:\\\/\\\/e-marineeducation.com\\\/tr\\\/wp-content\\\/uploads\\\/Bal\u0131kesir-\u00dcniversitesi-Simge.png\",\"keywords\":[\"bal\u0131kesir \u00fcniversitesi\",\"band\u0131rma denizcilik fak\u00fcltesi\",\"Band\u0131rma Sanayici ve \u0130\u015fadamlar\u0131 Derne\u011fi\",\"denizcilik fak\u00fcltesi\",\"Prof. Dr. Mahir Alkan\",\"Prof. Dr. Osman Kamil Sa\u011f\",\"Prof. Dr. Ramazan Yaman\"],\"articleSection\":[\"Haberler\"],\"inLanguage\":\"tr\",\"potentialAction\":[{\"@type\":\"CommentAction\",\"name\":\"Comment\",\"target\":[\"https:\\\/\\\/e-marineeducation.com\\\/tr\\\/bandirma-denizcilik-fakultesi-konusuldu\\\/#respond\"]}]},{\"@type\":\"WebPage\",\"@id\":\"https:\\\/\\\/e-marineeducation.com\\\/tr\\\/bandirma-denizcilik-fakultesi-konusuldu\\\/\",\"url\":\"https:\\\/\\\/e-marineeducation.com\\\/tr\\\/bandirma-denizcilik-fakultesi-konusuldu\\\/\",\"name\":\"Band\u0131rma Denizcilik Fak\u00fcltesi Konu\u015fuldu - e-MarineEducation.com\",\"isPartOf\":{\"@id\":\"https:\\\/\\\/e-marineeducation.com\\\/tr\\\/#website\"},\"primaryImageOfPage\":{\"@id\":\"https:\\\/\\\/e-marineeducation.com\\\/tr\\\/bandirma-denizcilik-fakultesi-konusuldu\\\/#primaryimage\"},\"image\":{\"@id\":\"https:\\\/\\\/e-marineeducation.com\\\/tr\\\/bandirma-denizcilik-fakultesi-konusuldu\\\/#primaryimage\"},\"thumbnailUrl\":\"https:\\\/\\\/e-marineeducation.com\\\/tr\\\/wp-content\\\/uploads\\\/Bal\u0131kesir-\u00dcniversitesi-Simge.png\",\"datePublished\":\"2011-10-02T21:24:54+00:00\",\"dateModified\":\"2011-10-02T21:29:52+00:00\",\"author\":{\"@id\":\"https:\\\/\\\/e-marineeducation.com\\\/tr\\\/#\\\/schema\\\/person\\\/f7f32de91b2efb12f23950a06aad9e36\"},\"breadcrumb\":{\"@id\":\"https:\\\/\\\/e-marineeducation.com\\\/tr\\\/bandirma-denizcilik-fakultesi-konusuldu\\\/#breadcrumb\"},\"inLanguage\":\"tr\",\"potentialAction\":[{\"@type\":\"ReadAction\",\"target\":[\"https:\\\/\\\/e-marineeducation.com\\\/tr\\\/bandirma-denizcilik-fakultesi-konusuldu\\\/\"]}]},{\"@type\":\"ImageObject\",\"inLanguage\":\"tr\",\"@id\":\"https:\\\/\\\/e-marineeducation.com\\\/tr\\\/bandirma-denizcilik-fakultesi-konusuldu\\\/#primaryimage\",\"url\":\"https:\\\/\\\/e-marineeducation.com\\\/tr\\\/wp-content\\\/uploads\\\/Bal\u0131kesir-\u00dcniversitesi-Simge.png\",\"contentUrl\":\"https:\\\/\\\/e-marineeducation.com\\\/tr\\\/wp-content\\\/uploads\\\/Bal\u0131kesir-\u00dcniversitesi-Simge.png\",\"width\":\"74\",\"height\":\"74\"},{\"@type\":\"BreadcrumbList\",\"@id\":\"https:\\\/\\\/e-marineeducation.com\\\/tr\\\/bandirma-denizcilik-fakultesi-konusuldu\\\/#breadcrumb\",\"itemListElement\":[{\"@type\":\"ListItem\",\"position\":1,\"name\":\"Ana sayfa\",\"item\":\"https:\\\/\\\/e-marineeducation.com\\\/tr\\\/\"},{\"@type\":\"ListItem\",\"position\":2,\"name\":\"Band\u0131rma Denizcilik Fak\u00fcltesi Konu\u015fuldu\"}]},{\"@type\":\"WebSite\",\"@id\":\"https:\\\/\\\/e-marineeducation.com\\\/tr\\\/#website\",\"url\":\"https:\\\/\\\/e-marineeducation.com\\\/tr\\\/\",\"name\":\"e-MarineEducation.com\",\"description\":\"Denizcilik E\u011fitimine Yeni Bir Bak\u0131\u015f A\u00e7\u0131s\u0131\",\"potentialAction\":[{\"@type\":\"SearchAction\",\"target\":{\"@type\":\"EntryPoint\",\"urlTemplate\":\"https:\\\/\\\/e-marineeducation.com\\\/tr\\\/?s={search_term_string}\"},\"query-input\":{\"@type\":\"PropertyValueSpecification\",\"valueRequired\":true,\"valueName\":\"search_term_string\"}}],\"inLanguage\":\"tr\"},{\"@type\":\"Person\",\"@id\":\"https:\\\/\\\/e-marineeducation.com\\\/tr\\\/#\\\/schema\\\/person\\\/f7f32de91b2efb12f23950a06aad9e36\",\"name\":\"Dr. Aybars Oru\u00e7\",\"image\":{\"@type\":\"ImageObject\",\"inLanguage\":\"tr\",\"@id\":\"https:\\\/\\\/e-marineeducation.com\\\/tr\\\/wp-content\\\/uploads\\\/avatars\\\/1\\\/1713307065-bpfull.jpg\",\"url\":\"https:\\\/\\\/e-marineeducation.com\\\/tr\\\/wp-content\\\/uploads\\\/avatars\\\/1\\\/1713307065-bpfull.jpg\",\"contentUrl\":\"https:\\\/\\\/e-marineeducation.com\\\/tr\\\/wp-content\\\/uploads\\\/avatars\\\/1\\\/1713307065-bpfull.jpg\",\"caption\":\"Dr. Aybars Oru\u00e7\"},\"description\":\"Dr. Aybars Oruc, e-MarineEducation.com'un kurucusudur. \u015eu anda Tallinn Teknoloji \u00dcniversitesi'ndeki Denizcilik Siber G\u00fcvenlik Merkezi'nde doktor ara\u015ft\u0131rmac\u0131 olarak \u00e7al\u0131\u015fmaktad\u0131r. Doktora (PhD) derecesini Norve\u00e7 Bilim ve Teknoloji \u00dcniversitesi'nden (NTNU) alm\u0131\u015ft\u0131r. \u00c7e\u015fitli tip ve tonajlardaki gemielrde \u00e7al\u0131\u015ft\u0131ktan sonra karaya ge\u00e7mi\u015f ve enspekt\u00f6r olarak \u00e7al\u0131\u015fm\u0131\u015ft\u0131r. Teknik ve operasyonel y\u00f6nlerin yan\u0131 s\u0131ra insan fakt\u00f6rlerini de i\u00e7eren geni\u015f bir yelpazede denizcilik siber g\u00fcvenli\u011fi \u00fczerine bilimsel ara\u015ft\u0131rmalar yapmaktad\u0131r. Uluslararas\u0131 Denizcilik \u00d6rg\u00fct\u00fc (IMO) taraf\u0131ndan bir ay s\u00fcreyle ara\u015ft\u0131rmalar\u0131n\u0131 y\u00fcr\u00fctmek \u00fczere kabul edilmi\u015ftir. Dr. Aybars Oruc, \u00f6zel ve askeri kurumlar dahil olmak \u00fczere klas kurulu\u015flar\u0131na, sigorta \u015firketlerine, Ar-Ge firmalar\u0131na, sahil g\u00fcvenlik ve donanma kuvvetlerine denizcilik siber g\u00fcvenli\u011fi konusunda bir\u00e7ok seminer vermi\u015ftir. 2022 y\u0131l\u0131nda NATO\u2019nun siber g\u00fcvenlik konferans\u0131 (CyCon) kapsam\u0131nda Davetli Konu\u015fmac\u0131 olarak yer alm\u0131\u015f ve \u00e7al\u0131\u015fmalar\u0131n\u0131 geni\u015f bir kitleyle payla\u015fm\u0131\u015ft\u0131r.\",\"sameAs\":[\"https:\\\/\\\/e-marineeducation.com\\\/tr\\\/profil-aybars-oruc\\\/\",\"https:\\\/\\\/www.facebook.com\\\/oruc.aybars\",\"https:\\\/\\\/www.instagram.com\\\/orucaybars\\\/\",\"https:\\\/\\\/www.linkedin.com\\\/in\\\/aybarsoruc\",\"https:\\\/\\\/x.com\\\/aybarsoruc\"],\"url\":\"https:\\\/\\\/e-marineeducation.com\\\/tr\\\/author\\\/denizci88\\\/\"}]}<\/script>\n<!-- \/ Yoast SEO plugin. -->","yoast_head_json":{"title":"Band\u0131rma Denizcilik Fak\u00fcltesi Konu\u015fuldu - e-MarineEducation.com","robots":{"index":"index","follow":"follow","max-snippet":"max-snippet:-1","max-image-preview":"max-image-preview:large","max-video-preview":"max-video-preview:-1"},"canonical":"https:\/\/e-marineeducation.com\/tr\/bandirma-denizcilik-fakultesi-konusuldu\/","og_locale":"tr_TR","og_type":"article","og_title":"Band\u0131rma Denizcilik Fak\u00fcltesi Konu\u015fuldu - e-MarineEducation.com","og_description":"2012 &#8211; 2013 akademik y\u0131l\u0131nda e\u011fitime ba\u015flamas\u0131 planlanan Bal\u0131kesir \u00dcniversitesi Band\u0131rma Denizcilik Fak\u00fcltesi, Band\u0131rma Sanayici ve \u0130\u015fadamlar\u0131 Derne\u011fi&#8217;nin Eyl\u00fcl ay\u0131ndaki toplant\u0131s\u0131nda g\u00fcndem konusuydu. \u00c7e\u015fitli milletvekilleri ve idarecilerin yan\u0131 s\u0131ra Piri Reis \u00dcniversitesi Rekt\u00f6r Prof. Dr. Osman Kamil Sa\u011f, Bal\u0131kesir \u00dcniversitesi Rekt\u00f6r\u00fc Prof. Dr. Mahir Alkan ve Bal\u0131kesir \u00dcniversitesi Band\u0131rma Denizcilik Fak\u00fcltesi Dekan\u0131 Prof. Dr. Ramazan &hellip;","og_url":"https:\/\/e-marineeducation.com\/tr\/bandirma-denizcilik-fakultesi-konusuldu\/","og_site_name":"e-MarineEducation.com","article_author":"https:\/\/www.facebook.com\/oruc.aybars","article_published_time":"2011-10-02T21:24:54+00:00","article_modified_time":"2011-10-02T21:29:52+00:00","og_image":[{"width":74,"height":74,"url":"https:\/\/e-marineeducation.com\/tr\/wp-content\/uploads\/Bal\u0131kesir-\u00dcniversitesi-Simge.png","type":"image\/png"}],"author":"Dr. Aybars Oru\u00e7","twitter_card":"summary_large_image","twitter_creator":"@aybarsoruc","twitter_misc":{"Yazan:":"Dr. Aybars Oru\u00e7","Tahmini okuma s\u00fcresi":"1 dakika"},"schema":{"@context":"https:\/\/schema.org","@graph":[{"@type":"Article","@id":"https:\/\/e-marineeducation.com\/tr\/bandirma-denizcilik-fakultesi-konusuldu\/#article","isPartOf":{"@id":"https:\/\/e-marineeducation.com\/tr\/bandirma-denizcilik-fakultesi-konusuldu\/"},"author":{"name":"Dr. Aybars Oru\u00e7","@id":"https:\/\/e-marineeducation.com\/tr\/#\/schema\/person\/f7f32de91b2efb12f23950a06aad9e36"},"headline":"Band\u0131rma Denizcilik Fak\u00fcltesi Konu\u015fuldu","datePublished":"2011-10-02T21:24:54+00:00","dateModified":"2011-10-02T21:29:52+00:00","mainEntityOfPage":{"@id":"https:\/\/e-marineeducation.com\/tr\/bandirma-denizcilik-fakultesi-konusuldu\/"},"wordCount":123,"commentCount":0,"image":{"@id":"https:\/\/e-marineeducation.com\/tr\/bandirma-denizcilik-fakultesi-konusuldu\/#primaryimage"},"thumbnailUrl":"https:\/\/e-marineeducation.com\/tr\/wp-content\/uploads\/Bal\u0131kesir-\u00dcniversitesi-Simge.png","keywords":["bal\u0131kesir \u00fcniversitesi","band\u0131rma denizcilik fak\u00fcltesi","Band\u0131rma Sanayici ve \u0130\u015fadamlar\u0131 Derne\u011fi","denizcilik fak\u00fcltesi","Prof. Dr. Mahir Alkan","Prof. Dr. Osman Kamil Sa\u011f","Prof. Dr. Ramazan Yaman"],"articleSection":["Haberler"],"inLanguage":"tr","potentialAction":[{"@type":"CommentAction","name":"Comment","target":["https:\/\/e-marineeducation.com\/tr\/bandirma-denizcilik-fakultesi-konusuldu\/#respond"]}]},{"@type":"WebPage","@id":"https:\/\/e-marineeducation.com\/tr\/bandirma-denizcilik-fakultesi-konusuldu\/","url":"https:\/\/e-marineeducation.com\/tr\/bandirma-denizcilik-fakultesi-konusuldu\/","name":"Band\u0131rma Denizcilik Fak\u00fcltesi Konu\u015fuldu - e-MarineEducation.com","isPartOf":{"@id":"https:\/\/e-marineeducation.com\/tr\/#website"},"primaryImageOfPage":{"@id":"https:\/\/e-marineeducation.com\/tr\/bandirma-denizcilik-fakultesi-konusuldu\/#primaryimage"},"image":{"@id":"https:\/\/e-marineeducation.com\/tr\/bandirma-denizcilik-fakultesi-konusuldu\/#primaryimage"},"thumbnailUrl":"https:\/\/e-marineeducation.com\/tr\/wp-content\/uploads\/Bal\u0131kesir-\u00dcniversitesi-Simge.png","datePublished":"2011-10-02T21:24:54+00:00","dateModified":"2011-10-02T21:29:52+00:00","author":{"@id":"https:\/\/e-marineeducation.com\/tr\/#\/schema\/person\/f7f32de91b2efb12f23950a06aad9e36"},"breadcrumb":{"@id":"https:\/\/e-marineeducation.com\/tr\/bandirma-denizcilik-fakultesi-konusuldu\/#breadcrumb"},"inLanguage":"tr","potentialAction":[{"@type":"ReadAction","target":["https:\/\/e-marineeducation.com\/tr\/bandirma-denizcilik-fakultesi-konusuldu\/"]}]},{"@type":"ImageObject","inLanguage":"tr","@id":"https:\/\/e-marineeducation.com\/tr\/bandirma-denizcilik-fakultesi-konusuldu\/#primaryimage","url":"https:\/\/e-marineeducation.com\/tr\/wp-content\/uploads\/Bal\u0131kesir-\u00dcniversitesi-Simge.png","contentUrl":"https:\/\/e-marineeducation.com\/tr\/wp-content\/uploads\/Bal\u0131kesir-\u00dcniversitesi-Simge.png","width":"74","height":"74"},{"@type":"BreadcrumbList","@id":"https:\/\/e-marineeducation.com\/tr\/bandirma-denizcilik-fakultesi-konusuldu\/#breadcrumb","itemListElement":[{"@type":"ListItem","position":1,"name":"Ana sayfa","item":"https:\/\/e-marineeducation.com\/tr\/"},{"@type":"ListItem","position":2,"name":"Band\u0131rma Denizcilik Fak\u00fcltesi Konu\u015fuldu"}]},{"@type":"WebSite","@id":"https:\/\/e-marineeducation.com\/tr\/#website","url":"https:\/\/e-marineeducation.com\/tr\/","name":"e-MarineEducation.com","description":"Denizcilik E\u011fitimine Yeni Bir Bak\u0131\u015f A\u00e7\u0131s\u0131","potentialAction":[{"@type":"SearchAction","target":{"@type":"EntryPoint","urlTemplate":"https:\/\/e-marineeducation.com\/tr\/?s={search_term_string}"},"query-input":{"@type":"PropertyValueSpecification","valueRequired":true,"valueName":"search_term_string"}}],"inLanguage":"tr"},{"@type":"Person","@id":"https:\/\/e-marineeducation.com\/tr\/#\/schema\/person\/f7f32de91b2efb12f23950a06aad9e36","name":"Dr. Aybars Oru\u00e7","image":{"@type":"ImageObject","inLanguage":"tr","@id":"https:\/\/e-marineeducation.com\/tr\/wp-content\/uploads\/avatars\/1\/1713307065-bpfull.jpg","url":"https:\/\/e-marineeducation.com\/tr\/wp-content\/uploads\/avatars\/1\/1713307065-bpfull.jpg","contentUrl":"https:\/\/e-marineeducation.com\/tr\/wp-content\/uploads\/avatars\/1\/1713307065-bpfull.jpg","caption":"Dr. Aybars Oru\u00e7"},"description":"Dr. Aybars Oruc, e-MarineEducation.com'un kurucusudur. \u015eu anda Tallinn Teknoloji \u00dcniversitesi'ndeki Denizcilik Siber G\u00fcvenlik Merkezi'nde doktor ara\u015ft\u0131rmac\u0131 olarak \u00e7al\u0131\u015fmaktad\u0131r. Doktora (PhD) derecesini Norve\u00e7 Bilim ve Teknoloji \u00dcniversitesi'nden (NTNU) alm\u0131\u015ft\u0131r. \u00c7e\u015fitli tip ve tonajlardaki gemielrde \u00e7al\u0131\u015ft\u0131ktan sonra karaya ge\u00e7mi\u015f ve enspekt\u00f6r olarak \u00e7al\u0131\u015fm\u0131\u015ft\u0131r. Teknik ve operasyonel y\u00f6nlerin yan\u0131 s\u0131ra insan fakt\u00f6rlerini de i\u00e7eren geni\u015f bir yelpazede denizcilik siber g\u00fcvenli\u011fi \u00fczerine bilimsel ara\u015ft\u0131rmalar yapmaktad\u0131r. Uluslararas\u0131 Denizcilik \u00d6rg\u00fct\u00fc (IMO) taraf\u0131ndan bir ay s\u00fcreyle ara\u015ft\u0131rmalar\u0131n\u0131 y\u00fcr\u00fctmek \u00fczere kabul edilmi\u015ftir. Dr. Aybars Oruc, \u00f6zel ve askeri kurumlar dahil olmak \u00fczere klas kurulu\u015flar\u0131na, sigorta \u015firketlerine, Ar-Ge firmalar\u0131na, sahil g\u00fcvenlik ve donanma kuvvetlerine denizcilik siber g\u00fcvenli\u011fi konusunda bir\u00e7ok seminer vermi\u015ftir. 2022 y\u0131l\u0131nda NATO\u2019nun siber g\u00fcvenlik konferans\u0131 (CyCon) kapsam\u0131nda Davetli Konu\u015fmac\u0131 olarak yer alm\u0131\u015f ve \u00e7al\u0131\u015fmalar\u0131n\u0131 geni\u015f bir kitleyle payla\u015fm\u0131\u015ft\u0131r.","sameAs":["https:\/\/e-marineeducation.com\/tr\/profil-aybars-oruc\/","https:\/\/www.facebook.com\/oruc.aybars","https:\/\/www.instagram.com\/orucaybars\/","https:\/\/www.linkedin.com\/in\/aybarsoruc","https:\/\/x.com\/aybarsoruc"],"url":"https:\/\/e-marineeducation.com\/tr\/author\/denizci88\/"}]}},"_links":{"self":[{"href":"https:\/\/e-marineeducation.com\/tr\/wp-json\/wp\/v2\/posts\/2012","targetHints":{"allow":["GET"]}}],"collection":[{"href":"https:\/\/e-marineeducation.com\/tr\/wp-json\/wp\/v2\/posts"}],"about":[{"href":"https:\/\/e-marineeducation.com\/tr\/wp-json\/wp\/v2\/types\/post"}],"author":[{"embeddable":true,"href":"https:\/\/e-marineeducation.com\/tr\/wp-json\/wp\/v2\/users\/1"}],"replies":[{"embeddable":true,"href":"https:\/\/e-marineeducation.com\/tr\/wp-json\/wp\/v2\/comments?post=2012"}],"version-history":[{"count":0,"href":"https:\/\/e-marineeducation.com\/tr\/wp-json\/wp\/v2\/posts\/2012\/revisions"}],"wp:featuredmedia":[{"embeddable":true,"href":"https:\/\/e-marineeducation.com\/tr\/wp-json\/wp\/v2\/media\/1773"}],"wp:attachment":[{"href":"https:\/\/e-marineeducation.com\/tr\/wp-json\/wp\/v2\/media?parent=2012"}],"wp:term":[{"taxonomy":"category","embeddable":true,"href":"https:\/\/e-marineeducation.com\/tr\/wp-json\/wp\/v2\/categories?post=2012"},{"taxonomy":"post_tag","embeddable":true,"href":"https:\/\/e-marineeducation.com\/tr\/wp-json\/wp\/v2\/tags?post=2012"}],"curies":[{"name":"wp","href":"https:\/\/api.w.org\/{rel}","templated":true}]}}