

{"id":12885,"date":"2013-11-30T13:57:30","date_gmt":"2013-11-30T11:57:30","guid":{"rendered":"https:\/\/e-marineeducation.com\/tr\/?p=12885"},"modified":"2013-11-30T13:57:30","modified_gmt":"2013-11-30T11:57:30","slug":"itu-df-kariyer-kulubu-mardas-denizciliki-agirladi","status":"publish","type":"post","link":"https:\/\/e-marineeducation.com\/tr\/itu-df-kariyer-kulubu-mardas-denizciliki-agirladi\/","title":{"rendered":"\u0130T\u00dc DF Kariyer Kul\u00fcb\u00fc Marda\u015f Denizcilik&#8217;i A\u011f\u0131rlad\u0131"},"content":{"rendered":"<p style=\"text-align: justify\"><img loading=\"lazy\" decoding=\"async\" class=\"alignleft size-full wp-image-4687\" alt=\"T\u00dc-Denizcilik-Fak\u00fcltesi-Kariyer-Kul\u00fcb\u00fc-Logosu\" src=\"https:\/\/e-marineeducation.com\/tr\/wp-content\/uploads\/\u0130T\u00dc-Denizcilik-Fak\u00fcltesi-Kariyer-Kul\u00fcb\u00fc-Logosu.png\" width=\"127\" height=\"129\" srcset=\"https:\/\/e-marineeducation.com\/tr\/wp-content\/uploads\/\u0130T\u00dc-Denizcilik-Fak\u00fcltesi-Kariyer-Kul\u00fcb\u00fc-Logosu.png 127w, https:\/\/e-marineeducation.com\/tr\/wp-content\/uploads\/\u0130T\u00dc-Denizcilik-Fak\u00fcltesi-Kariyer-Kul\u00fcb\u00fc-Logosu-74x74.png 74w\" sizes=\"auto, (max-width: 127px) 100vw, 127px\" \/>\u0130stanbul Teknik \u00dcniversitesi Denizcilik Fak\u00fcltesi Kariyer Kul\u00fcb\u00fc&#8217;n\u00fcn d\u00fczenlemi\u015f oldu\u011fu <span style=\"color: #3366cc\"><em>17<\/em><\/span>. Geleneksel Kariyer G\u00fcnleri <em><span style=\"color: #3366cc\">MARDA\u015e<\/span><\/em> (Mardeniz-Kardeniz Group of Companies)&#8217;\u0131n kat\u0131l\u0131mlar\u0131yla son buldu. MARDA\u015e Holding\u2019i temsilen Personel M\u00fcd\u00fcr\u00fc <span style=\"color: #3366cc\"><em>\u015eenol KULAK\u00c7EKEN<\/em><\/span>, G\u00fcverte Enspekt\u00f6r\u00fc <span style=\"color: #3366cc\"><em>Kutay \u0130LER\u0130<\/em><\/span> ve Teknik M\u00fcd\u00fcr <span style=\"color: #3366cc\"><em>Erg\u00fcn NERO\u011eLU<\/em><\/span> kat\u0131ld\u0131lar.<\/p>\n<table style=\"height: 20px\" border=\"0\">\n<tbody>\n<tr>\n<td><\/td>\n<\/tr>\n<\/tbody>\n<\/table>\n<p style=\"text-align: justify\">Haz\u0131rlanm\u0131\u015f olunan tan\u0131t\u0131m videosuyla giri\u015f yap\u0131ld\u0131ktan sonra, yetkililer kendilerini tan\u0131tt\u0131lar ve denizcilik sekt\u00f6r\u00fcn\u00fcn hangi dallar\u0131nda hizmet verdiklerini s\u00f6ylediler. Daha sonra \u015firket politikalar\u0131ndan ve stajyer al\u0131m\u0131 konusunda bilgiler veren \u015firket y\u00f6neticileri, al\u0131nan stajyerlerin sadece staj i\u00e7in de\u011fil mezun olduktan sonra da kendilerinde \u00e7al\u0131\u015fmas\u0131n\u0131 istediklerini belirttiler. Zabit al\u0131m\u0131nda ise kendilerinde stajlar\u0131n\u0131 yapm\u0131\u015f olanlar\u0131n \u00f6ncelikli oldu\u011funu s\u00f6ylediler.<\/p>\n<table style=\"height: 20px\" border=\"0\">\n<tbody>\n<tr>\n<td><\/td>\n<\/tr>\n<\/tbody>\n<\/table>\n<p style=\"text-align: justify\">Konferans sonunda kokteyl alan\u0131na ge\u00e7ilerek \u00f6\u011frencilerin \u015firket hakk\u0131nda merak ettikleri sorular\u0131 birebir olarak cevapland\u0131rd\u0131lar.<\/p>\n<table style=\"height: 20px\" border=\"0\">\n<tbody>\n<tr>\n<td><\/td>\n<\/tr>\n<\/tbody>\n<\/table>\n<p style=\"text-align: justify\"><strong>Haber: <span style=\"text-decoration: underline;color: #3366cc\"><a href=\"https:\/\/e-marineeducation.com\/tr\/profil-ibrahim-celik\/\" target=\"_blank\"><span style=\"color: #3366cc;text-decoration: underline\">\u0130brahim \u00c7elik<\/span><\/a><\/span><\/strong><br \/>\n<strong>Ekleyen: <span style=\"text-decoration: underline;color: #3366cc\"><a href=\"https:\/\/e-marineeducation.com\/tr\/profil-h-altay-yontan\/\" target=\"_blank\"><span style=\"color: #3366cc;text-decoration: underline\">H\u00fcseyin Altay Yontan<\/span><\/a><\/span><\/strong><\/p>\n<table style=\"height: 20px\" border=\"0\">\n<tbody>\n<tr>\n<td><\/td>\n<\/tr>\n<\/tbody>\n<\/table>\n<p style=\"text-align: justify\"><img loading=\"lazy\" decoding=\"async\" class=\"aligncenter size-full wp-image-12886\" alt=\"Marda\u015f Denizcilik \u0130T\u00dc Kariyer G\u00fcnlerinde 2013-1\" src=\"https:\/\/e-marineeducation.com\/tr\/wp-content\/uploads\/Marda\u015f-Denizcilik-\u0130T\u00dc-Kariyer-G\u00fcnlerinde-2013-1.jpg\" width=\"595\" height=\"335\" srcset=\"https:\/\/e-marineeducation.com\/tr\/wp-content\/uploads\/Marda\u015f-Denizcilik-\u0130T\u00dc-Kariyer-G\u00fcnlerinde-2013-1.jpg 595w, https:\/\/e-marineeducation.com\/tr\/wp-content\/uploads\/Marda\u015f-Denizcilik-\u0130T\u00dc-Kariyer-G\u00fcnlerinde-2013-1-150x84.jpg 150w, https:\/\/e-marineeducation.com\/tr\/wp-content\/uploads\/Marda\u015f-Denizcilik-\u0130T\u00dc-Kariyer-G\u00fcnlerinde-2013-1-300x168.jpg 300w\" sizes=\"auto, (max-width: 595px) 100vw, 595px\" \/><\/p>\n<table style=\"height: 20px\" border=\"0\">\n<tbody>\n<tr>\n<td><\/td>\n<\/tr>\n<\/tbody>\n<\/table>\n<p style=\"text-align: justify\"><img loading=\"lazy\" decoding=\"async\" class=\"aligncenter size-full wp-image-12887\" alt=\"Marda\u015f Denizcilik \u0130T\u00dc Kariyer G\u00fcnlerinde 2013-2\" src=\"https:\/\/e-marineeducation.com\/tr\/wp-content\/uploads\/Marda\u015f-Denizcilik-\u0130T\u00dc-Kariyer-G\u00fcnlerinde-2013-2.jpg\" width=\"595\" height=\"335\" srcset=\"https:\/\/e-marineeducation.com\/tr\/wp-content\/uploads\/Marda\u015f-Denizcilik-\u0130T\u00dc-Kariyer-G\u00fcnlerinde-2013-2.jpg 595w, https:\/\/e-marineeducation.com\/tr\/wp-content\/uploads\/Marda\u015f-Denizcilik-\u0130T\u00dc-Kariyer-G\u00fcnlerinde-2013-2-150x84.jpg 150w, https:\/\/e-marineeducation.com\/tr\/wp-content\/uploads\/Marda\u015f-Denizcilik-\u0130T\u00dc-Kariyer-G\u00fcnlerinde-2013-2-300x168.jpg 300w\" sizes=\"auto, (max-width: 595px) 100vw, 595px\" \/><\/p>\n<table style=\"height: 20px\" border=\"0\">\n<tbody>\n<tr>\n<td><\/td>\n<\/tr>\n<\/tbody>\n<\/table>\n<p style=\"text-align: justify\"><img loading=\"lazy\" decoding=\"async\" class=\"aligncenter size-full wp-image-12888\" alt=\"Marda\u015f Denizcilik \u0130T\u00dc Kariyer G\u00fcnlerinde 2013-3\" src=\"https:\/\/e-marineeducation.com\/tr\/wp-content\/uploads\/Marda\u015f-Denizcilik-\u0130T\u00dc-Kariyer-G\u00fcnlerinde-2013-3.jpg\" width=\"595\" height=\"335\" srcset=\"https:\/\/e-marineeducation.com\/tr\/wp-content\/uploads\/Marda\u015f-Denizcilik-\u0130T\u00dc-Kariyer-G\u00fcnlerinde-2013-3.jpg 595w, https:\/\/e-marineeducation.com\/tr\/wp-content\/uploads\/Marda\u015f-Denizcilik-\u0130T\u00dc-Kariyer-G\u00fcnlerinde-2013-3-150x84.jpg 150w, https:\/\/e-marineeducation.com\/tr\/wp-content\/uploads\/Marda\u015f-Denizcilik-\u0130T\u00dc-Kariyer-G\u00fcnlerinde-2013-3-300x168.jpg 300w\" sizes=\"auto, (max-width: 595px) 100vw, 595px\" \/><\/p>\n","protected":false},"excerpt":{"rendered":"<p>\u0130stanbul Teknik \u00dcniversitesi Denizcilik Fak\u00fcltesi Kariyer Kul\u00fcb\u00fc&#8217;n\u00fcn d\u00fczenlemi\u015f oldu\u011fu 17. Geleneksel Kariyer G\u00fcnleri MARDA\u015e (Mardeniz-Kardeniz Group of Companies)&#8217;\u0131n kat\u0131l\u0131mlar\u0131yla son buldu. MARDA\u015e Holding\u2019i temsilen Personel M\u00fcd\u00fcr\u00fc \u015eenol KULAK\u00c7EKEN, G\u00fcverte Enspekt\u00f6r\u00fc Kutay \u0130LER\u0130 ve Teknik M\u00fcd\u00fcr Erg\u00fcn NERO\u011eLU kat\u0131ld\u0131lar. Haz\u0131rlanm\u0131\u015f olunan tan\u0131t\u0131m videosuyla giri\u015f yap\u0131ld\u0131ktan sonra, yetkililer kendilerini tan\u0131tt\u0131lar ve denizcilik sekt\u00f6r\u00fcn\u00fcn hangi dallar\u0131nda hizmet verdiklerini &hellip;<\/p>\n","protected":false},"author":14,"featured_media":4689,"comment_status":"open","ping_status":"open","sticky":false,"template":"","format":"standard","meta":{"_acf_changed":false,"_bbp_topic_count":0,"_bbp_reply_count":0,"_bbp_total_topic_count":0,"_bbp_total_reply_count":0,"_bbp_voice_count":0,"_bbp_anonymous_reply_count":0,"_bbp_topic_count_hidden":0,"_bbp_reply_count_hidden":0,"_bbp_forum_subforum_count":0,"footnotes":""},"categories":[18],"tags":[1828,1004,1526,1663,460,108,701,1731,1827,1242,880],"class_list":["post-12885","post","type-post","status-publish","format-standard","has-post-thumbnail","","category-haberler","tag-ergun-neroglu","tag-huseyin-altay-yontan-eklemeleri","tag-ibrahim-celik-haberleri","tag-istanbul-teknik-universitesi","tag-istanbul-teknik-universitesi-denizcilik-fakultesi","tag-itu","tag-itu-denizcilik-fakultesi-kariyer-kulubu","tag-itu-df-kariyer-kulubu","tag-kutay-ileri","tag-mardas-denizcilik","tag-senol-kulakceken"],"acf":[],"yoast_head":"<!-- This site is optimized with the Yoast SEO plugin v27.4 - https:\/\/yoast.com\/product\/yoast-seo-wordpress\/ -->\n<title>\u0130T\u00dc DF Kariyer Kul\u00fcb\u00fc Marda\u015f Denizcilik&#039;i A\u011f\u0131rlad\u0131 - e-MarineEducation.com<\/title>\n<meta name=\"description\" content=\"\u0130T\u00dc DF Kariyer Kul\u00fcb\u00fc Marda\u015f Denizcilik&#039;i A\u011f\u0131rlad\u0131 ile ilgili yaz\u0131d\u0131r.\" \/>\n<meta name=\"robots\" content=\"index, follow, max-snippet:-1, max-image-preview:large, max-video-preview:-1\" \/>\n<link rel=\"canonical\" href=\"https:\/\/e-marineeducation.com\/tr\/itu-df-kariyer-kulubu-mardas-denizciliki-agirladi\/\" \/>\n<meta property=\"og:locale\" content=\"tr_TR\" \/>\n<meta property=\"og:type\" content=\"article\" \/>\n<meta property=\"og:title\" content=\"\u0130T\u00dc DF Kariyer Kul\u00fcb\u00fc Marda\u015f Denizcilik&#039;i A\u011f\u0131rlad\u0131 - e-MarineEducation.com\" \/>\n<meta property=\"og:description\" content=\"\u0130T\u00dc DF Kariyer Kul\u00fcb\u00fc Marda\u015f Denizcilik&#039;i A\u011f\u0131rlad\u0131 ile ilgili yaz\u0131d\u0131r.\" \/>\n<meta property=\"og:url\" content=\"https:\/\/e-marineeducation.com\/tr\/itu-df-kariyer-kulubu-mardas-denizciliki-agirladi\/\" \/>\n<meta property=\"og:site_name\" content=\"e-MarineEducation.com\" \/>\n<meta property=\"article:author\" content=\"https:\/\/www.facebook.com\/hayontan\" \/>\n<meta property=\"article:published_time\" content=\"2013-11-30T11:57:30+00:00\" \/>\n<meta property=\"og:image\" content=\"https:\/\/e-marineeducation.com\/tr\/wp-content\/uploads\/\u0130T\u00dc-Denizcilik-Fak\u00fcltesi-Kariyer-Kul\u00fcb\u00fc-Simge.png\" \/>\n\t<meta property=\"og:image:width\" content=\"74\" \/>\n\t<meta property=\"og:image:height\" content=\"74\" \/>\n\t<meta property=\"og:image:type\" content=\"image\/png\" \/>\n<meta name=\"author\" content=\"H\u00fcseyin Altay Yontan\" \/>\n<meta name=\"twitter:card\" content=\"summary_large_image\" \/>\n<meta name=\"twitter:creator\" content=\"@hayontan\" \/>\n<meta name=\"twitter:label1\" content=\"Yazan:\" \/>\n\t<meta name=\"twitter:data1\" content=\"H\u00fcseyin Altay Yontan\" \/>\n\t<meta name=\"twitter:label2\" content=\"Tahmini okuma s\u00fcresi\" \/>\n\t<meta name=\"twitter:data2\" content=\"1 dakika\" \/>\n<script type=\"application\/ld+json\" class=\"yoast-schema-graph\">{\"@context\":\"https:\\\/\\\/schema.org\",\"@graph\":[{\"@type\":\"Article\",\"@id\":\"https:\\\/\\\/e-marineeducation.com\\\/tr\\\/itu-df-kariyer-kulubu-mardas-denizciliki-agirladi\\\/#article\",\"isPartOf\":{\"@id\":\"https:\\\/\\\/e-marineeducation.com\\\/tr\\\/itu-df-kariyer-kulubu-mardas-denizciliki-agirladi\\\/\"},\"author\":{\"name\":\"H\u00fcseyin Altay Yontan\",\"@id\":\"https:\\\/\\\/e-marineeducation.com\\\/tr\\\/#\\\/schema\\\/person\\\/024ed73576ec3cb0c3c4140677f0f9ba\"},\"headline\":\"\u0130T\u00dc DF Kariyer Kul\u00fcb\u00fc Marda\u015f Denizcilik&#8217;i A\u011f\u0131rlad\u0131\",\"datePublished\":\"2013-11-30T11:57:30+00:00\",\"mainEntityOfPage\":{\"@id\":\"https:\\\/\\\/e-marineeducation.com\\\/tr\\\/itu-df-kariyer-kulubu-mardas-denizciliki-agirladi\\\/\"},\"wordCount\":177,\"commentCount\":0,\"image\":{\"@id\":\"https:\\\/\\\/e-marineeducation.com\\\/tr\\\/itu-df-kariyer-kulubu-mardas-denizciliki-agirladi\\\/#primaryimage\"},\"thumbnailUrl\":\"https:\\\/\\\/e-marineeducation.com\\\/tr\\\/wp-content\\\/uploads\\\/\u0130T\u00dc-Denizcilik-Fak\u00fcltesi-Kariyer-Kul\u00fcb\u00fc-Simge.png\",\"keywords\":[\"Erg\u00fcn NERO\u011eLU\",\"H\u00fcseyin Altay Yontan Eklemeleri\",\"\u0130brahim \u00c7elik Haberleri\",\"\u0130stanbul Teknik \u00dcniversitesi\",\"istanbul teknik \u00fcniversitesi denizcilik fak\u00fcltesi\",\"it\u00fc\",\"it\u00fc denizcilik fak\u00fcltesi kariyer kul\u00fcb\u00fc\",\"it\u00fc df kariyer kul\u00fcb\u00fc\",\"Kutay \u0130LER\u0130\",\"Marda\u015f Denizcilik\",\"\u015eenol Kulak\u00e7eken\"],\"articleSection\":[\"Haberler\"],\"inLanguage\":\"tr\",\"potentialAction\":[{\"@type\":\"CommentAction\",\"name\":\"Comment\",\"target\":[\"https:\\\/\\\/e-marineeducation.com\\\/tr\\\/itu-df-kariyer-kulubu-mardas-denizciliki-agirladi\\\/#respond\"]}]},{\"@type\":\"WebPage\",\"@id\":\"https:\\\/\\\/e-marineeducation.com\\\/tr\\\/itu-df-kariyer-kulubu-mardas-denizciliki-agirladi\\\/\",\"url\":\"https:\\\/\\\/e-marineeducation.com\\\/tr\\\/itu-df-kariyer-kulubu-mardas-denizciliki-agirladi\\\/\",\"name\":\"\u0130T\u00dc DF Kariyer Kul\u00fcb\u00fc Marda\u015f Denizcilik'i A\u011f\u0131rlad\u0131 - e-MarineEducation.com\",\"isPartOf\":{\"@id\":\"https:\\\/\\\/e-marineeducation.com\\\/tr\\\/#website\"},\"primaryImageOfPage\":{\"@id\":\"https:\\\/\\\/e-marineeducation.com\\\/tr\\\/itu-df-kariyer-kulubu-mardas-denizciliki-agirladi\\\/#primaryimage\"},\"image\":{\"@id\":\"https:\\\/\\\/e-marineeducation.com\\\/tr\\\/itu-df-kariyer-kulubu-mardas-denizciliki-agirladi\\\/#primaryimage\"},\"thumbnailUrl\":\"https:\\\/\\\/e-marineeducation.com\\\/tr\\\/wp-content\\\/uploads\\\/\u0130T\u00dc-Denizcilik-Fak\u00fcltesi-Kariyer-Kul\u00fcb\u00fc-Simge.png\",\"datePublished\":\"2013-11-30T11:57:30+00:00\",\"author\":{\"@id\":\"https:\\\/\\\/e-marineeducation.com\\\/tr\\\/#\\\/schema\\\/person\\\/024ed73576ec3cb0c3c4140677f0f9ba\"},\"description\":\"\u0130T\u00dc DF Kariyer Kul\u00fcb\u00fc Marda\u015f Denizcilik'i A\u011f\u0131rlad\u0131 ile ilgili yaz\u0131d\u0131r.\",\"breadcrumb\":{\"@id\":\"https:\\\/\\\/e-marineeducation.com\\\/tr\\\/itu-df-kariyer-kulubu-mardas-denizciliki-agirladi\\\/#breadcrumb\"},\"inLanguage\":\"tr\",\"potentialAction\":[{\"@type\":\"ReadAction\",\"target\":[\"https:\\\/\\\/e-marineeducation.com\\\/tr\\\/itu-df-kariyer-kulubu-mardas-denizciliki-agirladi\\\/\"]}]},{\"@type\":\"ImageObject\",\"inLanguage\":\"tr\",\"@id\":\"https:\\\/\\\/e-marineeducation.com\\\/tr\\\/itu-df-kariyer-kulubu-mardas-denizciliki-agirladi\\\/#primaryimage\",\"url\":\"https:\\\/\\\/e-marineeducation.com\\\/tr\\\/wp-content\\\/uploads\\\/\u0130T\u00dc-Denizcilik-Fak\u00fcltesi-Kariyer-Kul\u00fcb\u00fc-Simge.png\",\"contentUrl\":\"https:\\\/\\\/e-marineeducation.com\\\/tr\\\/wp-content\\\/uploads\\\/\u0130T\u00dc-Denizcilik-Fak\u00fcltesi-Kariyer-Kul\u00fcb\u00fc-Simge.png\",\"width\":\"74\",\"height\":\"74\"},{\"@type\":\"BreadcrumbList\",\"@id\":\"https:\\\/\\\/e-marineeducation.com\\\/tr\\\/itu-df-kariyer-kulubu-mardas-denizciliki-agirladi\\\/#breadcrumb\",\"itemListElement\":[{\"@type\":\"ListItem\",\"position\":1,\"name\":\"Ana sayfa\",\"item\":\"https:\\\/\\\/e-marineeducation.com\\\/tr\\\/\"},{\"@type\":\"ListItem\",\"position\":2,\"name\":\"\u0130T\u00dc DF Kariyer Kul\u00fcb\u00fc Marda\u015f Denizcilik&#8217;i A\u011f\u0131rlad\u0131\"}]},{\"@type\":\"WebSite\",\"@id\":\"https:\\\/\\\/e-marineeducation.com\\\/tr\\\/#website\",\"url\":\"https:\\\/\\\/e-marineeducation.com\\\/tr\\\/\",\"name\":\"e-MarineEducation.com\",\"description\":\"Denizcilik E\u011fitimine Yeni Bir Bak\u0131\u015f A\u00e7\u0131s\u0131\",\"potentialAction\":[{\"@type\":\"SearchAction\",\"target\":{\"@type\":\"EntryPoint\",\"urlTemplate\":\"https:\\\/\\\/e-marineeducation.com\\\/tr\\\/?s={search_term_string}\"},\"query-input\":{\"@type\":\"PropertyValueSpecification\",\"valueRequired\":true,\"valueName\":\"search_term_string\"}}],\"inLanguage\":\"tr\"},{\"@type\":\"Person\",\"@id\":\"https:\\\/\\\/e-marineeducation.com\\\/tr\\\/#\\\/schema\\\/person\\\/024ed73576ec3cb0c3c4140677f0f9ba\",\"name\":\"H\u00fcseyin Altay Yontan\",\"image\":{\"@type\":\"ImageObject\",\"inLanguage\":\"tr\",\"@id\":\"https:\\\/\\\/e-marineeducation.com\\\/tr\\\/wp-content\\\/uploads\\\/avatars\\\/14\\\/1579628684-bpfull.jpg\",\"url\":\"https:\\\/\\\/e-marineeducation.com\\\/tr\\\/wp-content\\\/uploads\\\/avatars\\\/14\\\/1579628684-bpfull.jpg\",\"contentUrl\":\"https:\\\/\\\/e-marineeducation.com\\\/tr\\\/wp-content\\\/uploads\\\/avatars\\\/14\\\/1579628684-bpfull.jpg\",\"caption\":\"H\u00fcseyin Altay Yontan\"},\"description\":\"Genel Koordinat\u00f6r | General Coordinator\",\"sameAs\":[\"https:\\\/\\\/e-marineeducation.com\\\/tr\\\/profil-huseyin-altay-yontan\\\/\",\"https:\\\/\\\/www.facebook.com\\\/hayontan\",\"https:\\\/\\\/www.instagram.com\\\/hayontan\\\/\",\"https:\\\/\\\/www.linkedin.com\\\/in\\\/hayontan\",\"https:\\\/\\\/x.com\\\/hayontan\"],\"url\":\"https:\\\/\\\/e-marineeducation.com\\\/tr\\\/author\\\/hayontan\\\/\"}]}<\/script>\n<!-- \/ Yoast SEO plugin. -->","yoast_head_json":{"title":"\u0130T\u00dc DF Kariyer Kul\u00fcb\u00fc Marda\u015f Denizcilik'i A\u011f\u0131rlad\u0131 - e-MarineEducation.com","description":"\u0130T\u00dc DF Kariyer Kul\u00fcb\u00fc Marda\u015f Denizcilik'i A\u011f\u0131rlad\u0131 ile ilgili yaz\u0131d\u0131r.","robots":{"index":"index","follow":"follow","max-snippet":"max-snippet:-1","max-image-preview":"max-image-preview:large","max-video-preview":"max-video-preview:-1"},"canonical":"https:\/\/e-marineeducation.com\/tr\/itu-df-kariyer-kulubu-mardas-denizciliki-agirladi\/","og_locale":"tr_TR","og_type":"article","og_title":"\u0130T\u00dc DF Kariyer Kul\u00fcb\u00fc Marda\u015f Denizcilik'i A\u011f\u0131rlad\u0131 - e-MarineEducation.com","og_description":"\u0130T\u00dc DF Kariyer Kul\u00fcb\u00fc Marda\u015f Denizcilik'i A\u011f\u0131rlad\u0131 ile ilgili yaz\u0131d\u0131r.","og_url":"https:\/\/e-marineeducation.com\/tr\/itu-df-kariyer-kulubu-mardas-denizciliki-agirladi\/","og_site_name":"e-MarineEducation.com","article_author":"https:\/\/www.facebook.com\/hayontan","article_published_time":"2013-11-30T11:57:30+00:00","og_image":[{"width":74,"height":74,"url":"https:\/\/e-marineeducation.com\/tr\/wp-content\/uploads\/\u0130T\u00dc-Denizcilik-Fak\u00fcltesi-Kariyer-Kul\u00fcb\u00fc-Simge.png","type":"image\/png"}],"author":"H\u00fcseyin Altay Yontan","twitter_card":"summary_large_image","twitter_creator":"@hayontan","twitter_misc":{"Yazan:":"H\u00fcseyin Altay Yontan","Tahmini okuma s\u00fcresi":"1 dakika"},"schema":{"@context":"https:\/\/schema.org","@graph":[{"@type":"Article","@id":"https:\/\/e-marineeducation.com\/tr\/itu-df-kariyer-kulubu-mardas-denizciliki-agirladi\/#article","isPartOf":{"@id":"https:\/\/e-marineeducation.com\/tr\/itu-df-kariyer-kulubu-mardas-denizciliki-agirladi\/"},"author":{"name":"H\u00fcseyin Altay Yontan","@id":"https:\/\/e-marineeducation.com\/tr\/#\/schema\/person\/024ed73576ec3cb0c3c4140677f0f9ba"},"headline":"\u0130T\u00dc DF Kariyer Kul\u00fcb\u00fc Marda\u015f Denizcilik&#8217;i A\u011f\u0131rlad\u0131","datePublished":"2013-11-30T11:57:30+00:00","mainEntityOfPage":{"@id":"https:\/\/e-marineeducation.com\/tr\/itu-df-kariyer-kulubu-mardas-denizciliki-agirladi\/"},"wordCount":177,"commentCount":0,"image":{"@id":"https:\/\/e-marineeducation.com\/tr\/itu-df-kariyer-kulubu-mardas-denizciliki-agirladi\/#primaryimage"},"thumbnailUrl":"https:\/\/e-marineeducation.com\/tr\/wp-content\/uploads\/\u0130T\u00dc-Denizcilik-Fak\u00fcltesi-Kariyer-Kul\u00fcb\u00fc-Simge.png","keywords":["Erg\u00fcn NERO\u011eLU","H\u00fcseyin Altay Yontan Eklemeleri","\u0130brahim \u00c7elik Haberleri","\u0130stanbul Teknik \u00dcniversitesi","istanbul teknik \u00fcniversitesi denizcilik fak\u00fcltesi","it\u00fc","it\u00fc denizcilik fak\u00fcltesi kariyer kul\u00fcb\u00fc","it\u00fc df kariyer kul\u00fcb\u00fc","Kutay \u0130LER\u0130","Marda\u015f Denizcilik","\u015eenol Kulak\u00e7eken"],"articleSection":["Haberler"],"inLanguage":"tr","potentialAction":[{"@type":"CommentAction","name":"Comment","target":["https:\/\/e-marineeducation.com\/tr\/itu-df-kariyer-kulubu-mardas-denizciliki-agirladi\/#respond"]}]},{"@type":"WebPage","@id":"https:\/\/e-marineeducation.com\/tr\/itu-df-kariyer-kulubu-mardas-denizciliki-agirladi\/","url":"https:\/\/e-marineeducation.com\/tr\/itu-df-kariyer-kulubu-mardas-denizciliki-agirladi\/","name":"\u0130T\u00dc DF Kariyer Kul\u00fcb\u00fc Marda\u015f Denizcilik'i A\u011f\u0131rlad\u0131 - e-MarineEducation.com","isPartOf":{"@id":"https:\/\/e-marineeducation.com\/tr\/#website"},"primaryImageOfPage":{"@id":"https:\/\/e-marineeducation.com\/tr\/itu-df-kariyer-kulubu-mardas-denizciliki-agirladi\/#primaryimage"},"image":{"@id":"https:\/\/e-marineeducation.com\/tr\/itu-df-kariyer-kulubu-mardas-denizciliki-agirladi\/#primaryimage"},"thumbnailUrl":"https:\/\/e-marineeducation.com\/tr\/wp-content\/uploads\/\u0130T\u00dc-Denizcilik-Fak\u00fcltesi-Kariyer-Kul\u00fcb\u00fc-Simge.png","datePublished":"2013-11-30T11:57:30+00:00","author":{"@id":"https:\/\/e-marineeducation.com\/tr\/#\/schema\/person\/024ed73576ec3cb0c3c4140677f0f9ba"},"description":"\u0130T\u00dc DF Kariyer Kul\u00fcb\u00fc Marda\u015f Denizcilik'i A\u011f\u0131rlad\u0131 ile ilgili yaz\u0131d\u0131r.","breadcrumb":{"@id":"https:\/\/e-marineeducation.com\/tr\/itu-df-kariyer-kulubu-mardas-denizciliki-agirladi\/#breadcrumb"},"inLanguage":"tr","potentialAction":[{"@type":"ReadAction","target":["https:\/\/e-marineeducation.com\/tr\/itu-df-kariyer-kulubu-mardas-denizciliki-agirladi\/"]}]},{"@type":"ImageObject","inLanguage":"tr","@id":"https:\/\/e-marineeducation.com\/tr\/itu-df-kariyer-kulubu-mardas-denizciliki-agirladi\/#primaryimage","url":"https:\/\/e-marineeducation.com\/tr\/wp-content\/uploads\/\u0130T\u00dc-Denizcilik-Fak\u00fcltesi-Kariyer-Kul\u00fcb\u00fc-Simge.png","contentUrl":"https:\/\/e-marineeducation.com\/tr\/wp-content\/uploads\/\u0130T\u00dc-Denizcilik-Fak\u00fcltesi-Kariyer-Kul\u00fcb\u00fc-Simge.png","width":"74","height":"74"},{"@type":"BreadcrumbList","@id":"https:\/\/e-marineeducation.com\/tr\/itu-df-kariyer-kulubu-mardas-denizciliki-agirladi\/#breadcrumb","itemListElement":[{"@type":"ListItem","position":1,"name":"Ana sayfa","item":"https:\/\/e-marineeducation.com\/tr\/"},{"@type":"ListItem","position":2,"name":"\u0130T\u00dc DF Kariyer Kul\u00fcb\u00fc Marda\u015f Denizcilik&#8217;i A\u011f\u0131rlad\u0131"}]},{"@type":"WebSite","@id":"https:\/\/e-marineeducation.com\/tr\/#website","url":"https:\/\/e-marineeducation.com\/tr\/","name":"e-MarineEducation.com","description":"Denizcilik E\u011fitimine Yeni Bir Bak\u0131\u015f A\u00e7\u0131s\u0131","potentialAction":[{"@type":"SearchAction","target":{"@type":"EntryPoint","urlTemplate":"https:\/\/e-marineeducation.com\/tr\/?s={search_term_string}"},"query-input":{"@type":"PropertyValueSpecification","valueRequired":true,"valueName":"search_term_string"}}],"inLanguage":"tr"},{"@type":"Person","@id":"https:\/\/e-marineeducation.com\/tr\/#\/schema\/person\/024ed73576ec3cb0c3c4140677f0f9ba","name":"H\u00fcseyin Altay Yontan","image":{"@type":"ImageObject","inLanguage":"tr","@id":"https:\/\/e-marineeducation.com\/tr\/wp-content\/uploads\/avatars\/14\/1579628684-bpfull.jpg","url":"https:\/\/e-marineeducation.com\/tr\/wp-content\/uploads\/avatars\/14\/1579628684-bpfull.jpg","contentUrl":"https:\/\/e-marineeducation.com\/tr\/wp-content\/uploads\/avatars\/14\/1579628684-bpfull.jpg","caption":"H\u00fcseyin Altay Yontan"},"description":"Genel Koordinat\u00f6r | General Coordinator","sameAs":["https:\/\/e-marineeducation.com\/tr\/profil-huseyin-altay-yontan\/","https:\/\/www.facebook.com\/hayontan","https:\/\/www.instagram.com\/hayontan\/","https:\/\/www.linkedin.com\/in\/hayontan","https:\/\/x.com\/hayontan"],"url":"https:\/\/e-marineeducation.com\/tr\/author\/hayontan\/"}]}},"_links":{"self":[{"href":"https:\/\/e-marineeducation.com\/tr\/wp-json\/wp\/v2\/posts\/12885","targetHints":{"allow":["GET"]}}],"collection":[{"href":"https:\/\/e-marineeducation.com\/tr\/wp-json\/wp\/v2\/posts"}],"about":[{"href":"https:\/\/e-marineeducation.com\/tr\/wp-json\/wp\/v2\/types\/post"}],"author":[{"embeddable":true,"href":"https:\/\/e-marineeducation.com\/tr\/wp-json\/wp\/v2\/users\/14"}],"replies":[{"embeddable":true,"href":"https:\/\/e-marineeducation.com\/tr\/wp-json\/wp\/v2\/comments?post=12885"}],"version-history":[{"count":0,"href":"https:\/\/e-marineeducation.com\/tr\/wp-json\/wp\/v2\/posts\/12885\/revisions"}],"wp:featuredmedia":[{"embeddable":true,"href":"https:\/\/e-marineeducation.com\/tr\/wp-json\/wp\/v2\/media\/4689"}],"wp:attachment":[{"href":"https:\/\/e-marineeducation.com\/tr\/wp-json\/wp\/v2\/media?parent=12885"}],"wp:term":[{"taxonomy":"category","embeddable":true,"href":"https:\/\/e-marineeducation.com\/tr\/wp-json\/wp\/v2\/categories?post=12885"},{"taxonomy":"post_tag","embeddable":true,"href":"https:\/\/e-marineeducation.com\/tr\/wp-json\/wp\/v2\/tags?post=12885"}],"curies":[{"name":"wp","href":"https:\/\/api.w.org\/{rel}","templated":true}]}}