

{"id":12801,"date":"2013-11-27T00:33:42","date_gmt":"2013-11-26T22:33:42","guid":{"rendered":"https:\/\/e-marineeducation.com\/tr\/?p=12801"},"modified":"2013-12-05T19:47:54","modified_gmt":"2013-12-05T17:47:54","slug":"gemlik-denizcilik-toplulugu-istanbul-logitrans-lojistik-fuari-ve-deniz-muzesi-gezisi","status":"publish","type":"post","link":"https:\/\/e-marineeducation.com\/tr\/gemlik-denizcilik-toplulugu-istanbul-logitrans-lojistik-fuari-ve-deniz-muzesi-gezisi\/","title":{"rendered":"Gemlik Denizcilik Toplulu\u011fu &#8211; \u0130stanbul Logitrans Lojistik Fuar\u0131 ve Deniz M\u00fczesi Gezisi"},"content":{"rendered":"<p style=\"text-align: justify;\"><img loading=\"lazy\" decoding=\"async\" class=\"size-full wp-image-11025 alignleft\" alt=\"Gemlik Denizcilik Toplulu\u011fu Logo\" src=\"https:\/\/e-marineeducation.com\/tr\/wp-content\/uploads\/Gemlik-Denizcilik-Toplulu\u011fu-Logo.jpg\" width=\"127\" height=\"127\" srcset=\"https:\/\/e-marineeducation.com\/tr\/wp-content\/uploads\/Gemlik-Denizcilik-Toplulu\u011fu-Logo.jpg 127w, https:\/\/e-marineeducation.com\/tr\/wp-content\/uploads\/Gemlik-Denizcilik-Toplulu\u011fu-Logo-74x74.jpg 74w\" sizes=\"auto, (max-width: 127px) 100vw, 127px\" \/><span style=\"color: #3366cc;\"><em>Gemlik Denizcilik Toplulu\u011fu (GDT)<\/em><\/span> 23 Kas\u0131m 2013 cumartesi g\u00fcn\u00fc, \u0130stanbul\u2019da d\u00fczenlenen <span style=\"color: #3366cc;\"><em>Uluslararas\u0131 Logitrans Transport Lojistik Fuar\u0131n\u0131<\/em> <\/span>ziyaret etti.<\/p>\n<table style=\"height: 20px;\" border=\"0\">\n<tbody>\n<tr>\n<td><\/td>\n<\/tr>\n<\/tbody>\n<\/table>\n<p style=\"text-align: justify;\">Uluda\u011f \u00dcniversitesi\u2019nin tahsis etmi\u015f oldu\u011fu otob\u00fcs ile GDT \u00fcyelerine \u00fccretsiz d\u00fczenlenen gezi saat 06.30\u2019da Merinos\/Bursa, saat 07.30\u2019da da <span style=\"color: #3366cc;\"><em>Uluda\u011f \u00dcniversitesi Gemlik Suni \u0130pek Yerle\u015fkesi<\/em><\/span> \u00f6n\u00fcnden hareketle ba\u015flad\u0131.<\/p>\n<table style=\"height: 20px;\" border=\"0\">\n<tbody>\n<tr>\n<td><\/td>\n<\/tr>\n<\/tbody>\n<\/table>\n<p style=\"text-align: justify;\">Saat 10.00\u2019da \u0130stanbul Fuar Merkezine ula\u015f\u0131lmas\u0131 ile ba\u015flayan fuar gezisi, \u00f6\u011frencilerin farkl\u0131 bir \u00e7ok firman\u0131n stand\u0131n\u0131 gezmesiyle devam etti. Her firma kendi tan\u0131t\u0131mlar\u0131n\u0131 yaparken \u00f6\u011frenciler <em><span style=\"color: #3366cc;\">\u201cDeniz ve Liman i\u015fletmecili\u011fi\u201d<\/span><\/em> b\u00f6l\u00fcm\u00fc okumalar\u0131ndan dolay\u0131 dikkatlerini en \u00e7ok liman kurulu\u015flar\u0131n\u0131n standlar\u0131n\u0131n \u00e7ekti\u011fini belirttiler.<\/p>\n<table style=\"height: 20px;\" border=\"0\">\n<tbody>\n<tr>\n<td><\/td>\n<\/tr>\n<\/tbody>\n<\/table>\n<p style=\"text-align: justify;\">Saat 12.00\u2019da <span style=\"color: #3366cc;\"><em>\u0130stanbul Fuar Merkezinden<\/em><\/span> ayr\u0131lan GDT \u00fcyelerinin bir sonraki dura\u011f\u0131 <em><span style=\"color: #3366cc;\">\u0130stanbul Deniz M\u00fczesi<\/span><\/em> oldu. Saat 14.30\u2019da Be\u015fikta\u015f\/\u0130stanbul\u2019da bulunan Deniz M\u00fczesine ula\u015fan GDT \u00fcyeleri denizcilik tarihine \u0131\u015f\u0131k tutan m\u00fczenin her b\u00f6l\u00fcm\u00fcn\u00fc b\u00fcy\u00fck bir merak ve heyecanla gezerken saltanat kay\u0131\u011f\u0131 koleksiyonu b\u00fcy\u00fck ilgi g\u00f6rd\u00fc.<\/p>\n<table style=\"height: 20px;\" border=\"0\">\n<tbody>\n<tr>\n<td><\/td>\n<\/tr>\n<\/tbody>\n<\/table>\n<p style=\"text-align: justify;\">\u0130lk kez Deniz M\u00fczesi gezisi ger\u00e7ekle\u015ftiren <span style=\"color: #3366cc;\"><em>Gemlik Denizcilik Toplulu\u011fu<\/em><\/span> \u00fcyeleri, devam eden y\u0131llarda denizcilik tarihimize \u0131\u015f\u0131k tutan de\u011ferli m\u00fczenin tekrar ziyaret edilmesi gerekti\u011fini dile getirirken gezi 22.00\u2019de <em><span style=\"color: #3366cc;\">Bursa\u2019ya<\/span><\/em> ula\u015f\u0131lmas\u0131 ile sonland\u0131.<\/p>\n<table style=\"height: 20px;\" border=\"0\">\n<tbody>\n<tr>\n<td><\/td>\n<\/tr>\n<\/tbody>\n<\/table>\n<p style=\"text-align: justify;\"><strong>Haber: <span style=\"text-decoration: underline; color: #3366cc;\"><a href=\"https:\/\/e-marineeducation.com\/tr\/profil-ali-ihsan-fenerci\/\" target=\"_blank\"><span style=\"color: #3366cc; text-decoration: underline;\">Ali \u0130hsan Fenerci<\/span><\/a><\/span><\/strong><br \/>\n<strong>Ekleyen: <span style=\"text-decoration: underline; color: #3366cc;\"><a href=\"https:\/\/e-marineeducation.com\/tr\/profil-engin-agalday\/\" target=\"_blank\"><span style=\"color: #3366cc; text-decoration: underline;\">Engin Agalday<\/span><\/a><\/span><\/strong><\/p>\n<table style=\"height: 20px;\" border=\"0\">\n<tbody>\n<tr>\n<td><\/td>\n<\/tr>\n<\/tbody>\n<\/table>\n<p style=\"text-align: center;\"><img loading=\"lazy\" decoding=\"async\" class=\"size-full wp-image-12803 aligncenter\" alt=\"1\" src=\"https:\/\/e-marineeducation.com\/tr\/wp-content\/uploads\/1-595-x-335.jpg\" width=\"595\" height=\"335\" srcset=\"https:\/\/e-marineeducation.com\/tr\/wp-content\/uploads\/1-595-x-335.jpg 595w, https:\/\/e-marineeducation.com\/tr\/wp-content\/uploads\/1-595-x-335-150x84.jpg 150w, https:\/\/e-marineeducation.com\/tr\/wp-content\/uploads\/1-595-x-335-300x168.jpg 300w\" sizes=\"auto, (max-width: 595px) 100vw, 595px\" \/><\/p>\n<table style=\"height: 20px;\" border=\"0\">\n<tbody>\n<tr>\n<td><\/td>\n<\/tr>\n<\/tbody>\n<\/table>\n<p style=\"text-align: center;\"><img loading=\"lazy\" decoding=\"async\" class=\"size-full wp-image-12804 aligncenter\" alt=\"2\" src=\"https:\/\/e-marineeducation.com\/tr\/wp-content\/uploads\/2-595-x-335.jpg\" width=\"595\" height=\"335\" srcset=\"https:\/\/e-marineeducation.com\/tr\/wp-content\/uploads\/2-595-x-335.jpg 595w, https:\/\/e-marineeducation.com\/tr\/wp-content\/uploads\/2-595-x-335-150x84.jpg 150w, https:\/\/e-marineeducation.com\/tr\/wp-content\/uploads\/2-595-x-335-300x168.jpg 300w\" sizes=\"auto, (max-width: 595px) 100vw, 595px\" \/><\/p>\n<table style=\"height: 20px;\" border=\"0\">\n<tbody>\n<tr>\n<td><\/td>\n<\/tr>\n<\/tbody>\n<\/table>\n<p style=\"text-align: center;\"><img loading=\"lazy\" decoding=\"async\" class=\"size-full wp-image-12806 aligncenter\" alt=\"3\" src=\"https:\/\/e-marineeducation.com\/tr\/wp-content\/uploads\/3-595-x-3351.jpg\" width=\"595\" height=\"335\" srcset=\"https:\/\/e-marineeducation.com\/tr\/wp-content\/uploads\/3-595-x-3351.jpg 595w, https:\/\/e-marineeducation.com\/tr\/wp-content\/uploads\/3-595-x-3351-150x84.jpg 150w, https:\/\/e-marineeducation.com\/tr\/wp-content\/uploads\/3-595-x-3351-300x168.jpg 300w\" sizes=\"auto, (max-width: 595px) 100vw, 595px\" \/><\/p>\n<table style=\"height: 20px;\" border=\"0\">\n<tbody>\n<tr>\n<td><\/td>\n<\/tr>\n<\/tbody>\n<\/table>\n<p style=\"text-align: center;\"><img loading=\"lazy\" decoding=\"async\" class=\"size-full wp-image-12807 aligncenter\" alt=\"4\" src=\"https:\/\/e-marineeducation.com\/tr\/wp-content\/uploads\/4-595-x-335.jpg\" width=\"595\" height=\"335\" srcset=\"https:\/\/e-marineeducation.com\/tr\/wp-content\/uploads\/4-595-x-335.jpg 595w, https:\/\/e-marineeducation.com\/tr\/wp-content\/uploads\/4-595-x-335-150x84.jpg 150w, https:\/\/e-marineeducation.com\/tr\/wp-content\/uploads\/4-595-x-335-300x168.jpg 300w\" sizes=\"auto, (max-width: 595px) 100vw, 595px\" \/><\/p>\n<table style=\"height: 20px;\" border=\"0\">\n<tbody>\n<tr>\n<td><\/td>\n<\/tr>\n<\/tbody>\n<\/table>\n","protected":false},"excerpt":{"rendered":"<p>Gemlik Denizcilik Toplulu\u011fu (GDT) 23 Kas\u0131m 2013 cumartesi g\u00fcn\u00fc, \u0130stanbul\u2019da d\u00fczenlenen Uluslararas\u0131 Logitrans Transport Lojistik Fuar\u0131n\u0131 ziyaret etti. Uluda\u011f \u00dcniversitesi\u2019nin tahsis etmi\u015f oldu\u011fu otob\u00fcs ile GDT \u00fcyelerine \u00fccretsiz d\u00fczenlenen gezi saat 06.30\u2019da Merinos\/Bursa, saat 07.30\u2019da da Uluda\u011f \u00dcniversitesi Gemlik Suni \u0130pek Yerle\u015fkesi \u00f6n\u00fcnden hareketle ba\u015flad\u0131. Saat 10.00\u2019da \u0130stanbul Fuar Merkezine ula\u015f\u0131lmas\u0131 ile ba\u015flayan fuar gezisi, &hellip;<\/p>\n","protected":false},"author":923,"featured_media":0,"comment_status":"open","ping_status":"open","sticky":false,"template":"","format":"standard","meta":{"_acf_changed":false,"_bbp_topic_count":0,"_bbp_reply_count":0,"_bbp_total_topic_count":0,"_bbp_total_reply_count":0,"_bbp_voice_count":0,"_bbp_anonymous_reply_count":0,"_bbp_topic_count_hidden":0,"_bbp_reply_count_hidden":0,"_bbp_forum_subforum_count":0,"footnotes":""},"categories":[18],"tags":[1474,742,1532,1806,796,1807,804],"class_list":["post-12801","post","type-post","status-publish","format-standard","","category-haberler","tag-ali-ihsan-fenerci-haberleri","tag-deniz-muzesi","tag-engin-agalday-eklemeleri","tag-gdt","tag-gemlik-denizcilik-toplulugu","tag-istanbul-fuar-merkezi","tag-uludag-universitesi-2"],"acf":[],"yoast_head":"<!-- This site is optimized with the Yoast SEO plugin v27.4 - https:\/\/yoast.com\/product\/yoast-seo-wordpress\/ -->\n<title>Gemlik Denizcilik Toplulu\u011fu - \u0130stanbul Logitrans Lojistik Fuar\u0131 ve Deniz M\u00fczesi Gezisi - e-MarineEducation.com<\/title>\n<meta name=\"description\" content=\"Gemlik Denizcilik Toplulu\u011fu - \u0130stanbul Logitrans Lojistik fuar\u0131 ve Deniz m\u00fczesi gezisi\" \/>\n<meta name=\"robots\" content=\"index, follow, max-snippet:-1, max-image-preview:large, max-video-preview:-1\" \/>\n<link rel=\"canonical\" href=\"https:\/\/e-marineeducation.com\/tr\/gemlik-denizcilik-toplulugu-istanbul-logitrans-lojistik-fuari-ve-deniz-muzesi-gezisi\/\" \/>\n<meta property=\"og:locale\" content=\"tr_TR\" \/>\n<meta property=\"og:type\" content=\"article\" \/>\n<meta property=\"og:title\" content=\"Gemlik Denizcilik Toplulu\u011fu - \u0130stanbul Logitrans Lojistik Fuar\u0131 ve Deniz M\u00fczesi Gezisi - e-MarineEducation.com\" \/>\n<meta property=\"og:description\" content=\"Gemlik Denizcilik Toplulu\u011fu - \u0130stanbul Logitrans Lojistik fuar\u0131 ve Deniz m\u00fczesi gezisi\" \/>\n<meta property=\"og:url\" content=\"https:\/\/e-marineeducation.com\/tr\/gemlik-denizcilik-toplulugu-istanbul-logitrans-lojistik-fuari-ve-deniz-muzesi-gezisi\/\" \/>\n<meta property=\"og:site_name\" content=\"e-MarineEducation.com\" \/>\n<meta property=\"article:author\" content=\"http:\/\/www.facebook.com\/EnginAgalday\" \/>\n<meta property=\"article:published_time\" content=\"2013-11-26T22:33:42+00:00\" \/>\n<meta property=\"article:modified_time\" content=\"2013-12-05T17:47:54+00:00\" \/>\n<meta property=\"og:image\" content=\"https:\/\/e-marineeducation.com\/tr\/wp-content\/uploads\/Gemlik-Denizcilik-Toplulu\u011fu-Logo.jpg\" \/>\n<meta name=\"author\" content=\"Engin Agalday\" \/>\n<meta name=\"twitter:card\" content=\"summary_large_image\" \/>\n<meta name=\"twitter:creator\" content=\"@EAgalday\" \/>\n<meta name=\"twitter:label1\" content=\"Yazan:\" \/>\n\t<meta name=\"twitter:data1\" content=\"Engin Agalday\" \/>\n\t<meta name=\"twitter:label2\" content=\"Tahmini okuma s\u00fcresi\" \/>\n\t<meta name=\"twitter:data2\" content=\"1 dakika\" \/>\n<script type=\"application\/ld+json\" class=\"yoast-schema-graph\">{\"@context\":\"https:\\\/\\\/schema.org\",\"@graph\":[{\"@type\":\"Article\",\"@id\":\"https:\\\/\\\/e-marineeducation.com\\\/tr\\\/gemlik-denizcilik-toplulugu-istanbul-logitrans-lojistik-fuari-ve-deniz-muzesi-gezisi\\\/#article\",\"isPartOf\":{\"@id\":\"https:\\\/\\\/e-marineeducation.com\\\/tr\\\/gemlik-denizcilik-toplulugu-istanbul-logitrans-lojistik-fuari-ve-deniz-muzesi-gezisi\\\/\"},\"author\":{\"name\":\"Engin Agalday\",\"@id\":\"https:\\\/\\\/e-marineeducation.com\\\/tr\\\/#\\\/schema\\\/person\\\/8ce0ce7a8b44b6296084ca37fe641151\"},\"headline\":\"Gemlik Denizcilik Toplulu\u011fu &#8211; \u0130stanbul Logitrans Lojistik Fuar\u0131 ve Deniz M\u00fczesi Gezisi\",\"datePublished\":\"2013-11-26T22:33:42+00:00\",\"dateModified\":\"2013-12-05T17:47:54+00:00\",\"mainEntityOfPage\":{\"@id\":\"https:\\\/\\\/e-marineeducation.com\\\/tr\\\/gemlik-denizcilik-toplulugu-istanbul-logitrans-lojistik-fuari-ve-deniz-muzesi-gezisi\\\/\"},\"wordCount\":236,\"commentCount\":0,\"image\":{\"@id\":\"https:\\\/\\\/e-marineeducation.com\\\/tr\\\/gemlik-denizcilik-toplulugu-istanbul-logitrans-lojistik-fuari-ve-deniz-muzesi-gezisi\\\/#primaryimage\"},\"thumbnailUrl\":\"https:\\\/\\\/e-marineeducation.com\\\/tr\\\/wp-content\\\/uploads\\\/1-595-x-335.jpg\",\"keywords\":[\"Ali \u0130hsan Fenerci Haberleri\",\"deniz m\u00fczesi\",\"Engin Agalday Eklemeleri\",\"GDT\",\"Gemlik Denizcilik Toplulu\u011fu\",\"\u0130stanbul fuar merkezi\",\"uluda\u011f \u00fcniversitesi\"],\"articleSection\":[\"Haberler\"],\"inLanguage\":\"tr\",\"potentialAction\":[{\"@type\":\"CommentAction\",\"name\":\"Comment\",\"target\":[\"https:\\\/\\\/e-marineeducation.com\\\/tr\\\/gemlik-denizcilik-toplulugu-istanbul-logitrans-lojistik-fuari-ve-deniz-muzesi-gezisi\\\/#respond\"]}]},{\"@type\":\"WebPage\",\"@id\":\"https:\\\/\\\/e-marineeducation.com\\\/tr\\\/gemlik-denizcilik-toplulugu-istanbul-logitrans-lojistik-fuari-ve-deniz-muzesi-gezisi\\\/\",\"url\":\"https:\\\/\\\/e-marineeducation.com\\\/tr\\\/gemlik-denizcilik-toplulugu-istanbul-logitrans-lojistik-fuari-ve-deniz-muzesi-gezisi\\\/\",\"name\":\"Gemlik Denizcilik Toplulu\u011fu - \u0130stanbul Logitrans Lojistik Fuar\u0131 ve Deniz M\u00fczesi Gezisi - e-MarineEducation.com\",\"isPartOf\":{\"@id\":\"https:\\\/\\\/e-marineeducation.com\\\/tr\\\/#website\"},\"primaryImageOfPage\":{\"@id\":\"https:\\\/\\\/e-marineeducation.com\\\/tr\\\/gemlik-denizcilik-toplulugu-istanbul-logitrans-lojistik-fuari-ve-deniz-muzesi-gezisi\\\/#primaryimage\"},\"image\":{\"@id\":\"https:\\\/\\\/e-marineeducation.com\\\/tr\\\/gemlik-denizcilik-toplulugu-istanbul-logitrans-lojistik-fuari-ve-deniz-muzesi-gezisi\\\/#primaryimage\"},\"thumbnailUrl\":\"https:\\\/\\\/e-marineeducation.com\\\/tr\\\/wp-content\\\/uploads\\\/1-595-x-335.jpg\",\"datePublished\":\"2013-11-26T22:33:42+00:00\",\"dateModified\":\"2013-12-05T17:47:54+00:00\",\"author\":{\"@id\":\"https:\\\/\\\/e-marineeducation.com\\\/tr\\\/#\\\/schema\\\/person\\\/8ce0ce7a8b44b6296084ca37fe641151\"},\"description\":\"Gemlik Denizcilik Toplulu\u011fu - \u0130stanbul Logitrans Lojistik fuar\u0131 ve Deniz m\u00fczesi gezisi\",\"breadcrumb\":{\"@id\":\"https:\\\/\\\/e-marineeducation.com\\\/tr\\\/gemlik-denizcilik-toplulugu-istanbul-logitrans-lojistik-fuari-ve-deniz-muzesi-gezisi\\\/#breadcrumb\"},\"inLanguage\":\"tr\",\"potentialAction\":[{\"@type\":\"ReadAction\",\"target\":[\"https:\\\/\\\/e-marineeducation.com\\\/tr\\\/gemlik-denizcilik-toplulugu-istanbul-logitrans-lojistik-fuari-ve-deniz-muzesi-gezisi\\\/\"]}]},{\"@type\":\"ImageObject\",\"inLanguage\":\"tr\",\"@id\":\"https:\\\/\\\/e-marineeducation.com\\\/tr\\\/gemlik-denizcilik-toplulugu-istanbul-logitrans-lojistik-fuari-ve-deniz-muzesi-gezisi\\\/#primaryimage\",\"url\":\"https:\\\/\\\/e-marineeducation.com\\\/tr\\\/wp-content\\\/uploads\\\/1-595-x-335.jpg\",\"contentUrl\":\"https:\\\/\\\/e-marineeducation.com\\\/tr\\\/wp-content\\\/uploads\\\/1-595-x-335.jpg\",\"width\":595,\"height\":335},{\"@type\":\"BreadcrumbList\",\"@id\":\"https:\\\/\\\/e-marineeducation.com\\\/tr\\\/gemlik-denizcilik-toplulugu-istanbul-logitrans-lojistik-fuari-ve-deniz-muzesi-gezisi\\\/#breadcrumb\",\"itemListElement\":[{\"@type\":\"ListItem\",\"position\":1,\"name\":\"Ana sayfa\",\"item\":\"https:\\\/\\\/e-marineeducation.com\\\/tr\\\/\"},{\"@type\":\"ListItem\",\"position\":2,\"name\":\"Gemlik Denizcilik Toplulu\u011fu &#8211; \u0130stanbul Logitrans Lojistik Fuar\u0131 ve Deniz M\u00fczesi Gezisi\"}]},{\"@type\":\"WebSite\",\"@id\":\"https:\\\/\\\/e-marineeducation.com\\\/tr\\\/#website\",\"url\":\"https:\\\/\\\/e-marineeducation.com\\\/tr\\\/\",\"name\":\"e-MarineEducation.com\",\"description\":\"Denizcilik E\u011fitimine Yeni Bir Bak\u0131\u015f A\u00e7\u0131s\u0131\",\"potentialAction\":[{\"@type\":\"SearchAction\",\"target\":{\"@type\":\"EntryPoint\",\"urlTemplate\":\"https:\\\/\\\/e-marineeducation.com\\\/tr\\\/?s={search_term_string}\"},\"query-input\":{\"@type\":\"PropertyValueSpecification\",\"valueRequired\":true,\"valueName\":\"search_term_string\"}}],\"inLanguage\":\"tr\"},{\"@type\":\"Person\",\"@id\":\"https:\\\/\\\/e-marineeducation.com\\\/tr\\\/#\\\/schema\\\/person\\\/8ce0ce7a8b44b6296084ca37fe641151\",\"name\":\"Engin Agalday\",\"image\":{\"@type\":\"ImageObject\",\"inLanguage\":\"tr\",\"@id\":\"https:\\\/\\\/e-marineeducation.com\\\/tr\\\/wp-content\\\/uploads\\\/avatars\\\/923\\\/1398957910-bpfull.jpg\",\"url\":\"https:\\\/\\\/e-marineeducation.com\\\/tr\\\/wp-content\\\/uploads\\\/avatars\\\/923\\\/1398957910-bpfull.jpg\",\"contentUrl\":\"https:\\\/\\\/e-marineeducation.com\\\/tr\\\/wp-content\\\/uploads\\\/avatars\\\/923\\\/1398957910-bpfull.jpg\",\"caption\":\"Engin Agalday\"},\"description\":\"24 Ekim 1992 tarihinde do\u011fdu. 2012 y\u0131l\u0131nda ise e-MarEdu ile tan\u0131\u015ft\u0131. e-MarEdu b\u00fcnyesinde \u00d6\u011frenci Temsilcisi, Sosyal Medya Edit\u00f6r\u00fc ve halen devam etmekte olan Y\u00f6netici Asistan\u0131 unvanlar\u0131 ile hizmet verdi. E\u011fitim hayat\u0131 boyunca muhasebe, d\u0131\u015f ticaret, deniz ve liman i\u015fletmecili\u011fi ve s\u00fcrd\u00fcrmekte oldu\u011fu denizcilik i\u015fletmeleri y\u00f6netimi programlar\u0131nda e\u011fitimler ald\u0131. \u00dcniversite hayat\u0131 i\u00e7erisinde denizcilik kul\u00fcp ve topluluklar\u0131nda aktif rol \u00fcstlendi ve halen \u00fcstlenmektedir. \u00d6n lisans e\u011fitimi sonras\u0131 bir d\u00f6nem \u00f6zel sekt\u00f6rde insan kaynaklar\u0131 pozisyonunda \u00e7al\u0131\u015ft\u0131. Lisans e\u011fitiminin biti\u015fini takiben denizcilik alan\u0131nda i\u015f ya\u015fant\u0131s\u0131na devam etmeyi planlamaktad\u0131r.\",\"sameAs\":[\"https:\\\/\\\/e-marineeducation.com\\\/tr\\\/profil-engin-agalday\\\/\",\"http:\\\/\\\/www.facebook.com\\\/EnginAgalday\",\"https:\\\/\\\/www.instagram.com\\\/eagalday\\\/\",\"https:\\\/\\\/tr.linkedin.com\\\/in\\\/engin-agalday-a3a5437a\",\"https:\\\/\\\/x.com\\\/EAgalday\"],\"url\":\"https:\\\/\\\/e-marineeducation.com\\\/tr\\\/author\\\/eagalday\\\/\"}]}<\/script>\n<!-- \/ Yoast SEO plugin. -->","yoast_head_json":{"title":"Gemlik Denizcilik Toplulu\u011fu - \u0130stanbul Logitrans Lojistik Fuar\u0131 ve Deniz M\u00fczesi Gezisi - e-MarineEducation.com","description":"Gemlik Denizcilik Toplulu\u011fu - \u0130stanbul Logitrans Lojistik fuar\u0131 ve Deniz m\u00fczesi gezisi","robots":{"index":"index","follow":"follow","max-snippet":"max-snippet:-1","max-image-preview":"max-image-preview:large","max-video-preview":"max-video-preview:-1"},"canonical":"https:\/\/e-marineeducation.com\/tr\/gemlik-denizcilik-toplulugu-istanbul-logitrans-lojistik-fuari-ve-deniz-muzesi-gezisi\/","og_locale":"tr_TR","og_type":"article","og_title":"Gemlik Denizcilik Toplulu\u011fu - \u0130stanbul Logitrans Lojistik Fuar\u0131 ve Deniz M\u00fczesi Gezisi - e-MarineEducation.com","og_description":"Gemlik Denizcilik Toplulu\u011fu - \u0130stanbul Logitrans Lojistik fuar\u0131 ve Deniz m\u00fczesi gezisi","og_url":"https:\/\/e-marineeducation.com\/tr\/gemlik-denizcilik-toplulugu-istanbul-logitrans-lojistik-fuari-ve-deniz-muzesi-gezisi\/","og_site_name":"e-MarineEducation.com","article_author":"http:\/\/www.facebook.com\/EnginAgalday","article_published_time":"2013-11-26T22:33:42+00:00","article_modified_time":"2013-12-05T17:47:54+00:00","og_image":[{"url":"https:\/\/e-marineeducation.com\/tr\/wp-content\/uploads\/Gemlik-Denizcilik-Toplulu\u011fu-Logo.jpg","type":"","width":"","height":""}],"author":"Engin Agalday","twitter_card":"summary_large_image","twitter_creator":"@EAgalday","twitter_misc":{"Yazan:":"Engin Agalday","Tahmini okuma s\u00fcresi":"1 dakika"},"schema":{"@context":"https:\/\/schema.org","@graph":[{"@type":"Article","@id":"https:\/\/e-marineeducation.com\/tr\/gemlik-denizcilik-toplulugu-istanbul-logitrans-lojistik-fuari-ve-deniz-muzesi-gezisi\/#article","isPartOf":{"@id":"https:\/\/e-marineeducation.com\/tr\/gemlik-denizcilik-toplulugu-istanbul-logitrans-lojistik-fuari-ve-deniz-muzesi-gezisi\/"},"author":{"name":"Engin Agalday","@id":"https:\/\/e-marineeducation.com\/tr\/#\/schema\/person\/8ce0ce7a8b44b6296084ca37fe641151"},"headline":"Gemlik Denizcilik Toplulu\u011fu &#8211; \u0130stanbul Logitrans Lojistik Fuar\u0131 ve Deniz M\u00fczesi Gezisi","datePublished":"2013-11-26T22:33:42+00:00","dateModified":"2013-12-05T17:47:54+00:00","mainEntityOfPage":{"@id":"https:\/\/e-marineeducation.com\/tr\/gemlik-denizcilik-toplulugu-istanbul-logitrans-lojistik-fuari-ve-deniz-muzesi-gezisi\/"},"wordCount":236,"commentCount":0,"image":{"@id":"https:\/\/e-marineeducation.com\/tr\/gemlik-denizcilik-toplulugu-istanbul-logitrans-lojistik-fuari-ve-deniz-muzesi-gezisi\/#primaryimage"},"thumbnailUrl":"https:\/\/e-marineeducation.com\/tr\/wp-content\/uploads\/1-595-x-335.jpg","keywords":["Ali \u0130hsan Fenerci Haberleri","deniz m\u00fczesi","Engin Agalday Eklemeleri","GDT","Gemlik Denizcilik Toplulu\u011fu","\u0130stanbul fuar merkezi","uluda\u011f \u00fcniversitesi"],"articleSection":["Haberler"],"inLanguage":"tr","potentialAction":[{"@type":"CommentAction","name":"Comment","target":["https:\/\/e-marineeducation.com\/tr\/gemlik-denizcilik-toplulugu-istanbul-logitrans-lojistik-fuari-ve-deniz-muzesi-gezisi\/#respond"]}]},{"@type":"WebPage","@id":"https:\/\/e-marineeducation.com\/tr\/gemlik-denizcilik-toplulugu-istanbul-logitrans-lojistik-fuari-ve-deniz-muzesi-gezisi\/","url":"https:\/\/e-marineeducation.com\/tr\/gemlik-denizcilik-toplulugu-istanbul-logitrans-lojistik-fuari-ve-deniz-muzesi-gezisi\/","name":"Gemlik Denizcilik Toplulu\u011fu - \u0130stanbul Logitrans Lojistik Fuar\u0131 ve Deniz M\u00fczesi Gezisi - e-MarineEducation.com","isPartOf":{"@id":"https:\/\/e-marineeducation.com\/tr\/#website"},"primaryImageOfPage":{"@id":"https:\/\/e-marineeducation.com\/tr\/gemlik-denizcilik-toplulugu-istanbul-logitrans-lojistik-fuari-ve-deniz-muzesi-gezisi\/#primaryimage"},"image":{"@id":"https:\/\/e-marineeducation.com\/tr\/gemlik-denizcilik-toplulugu-istanbul-logitrans-lojistik-fuari-ve-deniz-muzesi-gezisi\/#primaryimage"},"thumbnailUrl":"https:\/\/e-marineeducation.com\/tr\/wp-content\/uploads\/1-595-x-335.jpg","datePublished":"2013-11-26T22:33:42+00:00","dateModified":"2013-12-05T17:47:54+00:00","author":{"@id":"https:\/\/e-marineeducation.com\/tr\/#\/schema\/person\/8ce0ce7a8b44b6296084ca37fe641151"},"description":"Gemlik Denizcilik Toplulu\u011fu - \u0130stanbul Logitrans Lojistik fuar\u0131 ve Deniz m\u00fczesi gezisi","breadcrumb":{"@id":"https:\/\/e-marineeducation.com\/tr\/gemlik-denizcilik-toplulugu-istanbul-logitrans-lojistik-fuari-ve-deniz-muzesi-gezisi\/#breadcrumb"},"inLanguage":"tr","potentialAction":[{"@type":"ReadAction","target":["https:\/\/e-marineeducation.com\/tr\/gemlik-denizcilik-toplulugu-istanbul-logitrans-lojistik-fuari-ve-deniz-muzesi-gezisi\/"]}]},{"@type":"ImageObject","inLanguage":"tr","@id":"https:\/\/e-marineeducation.com\/tr\/gemlik-denizcilik-toplulugu-istanbul-logitrans-lojistik-fuari-ve-deniz-muzesi-gezisi\/#primaryimage","url":"https:\/\/e-marineeducation.com\/tr\/wp-content\/uploads\/1-595-x-335.jpg","contentUrl":"https:\/\/e-marineeducation.com\/tr\/wp-content\/uploads\/1-595-x-335.jpg","width":595,"height":335},{"@type":"BreadcrumbList","@id":"https:\/\/e-marineeducation.com\/tr\/gemlik-denizcilik-toplulugu-istanbul-logitrans-lojistik-fuari-ve-deniz-muzesi-gezisi\/#breadcrumb","itemListElement":[{"@type":"ListItem","position":1,"name":"Ana sayfa","item":"https:\/\/e-marineeducation.com\/tr\/"},{"@type":"ListItem","position":2,"name":"Gemlik Denizcilik Toplulu\u011fu &#8211; \u0130stanbul Logitrans Lojistik Fuar\u0131 ve Deniz M\u00fczesi Gezisi"}]},{"@type":"WebSite","@id":"https:\/\/e-marineeducation.com\/tr\/#website","url":"https:\/\/e-marineeducation.com\/tr\/","name":"e-MarineEducation.com","description":"Denizcilik E\u011fitimine Yeni Bir Bak\u0131\u015f A\u00e7\u0131s\u0131","potentialAction":[{"@type":"SearchAction","target":{"@type":"EntryPoint","urlTemplate":"https:\/\/e-marineeducation.com\/tr\/?s={search_term_string}"},"query-input":{"@type":"PropertyValueSpecification","valueRequired":true,"valueName":"search_term_string"}}],"inLanguage":"tr"},{"@type":"Person","@id":"https:\/\/e-marineeducation.com\/tr\/#\/schema\/person\/8ce0ce7a8b44b6296084ca37fe641151","name":"Engin Agalday","image":{"@type":"ImageObject","inLanguage":"tr","@id":"https:\/\/e-marineeducation.com\/tr\/wp-content\/uploads\/avatars\/923\/1398957910-bpfull.jpg","url":"https:\/\/e-marineeducation.com\/tr\/wp-content\/uploads\/avatars\/923\/1398957910-bpfull.jpg","contentUrl":"https:\/\/e-marineeducation.com\/tr\/wp-content\/uploads\/avatars\/923\/1398957910-bpfull.jpg","caption":"Engin Agalday"},"description":"24 Ekim 1992 tarihinde do\u011fdu. 2012 y\u0131l\u0131nda ise e-MarEdu ile tan\u0131\u015ft\u0131. e-MarEdu b\u00fcnyesinde \u00d6\u011frenci Temsilcisi, Sosyal Medya Edit\u00f6r\u00fc ve halen devam etmekte olan Y\u00f6netici Asistan\u0131 unvanlar\u0131 ile hizmet verdi. E\u011fitim hayat\u0131 boyunca muhasebe, d\u0131\u015f ticaret, deniz ve liman i\u015fletmecili\u011fi ve s\u00fcrd\u00fcrmekte oldu\u011fu denizcilik i\u015fletmeleri y\u00f6netimi programlar\u0131nda e\u011fitimler ald\u0131. \u00dcniversite hayat\u0131 i\u00e7erisinde denizcilik kul\u00fcp ve topluluklar\u0131nda aktif rol \u00fcstlendi ve halen \u00fcstlenmektedir. \u00d6n lisans e\u011fitimi sonras\u0131 bir d\u00f6nem \u00f6zel sekt\u00f6rde insan kaynaklar\u0131 pozisyonunda \u00e7al\u0131\u015ft\u0131. Lisans e\u011fitiminin biti\u015fini takiben denizcilik alan\u0131nda i\u015f ya\u015fant\u0131s\u0131na devam etmeyi planlamaktad\u0131r.","sameAs":["https:\/\/e-marineeducation.com\/tr\/profil-engin-agalday\/","http:\/\/www.facebook.com\/EnginAgalday","https:\/\/www.instagram.com\/eagalday\/","https:\/\/tr.linkedin.com\/in\/engin-agalday-a3a5437a","https:\/\/x.com\/EAgalday"],"url":"https:\/\/e-marineeducation.com\/tr\/author\/eagalday\/"}]}},"_links":{"self":[{"href":"https:\/\/e-marineeducation.com\/tr\/wp-json\/wp\/v2\/posts\/12801","targetHints":{"allow":["GET"]}}],"collection":[{"href":"https:\/\/e-marineeducation.com\/tr\/wp-json\/wp\/v2\/posts"}],"about":[{"href":"https:\/\/e-marineeducation.com\/tr\/wp-json\/wp\/v2\/types\/post"}],"author":[{"embeddable":true,"href":"https:\/\/e-marineeducation.com\/tr\/wp-json\/wp\/v2\/users\/923"}],"replies":[{"embeddable":true,"href":"https:\/\/e-marineeducation.com\/tr\/wp-json\/wp\/v2\/comments?post=12801"}],"version-history":[{"count":0,"href":"https:\/\/e-marineeducation.com\/tr\/wp-json\/wp\/v2\/posts\/12801\/revisions"}],"wp:attachment":[{"href":"https:\/\/e-marineeducation.com\/tr\/wp-json\/wp\/v2\/media?parent=12801"}],"wp:term":[{"taxonomy":"category","embeddable":true,"href":"https:\/\/e-marineeducation.com\/tr\/wp-json\/wp\/v2\/categories?post=12801"},{"taxonomy":"post_tag","embeddable":true,"href":"https:\/\/e-marineeducation.com\/tr\/wp-json\/wp\/v2\/tags?post=12801"}],"curies":[{"name":"wp","href":"https:\/\/api.w.org\/{rel}","templated":true}]}}