

{"id":12720,"date":"2013-11-21T23:50:32","date_gmt":"2013-11-21T21:50:32","guid":{"rendered":"https:\/\/e-marineeducation.com\/tr\/?p=12720"},"modified":"2013-11-21T23:50:32","modified_gmt":"2013-11-21T21:50:32","slug":"itu-denizcilik-fakultesi-kariyer-kulubu-ince-denizciliki-agirladi","status":"publish","type":"post","link":"https:\/\/e-marineeducation.com\/tr\/itu-denizcilik-fakultesi-kariyer-kulubu-ince-denizciliki-agirladi\/","title":{"rendered":"\u0130T\u00dc Denizcilik Fak\u00fcltesi Kariyer Kul\u00fcb\u00fc \u0130nce Denizcilik&#8217;i A\u011f\u0131rlad\u0131"},"content":{"rendered":"<p style=\"text-align: justify\"><img loading=\"lazy\" decoding=\"async\" class=\"size-full wp-image-4687 alignleft\" alt=\"T\u00dc-Denizcilik-Fak\u00fcltesi-Kariyer-Kul\u00fcb\u00fc-Logosu\" src=\"https:\/\/e-marineeducation.com\/tr\/wp-content\/uploads\/\u0130T\u00dc-Denizcilik-Fak\u00fcltesi-Kariyer-Kul\u00fcb\u00fc-Logosu.png\" width=\"127\" height=\"129\" srcset=\"https:\/\/e-marineeducation.com\/tr\/wp-content\/uploads\/\u0130T\u00dc-Denizcilik-Fak\u00fcltesi-Kariyer-Kul\u00fcb\u00fc-Logosu.png 127w, https:\/\/e-marineeducation.com\/tr\/wp-content\/uploads\/\u0130T\u00dc-Denizcilik-Fak\u00fcltesi-Kariyer-Kul\u00fcb\u00fc-Logosu-74x74.png 74w\" sizes=\"auto, (max-width: 127px) 100vw, 127px\" \/>\u0130stanbul Teknik \u00dcniversitesi Denizcilik Fak\u00fcltesi Kariyer Kul\u00fcb\u00fc taraf\u0131ndan bu y\u0131l 17.si d\u00fczenlenen Geleneksel Kariyer G\u00fcnleri&#8217;nin 20 Kas\u0131m 2013 g\u00fcn\u00fc misafiri <em><span style=\"color: #3366cc\">\u0130nce Denizcilik<\/span><\/em> oldu. \u0130nce Denizcilik&#8217; i temsilen Teknik M\u00fcd\u00fcr-DPA\u00a0<span style=\"color: #3366cc\"><em>Ahmet Ya\u015far CANCA<\/em><\/span>, Enspekt\u00f6r\u00a0<em><span style=\"color: #3366cc\">Osman Mustafa \u015eER\u0130FO\u011eLU<\/span><\/em>, \u0130nsan Kaynaklar\u0131 M\u00fcd\u00fcr\u00fc\u00a0<span style=\"color: #3366cc\"><em>\u015eeyma SEZG\u0130N<\/em><\/span>, Enspekt\u00f6r\u00a0<em><span style=\"color: #3366cc\">O\u011fuz TEM\u0130Z<\/span><\/em> \u00a0ve Uzakyol 1. Vardiya M\u00fchendisi\u00a0<span style=\"color: #3366cc\"><em>Fatih \u015eEKERC\u0130<\/em><\/span> kat\u0131ld\u0131.<\/p>\n<table style=\"height: 20px\" border=\"0\">\n<tbody>\n<tr>\n<td><\/td>\n<\/tr>\n<\/tbody>\n<\/table>\n<p style=\"text-align: justify\">Konferansa \u015firket tan\u0131t\u0131m\u0131yla ba\u015flayan yetkililer filolar\u0131ndaki gemilerin \u00f6zelliklerinden de bahsetti. Stajer al\u0131m\u0131 konusunda a\u00e7\u0131klamalar yapan yetkililer, gerek k\u0131sa staj gerekse uzun staj i\u00e7in gerekliliklerden ve staja \u00e7\u0131karabilme olanaklar\u0131ndan bahsetti.Gemilerinde korsan b\u00f6lgelerinden ge\u00e7erken <em><span style=\"color: #3366cc\">safe guard<\/span><\/em> bulundurmad\u0131klar\u0131n\u0131 ve gerek\u00e7elerini a\u00e7\u0131klad\u0131lar.<\/p>\n<table style=\"height: 20px\" border=\"0\">\n<tbody>\n<tr>\n<td><\/td>\n<\/tr>\n<\/tbody>\n<\/table>\n<p style=\"text-align: justify\">Sn. Canca 2000 Y\u0131l\u0131 sonras\u0131nda yeti\u015fen zabitlerin ve \u015fuan da yeti\u015fmekte olan zabit adaylar\u0131n\u0131n yeterliliklerinin, i\u015flerine olan ba\u011fl\u0131l\u0131\u011f\u0131n yani gemide \u00e7al\u0131\u015fan zabitlerin \u00e7al\u0131\u015fma y\u0131l\u0131 ortalamas\u0131n\u0131n d\u00fc\u015f\u00fck oldu\u011funu ve bunun da T\u00fcrk denizcili\u011fini zedeledi\u011finin \u00fczerinde durdu.Konferans\u0131n ard\u0131ndan kokteyl alan\u0131na ge\u00e7ilerek \u00f6\u011frencilerin birebir sorduklar\u0131 sorular\u0131 yan\u0131tlad\u0131lar.<\/p>\n<table style=\"height: 20px\" border=\"0\">\n<tbody>\n<tr>\n<td><\/td>\n<\/tr>\n<\/tbody>\n<\/table>\n<p style=\"text-align: justify\"><strong>Haber: <span style=\"text-decoration: underline\"><span style=\"color: #3366cc\"><a href=\"https:\/\/e-marineeducation.com\/tr\/profil-ibrahim-celik\/\" target=\"_blank\"><span style=\"color: #3366cc;text-decoration: underline\">\u0130brahim \u00c7elik<\/span><\/a><\/span><\/span><\/strong><br \/>\n<strong>Ekleyen: <span style=\"text-decoration: underline\"><span style=\"color: #3366cc\"><a href=\"https:\/\/e-marineeducation.com\/tr\/profil-h-altay-yontan\/\" target=\"_blank\"><span style=\"color: #3366cc;text-decoration: underline\">H\u00fcseyin Altay Yontan<\/span><\/a><\/span><\/span><\/strong><\/p>\n<table style=\"height: 20px\" border=\"0\">\n<tbody>\n<tr>\n<td><\/td>\n<\/tr>\n<\/tbody>\n<\/table>\n<p style=\"text-align: justify\"><img loading=\"lazy\" decoding=\"async\" class=\"aligncenter size-full wp-image-12721\" alt=\"\u0130T\u00dc DF Kariyer G\u00fcnleri Konu\u011fu \u0130nce Denizcilik - 1\" src=\"https:\/\/e-marineeducation.com\/tr\/wp-content\/uploads\/\u0130T\u00dc-DF-Kariyer-G\u00fcnleri-Konu\u011fu-\u0130nce-Denizcilik-1.jpg\" width=\"595\" height=\"395\" srcset=\"https:\/\/e-marineeducation.com\/tr\/wp-content\/uploads\/\u0130T\u00dc-DF-Kariyer-G\u00fcnleri-Konu\u011fu-\u0130nce-Denizcilik-1.jpg 595w, https:\/\/e-marineeducation.com\/tr\/wp-content\/uploads\/\u0130T\u00dc-DF-Kariyer-G\u00fcnleri-Konu\u011fu-\u0130nce-Denizcilik-1-150x99.jpg 150w, https:\/\/e-marineeducation.com\/tr\/wp-content\/uploads\/\u0130T\u00dc-DF-Kariyer-G\u00fcnleri-Konu\u011fu-\u0130nce-Denizcilik-1-300x199.jpg 300w\" sizes=\"auto, (max-width: 595px) 100vw, 595px\" \/><\/p>\n<table style=\"height: 20px\" border=\"0\">\n<tbody>\n<tr>\n<td><\/td>\n<\/tr>\n<\/tbody>\n<\/table>\n<p style=\"text-align: justify\"><img loading=\"lazy\" decoding=\"async\" class=\"aligncenter size-full wp-image-12722\" alt=\"\u0130T\u00dc DF Kariyer G\u00fcnleri Konu\u011fu \u0130nce Denizcilik - 2\" src=\"https:\/\/e-marineeducation.com\/tr\/wp-content\/uploads\/\u0130T\u00dc-DF-Kariyer-G\u00fcnleri-Konu\u011fu-\u0130nce-Denizcilik-2.jpg\" width=\"595\" height=\"395\" srcset=\"https:\/\/e-marineeducation.com\/tr\/wp-content\/uploads\/\u0130T\u00dc-DF-Kariyer-G\u00fcnleri-Konu\u011fu-\u0130nce-Denizcilik-2.jpg 595w, https:\/\/e-marineeducation.com\/tr\/wp-content\/uploads\/\u0130T\u00dc-DF-Kariyer-G\u00fcnleri-Konu\u011fu-\u0130nce-Denizcilik-2-150x99.jpg 150w, https:\/\/e-marineeducation.com\/tr\/wp-content\/uploads\/\u0130T\u00dc-DF-Kariyer-G\u00fcnleri-Konu\u011fu-\u0130nce-Denizcilik-2-300x199.jpg 300w\" sizes=\"auto, (max-width: 595px) 100vw, 595px\" \/><\/p>\n<table style=\"height: 20px\" border=\"0\">\n<tbody>\n<tr>\n<td><\/td>\n<\/tr>\n<\/tbody>\n<\/table>\n<p style=\"text-align: justify\"><img loading=\"lazy\" decoding=\"async\" class=\"aligncenter size-full wp-image-12723\" alt=\"\u0130T\u00dc DF Kariyer G\u00fcnleri Konu\u011fu \u0130nce Denizcilik - 3\" src=\"https:\/\/e-marineeducation.com\/tr\/wp-content\/uploads\/\u0130T\u00dc-DF-Kariyer-G\u00fcnleri-Konu\u011fu-\u0130nce-Denizcilik-3.jpg\" width=\"595\" height=\"395\" srcset=\"https:\/\/e-marineeducation.com\/tr\/wp-content\/uploads\/\u0130T\u00dc-DF-Kariyer-G\u00fcnleri-Konu\u011fu-\u0130nce-Denizcilik-3.jpg 595w, https:\/\/e-marineeducation.com\/tr\/wp-content\/uploads\/\u0130T\u00dc-DF-Kariyer-G\u00fcnleri-Konu\u011fu-\u0130nce-Denizcilik-3-150x99.jpg 150w, https:\/\/e-marineeducation.com\/tr\/wp-content\/uploads\/\u0130T\u00dc-DF-Kariyer-G\u00fcnleri-Konu\u011fu-\u0130nce-Denizcilik-3-300x199.jpg 300w\" sizes=\"auto, (max-width: 595px) 100vw, 595px\" \/><\/p>\n<table style=\"height: 20px\" border=\"0\">\n<tbody>\n<tr>\n<td><\/td>\n<\/tr>\n<\/tbody>\n<\/table>\n<p style=\"text-align: justify\"><img loading=\"lazy\" decoding=\"async\" class=\"aligncenter size-full wp-image-12724\" alt=\"\u0130T\u00dc DF Kariyer G\u00fcnleri Konu\u011fu \u0130nce Denizcilik - 4\" src=\"https:\/\/e-marineeducation.com\/tr\/wp-content\/uploads\/\u0130T\u00dc-DF-Kariyer-G\u00fcnleri-Konu\u011fu-\u0130nce-Denizcilik-4.jpg\" width=\"595\" height=\"395\" srcset=\"https:\/\/e-marineeducation.com\/tr\/wp-content\/uploads\/\u0130T\u00dc-DF-Kariyer-G\u00fcnleri-Konu\u011fu-\u0130nce-Denizcilik-4.jpg 595w, https:\/\/e-marineeducation.com\/tr\/wp-content\/uploads\/\u0130T\u00dc-DF-Kariyer-G\u00fcnleri-Konu\u011fu-\u0130nce-Denizcilik-4-150x99.jpg 150w, https:\/\/e-marineeducation.com\/tr\/wp-content\/uploads\/\u0130T\u00dc-DF-Kariyer-G\u00fcnleri-Konu\u011fu-\u0130nce-Denizcilik-4-300x199.jpg 300w\" sizes=\"auto, (max-width: 595px) 100vw, 595px\" \/><\/p>\n","protected":false},"excerpt":{"rendered":"<p>\u0130stanbul Teknik \u00dcniversitesi Denizcilik Fak\u00fcltesi Kariyer Kul\u00fcb\u00fc taraf\u0131ndan bu y\u0131l 17.si d\u00fczenlenen Geleneksel Kariyer G\u00fcnleri&#8217;nin 20 Kas\u0131m 2013 g\u00fcn\u00fc misafiri \u0130nce Denizcilik oldu. \u0130nce Denizcilik&#8217; i temsilen Teknik M\u00fcd\u00fcr-DPA\u00a0Ahmet Ya\u015far CANCA, Enspekt\u00f6r\u00a0Osman Mustafa \u015eER\u0130FO\u011eLU, \u0130nsan Kaynaklar\u0131 M\u00fcd\u00fcr\u00fc\u00a0\u015eeyma SEZG\u0130N, Enspekt\u00f6r\u00a0O\u011fuz TEM\u0130Z \u00a0ve Uzakyol 1. Vardiya M\u00fchendisi\u00a0Fatih \u015eEKERC\u0130 kat\u0131ld\u0131. Konferansa \u015firket tan\u0131t\u0131m\u0131yla ba\u015flayan yetkililer filolar\u0131ndaki gemilerin \u00f6zelliklerinden &hellip;<\/p>\n","protected":false},"author":14,"featured_media":4689,"comment_status":"open","ping_status":"open","sticky":false,"template":"","format":"standard","meta":{"_acf_changed":false,"_bbp_topic_count":0,"_bbp_reply_count":0,"_bbp_total_topic_count":0,"_bbp_total_reply_count":0,"_bbp_voice_count":0,"_bbp_anonymous_reply_count":0,"_bbp_topic_count_hidden":0,"_bbp_reply_count_hidden":0,"_bbp_forum_subforum_count":0,"footnotes":""},"categories":[18],"tags":[1167,1783,1004,1526,348,460,108,331,1782,1781,1168],"class_list":["post-12720","post","type-post","status-publish","format-standard","has-post-thumbnail","","category-haberler","tag-ahmet-yasar-canca","tag-fatih-sekerci","tag-huseyin-altay-yontan-eklemeleri","tag-ibrahim-celik-haberleri","tag-ince-denizcilik","tag-istanbul-teknik-universitesi-denizcilik-fakultesi","tag-itu","tag-kariyer-gunleri","tag-oguz-temiz","tag-osman-mustafa-serifoglu","tag-seyma-sezgin"],"acf":[],"yoast_head":"<!-- This site is optimized with the Yoast SEO plugin v27.4 - https:\/\/yoast.com\/product\/yoast-seo-wordpress\/ -->\n<title>\u0130T\u00dc Denizcilik Fak\u00fcltesi Kariyer Kul\u00fcb\u00fc \u0130nce Denizcilik&#039;i A\u011f\u0131rlad\u0131 - e-MarineEducation.com<\/title>\n<meta name=\"description\" content=\"&quot;\u0130T\u00dc Denizcilik Fak\u00fcltesi Kariyer Kul\u00fcb\u00fc \u0130nce Denizcilik&#039;i A\u011f\u0131rlad\u0131&quot; ile ilgili haber metnidir.\" \/>\n<meta name=\"robots\" content=\"index, follow, max-snippet:-1, max-image-preview:large, max-video-preview:-1\" \/>\n<link rel=\"canonical\" href=\"https:\/\/e-marineeducation.com\/tr\/itu-denizcilik-fakultesi-kariyer-kulubu-ince-denizciliki-agirladi\/\" \/>\n<meta property=\"og:locale\" content=\"tr_TR\" \/>\n<meta property=\"og:type\" content=\"article\" \/>\n<meta property=\"og:title\" content=\"\u0130T\u00dc Denizcilik Fak\u00fcltesi Kariyer Kul\u00fcb\u00fc \u0130nce Denizcilik&#039;i A\u011f\u0131rlad\u0131 - e-MarineEducation.com\" \/>\n<meta property=\"og:description\" content=\"&quot;\u0130T\u00dc Denizcilik Fak\u00fcltesi Kariyer Kul\u00fcb\u00fc \u0130nce Denizcilik&#039;i A\u011f\u0131rlad\u0131&quot; ile ilgili haber metnidir.\" \/>\n<meta property=\"og:url\" content=\"https:\/\/e-marineeducation.com\/tr\/itu-denizcilik-fakultesi-kariyer-kulubu-ince-denizciliki-agirladi\/\" \/>\n<meta property=\"og:site_name\" content=\"e-MarineEducation.com\" \/>\n<meta property=\"article:author\" content=\"https:\/\/www.facebook.com\/hayontan\" \/>\n<meta property=\"article:published_time\" content=\"2013-11-21T21:50:32+00:00\" \/>\n<meta property=\"og:image\" content=\"https:\/\/e-marineeducation.com\/tr\/wp-content\/uploads\/\u0130T\u00dc-Denizcilik-Fak\u00fcltesi-Kariyer-Kul\u00fcb\u00fc-Simge.png\" \/>\n\t<meta property=\"og:image:width\" content=\"74\" \/>\n\t<meta property=\"og:image:height\" content=\"74\" \/>\n\t<meta property=\"og:image:type\" content=\"image\/png\" \/>\n<meta name=\"author\" content=\"H\u00fcseyin Altay Yontan\" \/>\n<meta name=\"twitter:card\" content=\"summary_large_image\" \/>\n<meta name=\"twitter:creator\" content=\"@hayontan\" \/>\n<meta name=\"twitter:label1\" content=\"Yazan:\" \/>\n\t<meta name=\"twitter:data1\" content=\"H\u00fcseyin Altay Yontan\" \/>\n\t<meta name=\"twitter:label2\" content=\"Tahmini okuma s\u00fcresi\" \/>\n\t<meta name=\"twitter:data2\" content=\"1 dakika\" \/>\n<script type=\"application\/ld+json\" class=\"yoast-schema-graph\">{\"@context\":\"https:\\\/\\\/schema.org\",\"@graph\":[{\"@type\":\"Article\",\"@id\":\"https:\\\/\\\/e-marineeducation.com\\\/tr\\\/itu-denizcilik-fakultesi-kariyer-kulubu-ince-denizciliki-agirladi\\\/#article\",\"isPartOf\":{\"@id\":\"https:\\\/\\\/e-marineeducation.com\\\/tr\\\/itu-denizcilik-fakultesi-kariyer-kulubu-ince-denizciliki-agirladi\\\/\"},\"author\":{\"name\":\"H\u00fcseyin Altay Yontan\",\"@id\":\"https:\\\/\\\/e-marineeducation.com\\\/tr\\\/#\\\/schema\\\/person\\\/024ed73576ec3cb0c3c4140677f0f9ba\"},\"headline\":\"\u0130T\u00dc Denizcilik Fak\u00fcltesi Kariyer Kul\u00fcb\u00fc \u0130nce Denizcilik&#8217;i A\u011f\u0131rlad\u0131\",\"datePublished\":\"2013-11-21T21:50:32+00:00\",\"mainEntityOfPage\":{\"@id\":\"https:\\\/\\\/e-marineeducation.com\\\/tr\\\/itu-denizcilik-fakultesi-kariyer-kulubu-ince-denizciliki-agirladi\\\/\"},\"wordCount\":216,\"commentCount\":0,\"image\":{\"@id\":\"https:\\\/\\\/e-marineeducation.com\\\/tr\\\/itu-denizcilik-fakultesi-kariyer-kulubu-ince-denizciliki-agirladi\\\/#primaryimage\"},\"thumbnailUrl\":\"https:\\\/\\\/e-marineeducation.com\\\/tr\\\/wp-content\\\/uploads\\\/\u0130T\u00dc-Denizcilik-Fak\u00fcltesi-Kariyer-Kul\u00fcb\u00fc-Simge.png\",\"keywords\":[\"Ahmet Ya\u015far CANCA\",\"Fatih \u015eEKERC\u0130\",\"H\u00fcseyin Altay Yontan Eklemeleri\",\"\u0130brahim \u00c7elik Haberleri\",\"ince denizcilik\",\"istanbul teknik \u00fcniversitesi denizcilik fak\u00fcltesi\",\"it\u00fc\",\"kariyer g\u00fcnleri\",\"O\u011fuz TEM\u0130Z\",\"Osman Mustafa \u015eER\u0130FO\u011eLU\",\"\u015eeyma SEZG\u0130N\"],\"articleSection\":[\"Haberler\"],\"inLanguage\":\"tr\",\"potentialAction\":[{\"@type\":\"CommentAction\",\"name\":\"Comment\",\"target\":[\"https:\\\/\\\/e-marineeducation.com\\\/tr\\\/itu-denizcilik-fakultesi-kariyer-kulubu-ince-denizciliki-agirladi\\\/#respond\"]}]},{\"@type\":\"WebPage\",\"@id\":\"https:\\\/\\\/e-marineeducation.com\\\/tr\\\/itu-denizcilik-fakultesi-kariyer-kulubu-ince-denizciliki-agirladi\\\/\",\"url\":\"https:\\\/\\\/e-marineeducation.com\\\/tr\\\/itu-denizcilik-fakultesi-kariyer-kulubu-ince-denizciliki-agirladi\\\/\",\"name\":\"\u0130T\u00dc Denizcilik Fak\u00fcltesi Kariyer Kul\u00fcb\u00fc \u0130nce Denizcilik'i A\u011f\u0131rlad\u0131 - e-MarineEducation.com\",\"isPartOf\":{\"@id\":\"https:\\\/\\\/e-marineeducation.com\\\/tr\\\/#website\"},\"primaryImageOfPage\":{\"@id\":\"https:\\\/\\\/e-marineeducation.com\\\/tr\\\/itu-denizcilik-fakultesi-kariyer-kulubu-ince-denizciliki-agirladi\\\/#primaryimage\"},\"image\":{\"@id\":\"https:\\\/\\\/e-marineeducation.com\\\/tr\\\/itu-denizcilik-fakultesi-kariyer-kulubu-ince-denizciliki-agirladi\\\/#primaryimage\"},\"thumbnailUrl\":\"https:\\\/\\\/e-marineeducation.com\\\/tr\\\/wp-content\\\/uploads\\\/\u0130T\u00dc-Denizcilik-Fak\u00fcltesi-Kariyer-Kul\u00fcb\u00fc-Simge.png\",\"datePublished\":\"2013-11-21T21:50:32+00:00\",\"author\":{\"@id\":\"https:\\\/\\\/e-marineeducation.com\\\/tr\\\/#\\\/schema\\\/person\\\/024ed73576ec3cb0c3c4140677f0f9ba\"},\"description\":\"\\\"\u0130T\u00dc Denizcilik Fak\u00fcltesi Kariyer Kul\u00fcb\u00fc \u0130nce Denizcilik'i A\u011f\u0131rlad\u0131\\\" ile ilgili haber metnidir.\",\"breadcrumb\":{\"@id\":\"https:\\\/\\\/e-marineeducation.com\\\/tr\\\/itu-denizcilik-fakultesi-kariyer-kulubu-ince-denizciliki-agirladi\\\/#breadcrumb\"},\"inLanguage\":\"tr\",\"potentialAction\":[{\"@type\":\"ReadAction\",\"target\":[\"https:\\\/\\\/e-marineeducation.com\\\/tr\\\/itu-denizcilik-fakultesi-kariyer-kulubu-ince-denizciliki-agirladi\\\/\"]}]},{\"@type\":\"ImageObject\",\"inLanguage\":\"tr\",\"@id\":\"https:\\\/\\\/e-marineeducation.com\\\/tr\\\/itu-denizcilik-fakultesi-kariyer-kulubu-ince-denizciliki-agirladi\\\/#primaryimage\",\"url\":\"https:\\\/\\\/e-marineeducation.com\\\/tr\\\/wp-content\\\/uploads\\\/\u0130T\u00dc-Denizcilik-Fak\u00fcltesi-Kariyer-Kul\u00fcb\u00fc-Simge.png\",\"contentUrl\":\"https:\\\/\\\/e-marineeducation.com\\\/tr\\\/wp-content\\\/uploads\\\/\u0130T\u00dc-Denizcilik-Fak\u00fcltesi-Kariyer-Kul\u00fcb\u00fc-Simge.png\",\"width\":\"74\",\"height\":\"74\"},{\"@type\":\"BreadcrumbList\",\"@id\":\"https:\\\/\\\/e-marineeducation.com\\\/tr\\\/itu-denizcilik-fakultesi-kariyer-kulubu-ince-denizciliki-agirladi\\\/#breadcrumb\",\"itemListElement\":[{\"@type\":\"ListItem\",\"position\":1,\"name\":\"Ana sayfa\",\"item\":\"https:\\\/\\\/e-marineeducation.com\\\/tr\\\/\"},{\"@type\":\"ListItem\",\"position\":2,\"name\":\"\u0130T\u00dc Denizcilik Fak\u00fcltesi Kariyer Kul\u00fcb\u00fc \u0130nce Denizcilik&#8217;i A\u011f\u0131rlad\u0131\"}]},{\"@type\":\"WebSite\",\"@id\":\"https:\\\/\\\/e-marineeducation.com\\\/tr\\\/#website\",\"url\":\"https:\\\/\\\/e-marineeducation.com\\\/tr\\\/\",\"name\":\"e-MarineEducation.com\",\"description\":\"Denizcilik E\u011fitimine Yeni Bir Bak\u0131\u015f A\u00e7\u0131s\u0131\",\"potentialAction\":[{\"@type\":\"SearchAction\",\"target\":{\"@type\":\"EntryPoint\",\"urlTemplate\":\"https:\\\/\\\/e-marineeducation.com\\\/tr\\\/?s={search_term_string}\"},\"query-input\":{\"@type\":\"PropertyValueSpecification\",\"valueRequired\":true,\"valueName\":\"search_term_string\"}}],\"inLanguage\":\"tr\"},{\"@type\":\"Person\",\"@id\":\"https:\\\/\\\/e-marineeducation.com\\\/tr\\\/#\\\/schema\\\/person\\\/024ed73576ec3cb0c3c4140677f0f9ba\",\"name\":\"H\u00fcseyin Altay Yontan\",\"image\":{\"@type\":\"ImageObject\",\"inLanguage\":\"tr\",\"@id\":\"https:\\\/\\\/e-marineeducation.com\\\/tr\\\/wp-content\\\/uploads\\\/avatars\\\/14\\\/1579628684-bpfull.jpg\",\"url\":\"https:\\\/\\\/e-marineeducation.com\\\/tr\\\/wp-content\\\/uploads\\\/avatars\\\/14\\\/1579628684-bpfull.jpg\",\"contentUrl\":\"https:\\\/\\\/e-marineeducation.com\\\/tr\\\/wp-content\\\/uploads\\\/avatars\\\/14\\\/1579628684-bpfull.jpg\",\"caption\":\"H\u00fcseyin Altay Yontan\"},\"description\":\"Genel Koordinat\u00f6r | General Coordinator\",\"sameAs\":[\"https:\\\/\\\/e-marineeducation.com\\\/tr\\\/profil-huseyin-altay-yontan\\\/\",\"https:\\\/\\\/www.facebook.com\\\/hayontan\",\"https:\\\/\\\/www.instagram.com\\\/hayontan\\\/\",\"https:\\\/\\\/www.linkedin.com\\\/in\\\/hayontan\",\"https:\\\/\\\/x.com\\\/hayontan\"],\"url\":\"https:\\\/\\\/e-marineeducation.com\\\/tr\\\/author\\\/hayontan\\\/\"}]}<\/script>\n<!-- \/ Yoast SEO plugin. -->","yoast_head_json":{"title":"\u0130T\u00dc Denizcilik Fak\u00fcltesi Kariyer Kul\u00fcb\u00fc \u0130nce Denizcilik'i A\u011f\u0131rlad\u0131 - e-MarineEducation.com","description":"\"\u0130T\u00dc Denizcilik Fak\u00fcltesi Kariyer Kul\u00fcb\u00fc \u0130nce Denizcilik'i A\u011f\u0131rlad\u0131\" ile ilgili haber metnidir.","robots":{"index":"index","follow":"follow","max-snippet":"max-snippet:-1","max-image-preview":"max-image-preview:large","max-video-preview":"max-video-preview:-1"},"canonical":"https:\/\/e-marineeducation.com\/tr\/itu-denizcilik-fakultesi-kariyer-kulubu-ince-denizciliki-agirladi\/","og_locale":"tr_TR","og_type":"article","og_title":"\u0130T\u00dc Denizcilik Fak\u00fcltesi Kariyer Kul\u00fcb\u00fc \u0130nce Denizcilik'i A\u011f\u0131rlad\u0131 - e-MarineEducation.com","og_description":"\"\u0130T\u00dc Denizcilik Fak\u00fcltesi Kariyer Kul\u00fcb\u00fc \u0130nce Denizcilik'i A\u011f\u0131rlad\u0131\" ile ilgili haber metnidir.","og_url":"https:\/\/e-marineeducation.com\/tr\/itu-denizcilik-fakultesi-kariyer-kulubu-ince-denizciliki-agirladi\/","og_site_name":"e-MarineEducation.com","article_author":"https:\/\/www.facebook.com\/hayontan","article_published_time":"2013-11-21T21:50:32+00:00","og_image":[{"width":74,"height":74,"url":"https:\/\/e-marineeducation.com\/tr\/wp-content\/uploads\/\u0130T\u00dc-Denizcilik-Fak\u00fcltesi-Kariyer-Kul\u00fcb\u00fc-Simge.png","type":"image\/png"}],"author":"H\u00fcseyin Altay Yontan","twitter_card":"summary_large_image","twitter_creator":"@hayontan","twitter_misc":{"Yazan:":"H\u00fcseyin Altay Yontan","Tahmini okuma s\u00fcresi":"1 dakika"},"schema":{"@context":"https:\/\/schema.org","@graph":[{"@type":"Article","@id":"https:\/\/e-marineeducation.com\/tr\/itu-denizcilik-fakultesi-kariyer-kulubu-ince-denizciliki-agirladi\/#article","isPartOf":{"@id":"https:\/\/e-marineeducation.com\/tr\/itu-denizcilik-fakultesi-kariyer-kulubu-ince-denizciliki-agirladi\/"},"author":{"name":"H\u00fcseyin Altay Yontan","@id":"https:\/\/e-marineeducation.com\/tr\/#\/schema\/person\/024ed73576ec3cb0c3c4140677f0f9ba"},"headline":"\u0130T\u00dc Denizcilik Fak\u00fcltesi Kariyer Kul\u00fcb\u00fc \u0130nce Denizcilik&#8217;i A\u011f\u0131rlad\u0131","datePublished":"2013-11-21T21:50:32+00:00","mainEntityOfPage":{"@id":"https:\/\/e-marineeducation.com\/tr\/itu-denizcilik-fakultesi-kariyer-kulubu-ince-denizciliki-agirladi\/"},"wordCount":216,"commentCount":0,"image":{"@id":"https:\/\/e-marineeducation.com\/tr\/itu-denizcilik-fakultesi-kariyer-kulubu-ince-denizciliki-agirladi\/#primaryimage"},"thumbnailUrl":"https:\/\/e-marineeducation.com\/tr\/wp-content\/uploads\/\u0130T\u00dc-Denizcilik-Fak\u00fcltesi-Kariyer-Kul\u00fcb\u00fc-Simge.png","keywords":["Ahmet Ya\u015far CANCA","Fatih \u015eEKERC\u0130","H\u00fcseyin Altay Yontan Eklemeleri","\u0130brahim \u00c7elik Haberleri","ince denizcilik","istanbul teknik \u00fcniversitesi denizcilik fak\u00fcltesi","it\u00fc","kariyer g\u00fcnleri","O\u011fuz TEM\u0130Z","Osman Mustafa \u015eER\u0130FO\u011eLU","\u015eeyma SEZG\u0130N"],"articleSection":["Haberler"],"inLanguage":"tr","potentialAction":[{"@type":"CommentAction","name":"Comment","target":["https:\/\/e-marineeducation.com\/tr\/itu-denizcilik-fakultesi-kariyer-kulubu-ince-denizciliki-agirladi\/#respond"]}]},{"@type":"WebPage","@id":"https:\/\/e-marineeducation.com\/tr\/itu-denizcilik-fakultesi-kariyer-kulubu-ince-denizciliki-agirladi\/","url":"https:\/\/e-marineeducation.com\/tr\/itu-denizcilik-fakultesi-kariyer-kulubu-ince-denizciliki-agirladi\/","name":"\u0130T\u00dc Denizcilik Fak\u00fcltesi Kariyer Kul\u00fcb\u00fc \u0130nce Denizcilik'i A\u011f\u0131rlad\u0131 - e-MarineEducation.com","isPartOf":{"@id":"https:\/\/e-marineeducation.com\/tr\/#website"},"primaryImageOfPage":{"@id":"https:\/\/e-marineeducation.com\/tr\/itu-denizcilik-fakultesi-kariyer-kulubu-ince-denizciliki-agirladi\/#primaryimage"},"image":{"@id":"https:\/\/e-marineeducation.com\/tr\/itu-denizcilik-fakultesi-kariyer-kulubu-ince-denizciliki-agirladi\/#primaryimage"},"thumbnailUrl":"https:\/\/e-marineeducation.com\/tr\/wp-content\/uploads\/\u0130T\u00dc-Denizcilik-Fak\u00fcltesi-Kariyer-Kul\u00fcb\u00fc-Simge.png","datePublished":"2013-11-21T21:50:32+00:00","author":{"@id":"https:\/\/e-marineeducation.com\/tr\/#\/schema\/person\/024ed73576ec3cb0c3c4140677f0f9ba"},"description":"\"\u0130T\u00dc Denizcilik Fak\u00fcltesi Kariyer Kul\u00fcb\u00fc \u0130nce Denizcilik'i A\u011f\u0131rlad\u0131\" ile ilgili haber metnidir.","breadcrumb":{"@id":"https:\/\/e-marineeducation.com\/tr\/itu-denizcilik-fakultesi-kariyer-kulubu-ince-denizciliki-agirladi\/#breadcrumb"},"inLanguage":"tr","potentialAction":[{"@type":"ReadAction","target":["https:\/\/e-marineeducation.com\/tr\/itu-denizcilik-fakultesi-kariyer-kulubu-ince-denizciliki-agirladi\/"]}]},{"@type":"ImageObject","inLanguage":"tr","@id":"https:\/\/e-marineeducation.com\/tr\/itu-denizcilik-fakultesi-kariyer-kulubu-ince-denizciliki-agirladi\/#primaryimage","url":"https:\/\/e-marineeducation.com\/tr\/wp-content\/uploads\/\u0130T\u00dc-Denizcilik-Fak\u00fcltesi-Kariyer-Kul\u00fcb\u00fc-Simge.png","contentUrl":"https:\/\/e-marineeducation.com\/tr\/wp-content\/uploads\/\u0130T\u00dc-Denizcilik-Fak\u00fcltesi-Kariyer-Kul\u00fcb\u00fc-Simge.png","width":"74","height":"74"},{"@type":"BreadcrumbList","@id":"https:\/\/e-marineeducation.com\/tr\/itu-denizcilik-fakultesi-kariyer-kulubu-ince-denizciliki-agirladi\/#breadcrumb","itemListElement":[{"@type":"ListItem","position":1,"name":"Ana sayfa","item":"https:\/\/e-marineeducation.com\/tr\/"},{"@type":"ListItem","position":2,"name":"\u0130T\u00dc Denizcilik Fak\u00fcltesi Kariyer Kul\u00fcb\u00fc \u0130nce Denizcilik&#8217;i A\u011f\u0131rlad\u0131"}]},{"@type":"WebSite","@id":"https:\/\/e-marineeducation.com\/tr\/#website","url":"https:\/\/e-marineeducation.com\/tr\/","name":"e-MarineEducation.com","description":"Denizcilik E\u011fitimine Yeni Bir Bak\u0131\u015f A\u00e7\u0131s\u0131","potentialAction":[{"@type":"SearchAction","target":{"@type":"EntryPoint","urlTemplate":"https:\/\/e-marineeducation.com\/tr\/?s={search_term_string}"},"query-input":{"@type":"PropertyValueSpecification","valueRequired":true,"valueName":"search_term_string"}}],"inLanguage":"tr"},{"@type":"Person","@id":"https:\/\/e-marineeducation.com\/tr\/#\/schema\/person\/024ed73576ec3cb0c3c4140677f0f9ba","name":"H\u00fcseyin Altay Yontan","image":{"@type":"ImageObject","inLanguage":"tr","@id":"https:\/\/e-marineeducation.com\/tr\/wp-content\/uploads\/avatars\/14\/1579628684-bpfull.jpg","url":"https:\/\/e-marineeducation.com\/tr\/wp-content\/uploads\/avatars\/14\/1579628684-bpfull.jpg","contentUrl":"https:\/\/e-marineeducation.com\/tr\/wp-content\/uploads\/avatars\/14\/1579628684-bpfull.jpg","caption":"H\u00fcseyin Altay Yontan"},"description":"Genel Koordinat\u00f6r | General Coordinator","sameAs":["https:\/\/e-marineeducation.com\/tr\/profil-huseyin-altay-yontan\/","https:\/\/www.facebook.com\/hayontan","https:\/\/www.instagram.com\/hayontan\/","https:\/\/www.linkedin.com\/in\/hayontan","https:\/\/x.com\/hayontan"],"url":"https:\/\/e-marineeducation.com\/tr\/author\/hayontan\/"}]}},"_links":{"self":[{"href":"https:\/\/e-marineeducation.com\/tr\/wp-json\/wp\/v2\/posts\/12720","targetHints":{"allow":["GET"]}}],"collection":[{"href":"https:\/\/e-marineeducation.com\/tr\/wp-json\/wp\/v2\/posts"}],"about":[{"href":"https:\/\/e-marineeducation.com\/tr\/wp-json\/wp\/v2\/types\/post"}],"author":[{"embeddable":true,"href":"https:\/\/e-marineeducation.com\/tr\/wp-json\/wp\/v2\/users\/14"}],"replies":[{"embeddable":true,"href":"https:\/\/e-marineeducation.com\/tr\/wp-json\/wp\/v2\/comments?post=12720"}],"version-history":[{"count":0,"href":"https:\/\/e-marineeducation.com\/tr\/wp-json\/wp\/v2\/posts\/12720\/revisions"}],"wp:featuredmedia":[{"embeddable":true,"href":"https:\/\/e-marineeducation.com\/tr\/wp-json\/wp\/v2\/media\/4689"}],"wp:attachment":[{"href":"https:\/\/e-marineeducation.com\/tr\/wp-json\/wp\/v2\/media?parent=12720"}],"wp:term":[{"taxonomy":"category","embeddable":true,"href":"https:\/\/e-marineeducation.com\/tr\/wp-json\/wp\/v2\/categories?post=12720"},{"taxonomy":"post_tag","embeddable":true,"href":"https:\/\/e-marineeducation.com\/tr\/wp-json\/wp\/v2\/tags?post=12720"}],"curies":[{"name":"wp","href":"https:\/\/api.w.org\/{rel}","templated":true}]}}