

{"id":12334,"date":"2013-11-12T20:52:21","date_gmt":"2013-11-12T18:52:21","guid":{"rendered":"https:\/\/e-marineeducation.com\/tr\/?p=12334"},"modified":"2013-11-12T20:52:21","modified_gmt":"2013-11-12T18:52:21","slug":"deu-denizcilik-fakultesinde-man-dizel-ve-turbo-motorlari-tanitimi-gerceklestirildi","status":"publish","type":"post","link":"https:\/\/e-marineeducation.com\/tr\/deu-denizcilik-fakultesinde-man-dizel-ve-turbo-motorlari-tanitimi-gerceklestirildi\/","title":{"rendered":"DE\u00dc Denizcilik Fak\u00fcltesi\u2019nde MAN Dizel ve Turbo Motorlar\u0131 Tan\u0131t\u0131m\u0131 Ger\u00e7ekle\u015ftirildi"},"content":{"rendered":"<p style=\"text-align: justify\"><img loading=\"lazy\" decoding=\"async\" class=\"size-full wp-image-1067 alignleft\" alt=\"Dokuz-Eyl\u00fcl-\u00dcniversitesi-Logo\" src=\"https:\/\/e-marineeducation.com\/tr\/wp-content\/uploads\/Dokuz-Eyl\u00fcl-\u00dcniversitesi-Logo.png\" width=\"127\" height=\"127\" srcset=\"https:\/\/e-marineeducation.com\/tr\/wp-content\/uploads\/Dokuz-Eyl\u00fcl-\u00dcniversitesi-Logo.png 127w, https:\/\/e-marineeducation.com\/tr\/wp-content\/uploads\/Dokuz-Eyl\u00fcl-\u00dcniversitesi-Logo-74x74.png 74w\" sizes=\"auto, (max-width: 127px) 100vw, 127px\" \/>MAN <em><span style=\"color: #3366cc\">Dizel<\/span><\/em> ve <em><span style=\"color: #3366cc\">Turbo<\/span><\/em> Motorlar\u0131 tan\u0131t\u0131m konferans\u0131 <em><span style=\"color: #3366cc\">06 Kas\u0131m 2013<\/span><\/em> \u00c7ar\u015famba G\u00fcn\u00fc Dokuz Eyl\u00fcl \u00dcniversitesi Denizcilik Fak\u00fcltesi \u00c7aka Bey Deniz Feneri Konferans Salonu\u2019nda ger\u00e7ekle\u015fti.<\/p>\n<table style=\"height: 20px\" border=\"0\">\n<tbody>\n<tr>\n<td><\/td>\n<\/tr>\n<\/tbody>\n<\/table>\n<p style=\"text-align: justify\">A\u00e7\u0131l\u0131\u015f konu\u015fmac\u0131s\u0131 olarak k\u00fcrs\u00fcye gelen Dokuz Eyl\u00fcl \u00dcniversitesi Denizcilik Fak\u00fcltesi Gemi Makineleri \u0130\u015fletme M\u00fchendisli\u011fi B\u00f6l\u00fcm Ba\u015fkan\u0131 Yrd. Prof. Dr. Say\u0131n <em><span style=\"color: #3366cc\">Ender ASYALI<\/span><\/em>, MAN\u2019\u0131n Avrupa\u2019daki makine par\u00e7alar\u0131 ve motor \u00fcretiminde <em><span style=\"color: #3366cc\">lider<\/span><\/em> oldu\u011funu s\u00f6yledi. MAN\u2019\u0131n \u00fc\u00e7 b\u00fcy\u00fck \u2018\u2019<em><span style=\"color: #3366cc\">mega trend<\/span><\/em>\u2019\u2019i oldu\u011fundan bahseden Say\u0131n Asyal\u0131 her ko\u015fulda enerji ihtiyac\u0131n\u0131n artaca\u011f\u0131n\u0131 ve MAN\u2019\u0131n bu konu \u00fczerindeki \u00e7al\u0131\u015fmalar\u0131n\u0131n b\u00fcy\u00fck yer kaplad\u0131\u011f\u0131ndan bahsetti. Say\u0131n Asyal\u0131 konu\u015fmac\u0131lara de\u011ferli kat\u0131l\u0131mlar\u0131ndan dolay\u0131 te\u015fekk\u00fcrlerini sunarak konu\u015fmas\u0131n\u0131 sonland\u0131rd\u0131.<\/p>\n<table style=\"height: 20px\" border=\"0\">\n<tbody>\n<tr>\n<td><\/td>\n<\/tr>\n<\/tbody>\n<\/table>\n<p style=\"text-align: justify\">Ard\u0131ndan k\u00fcrs\u00fcye \u00e7\u0131kan MAN T\u00fcrkiye Dizel ve Turbo Sat\u0131\u015f Servis Ltd. \u015eti. M\u00fcd\u00fcr\u00fc Say\u0131n <em><span style=\"color: #3366cc\">Kemal O\u011fuz \u00c7OBAN<\/span><\/em>, \u0130stanbul\u2019da 2008 y\u0131l\u0131nda hizmete ba\u015flad\u0131klar\u0131n\u0131 ve be\u015f y\u0131l i\u00e7inde iki kat b\u00fcy\u00fcd\u00fcklerini belirtti. Tersanede bak\u0131m ve her \u00e7e\u015fit makine par\u00e7as\u0131n\u0131n yan\u0131 s\u0131ra elektriksel par\u00e7alar\u0131n da sat\u0131\u015f\u0131n\u0131 yapt\u0131klar\u0131n\u0131 anlatan Say\u0131n \u00c7oban, <em><span style=\"color: #3366cc\">T\u00fcrk denizcili\u011finde<\/span><\/em> MAN\u2019\u0131n \u00f6nemli bir sat\u0131\u015f hacminin oldu\u011funu da s\u00f6zlerine ekledi.<\/p>\n<table style=\"height: 20px\" border=\"0\">\n<tbody>\n<tr>\n<td><\/td>\n<\/tr>\n<\/tbody>\n<\/table>\n<p style=\"text-align: justify\">\u00dc\u00e7\u00fcnc\u00fc konu\u015fmac\u0131 olarak MAN Dizel ve Turbo Makineleri \u0130\u015f Ortaklar\u0131 ve Y\u00f6netim Ba\u015fkan\u0131 Say\u0131n <em><span style=\"color: #3366cc\">Steen LEMMERGAARD<\/span><\/em>, MAN\u2019\u0131n D\u00fcnya\u2019da olduk\u00e7a ad\u0131n\u0131n duyuldu\u011funu ve t\u00fcm D\u00fcnya\u2019da makine par\u00e7as\u0131 \u00fcretim ve geli\u015fimi i\u00e7in tesisleri oldu\u011funu vurgulad\u0131. E\u011fer T\u00fcrkiye\u2019de MAN motorlarla \u00e7al\u0131\u015f\u0131yorsak bu motorlar\u0131n neredeyse hepsinin <em><span style=\"color: #3366cc\">iki devirli makineler<\/span><\/em> oldu\u011funun \u00fcst\u00fcnde duran Say\u0131n Lemmergaard yeni geli\u015ftirdikleri motorlar\u0131n <em><span style=\"color: #3366cc\">enerji sevkiyat\u0131nda<\/span><\/em> kolayl\u0131k sa\u011flad\u0131\u011f\u0131ndan bahsetti. Otomasyonlu makinelerin manuel makinelere g\u00f6re daha kolay kontrol edilebildi\u011fi i\u00e7in daha \u00e7ok tercih edildi\u011fini \u00e7\u00fcnk\u00fc bu t\u00fcr makinelerin enerji devinimi ve yak\u0131t harcamada <em><span style=\"color: #3366cc\">%3-7<\/span><\/em> aras\u0131nda daha verimli \u00e7al\u0131\u015ft\u0131klar\u0131n\u0131 s\u00f6yledi.<\/p>\n<table style=\"height: 20px\" border=\"0\">\n<tbody>\n<tr>\n<td><\/td>\n<\/tr>\n<\/tbody>\n<\/table>\n<p style=\"text-align: justify\">Son konu\u015fmac\u0131 olarak MAN Dizel Ve Turbo Makineleri K\u00fcresel Muhasebe Sorumlusu Say\u0131n <em><span style=\"color: #3366cc\">Sephardim KOBLENZ<\/span><\/em> k\u00fcrs\u00fcye geldi. Konu\u015fmas\u0131n\u0131n ana konusu olarak <em><span style=\"color: #3366cc\">turbo \u015farj\u00f6rlerin etkileri<\/span><\/em> ve <em><span style=\"color: #3366cc\">geli\u015ftirilmesi<\/span><\/em> olanaklar\u0131ndan bahsetti. Turbo \u015farj\u00f6rlerin makineye aksesuar olarak oturtulmu\u015f bir aparat olmad\u0131\u011f\u0131n\u0131, aksine makinenin turbo \u015farj\u00f6rler ile \u00e7al\u0131\u015ft\u0131\u011f\u0131nda <em><span style=\"color: #3366cc\">%300<\/span><\/em> daha verimli oldu\u011funu s\u00f6yledi. Turbo \u015farj\u00f6rlerin bu denli bir enerji sa\u011flay\u0131\u015f\u0131n\u0131n yan\u0131 s\u0131ra makine sa\u011fl\u0131\u011f\u0131 ve \u00e7al\u0131\u015fanlar\u0131n i\u015f kolayl\u0131\u011f\u0131 i\u00e7in \u00e7ok etkili par\u00e7alar oldu\u011funu belirten Say\u0131n Koblenz, bu sekt\u00f6rde<em><span style=\"color: #3366cc\"> en iyi<\/span> <\/em>ve <em><span style=\"color: #3366cc\">en yayg\u0131n<\/span><\/em> firmalardan biri olduklar\u0131n\u0131n alt\u0131n\u0131 \u00e7izdi. MAN\u2019\u0131n Denizcilik Birimi\u2019nin t\u00fcm fabrikaya oranla \u00e7ok k\u00fc\u00e7\u00fck bir tesisi kaplad\u0131\u011f\u0131n\u0131 ve bunun gemi makineleri ve turbo \u015farj\u00f6rlerin geli\u015fimi i\u00e7in di\u011fer sekt\u00f6rlerle beraber \u00e7al\u0131\u015fabileceklerini s\u00f6yledi. Turbo \u015farj\u00f6rleri geli\u015ftirirken ula\u015ft\u0131klar\u0131 seviyenin gerekli kontroller yap\u0131ld\u0131\u011f\u0131nda <em><span style=\"color: #3366cc\">be\u015f y\u0131l<\/span><\/em> boyunca aral\u0131ks\u0131z \u00e7al\u0131\u015fan makinelere uzand\u0131\u011f\u0131n\u0131 da anlatan Say\u0131n Koblenz konu\u015fmas\u0131n\u0131 sonland\u0131rd\u0131. Konferans soru cevap b\u00f6l\u00fcm\u00fcn\u00fcn ard\u0131ndan kat\u0131l\u0131mc\u0131lara te\u015fekk\u00fcr plaketi takdimi ile son buldu.<\/p>\n<table style=\"height: 20px\" border=\"0\">\n<tbody>\n<tr>\n<td><\/td>\n<\/tr>\n<\/tbody>\n<\/table>\n<p style=\"text-align: justify\"><strong>Haber: <span style=\"text-decoration: underline\"><span style=\"color: #3366cc\"><a href=\"https:\/\/e-marineeducation.com\/tr\/profil-fatih-koca\/\" target=\"_blank\"><span style=\"color: #3366cc;text-decoration: underline\">Fatih Koca<\/span><\/a><\/span><\/span><\/strong><\/p>\n<p style=\"text-align: justify\"><strong>Edit\u00f6r: <span style=\"text-decoration: underline\"><span style=\"color: #3366cc\"><a href=\"https:\/\/e-marineeducation.com\/tr\/profil-orkut-akar\/\" target=\"_blank\"><span style=\"color: #3366cc;text-decoration: underline\">Orkut Akar<\/span><\/a><\/span><\/span><\/strong><\/p>\n<p style=\"text-align: justify\"><strong> Ekleyen: <span style=\"text-decoration: underline\"><span style=\"color: #3366cc\"><a href=\"https:\/\/e-marineeducation.com\/tr\/profil-gamze-nur-yalcin\/\" target=\"_blank\"><span style=\"color: #3366cc;text-decoration: underline\">Gamze Nur Yal\u00e7\u0131n<\/span><\/a><\/span><\/span><\/strong><\/p>\n<table style=\"height: 20px\" border=\"0\">\n<tbody>\n<tr>\n<td><\/td>\n<\/tr>\n<\/tbody>\n<\/table>\n<p style=\"text-align: center\"><img loading=\"lazy\" decoding=\"async\" class=\"size-full wp-image-12341 aligncenter\" alt=\"MAN Dizel ve Turbo Motorlar\u0131 Tan\u0131t\u0131m\u0131 Yrd. Prof. Dr. Say\u0131n Ender ASYALI\" src=\"https:\/\/e-marineeducation.com\/tr\/wp-content\/uploads\/MAN-Dizel-ve-Turbo-Motorlar\u0131-Tan\u0131t\u0131m\u0131-Yrd.-Prof.-Dr.-Say\u0131n-Ender-ASYALI.jpg\" width=\"595\" height=\"397\" srcset=\"https:\/\/e-marineeducation.com\/tr\/wp-content\/uploads\/MAN-Dizel-ve-Turbo-Motorlar\u0131-Tan\u0131t\u0131m\u0131-Yrd.-Prof.-Dr.-Say\u0131n-Ender-ASYALI.jpg 595w, https:\/\/e-marineeducation.com\/tr\/wp-content\/uploads\/MAN-Dizel-ve-Turbo-Motorlar\u0131-Tan\u0131t\u0131m\u0131-Yrd.-Prof.-Dr.-Say\u0131n-Ender-ASYALI-150x100.jpg 150w, https:\/\/e-marineeducation.com\/tr\/wp-content\/uploads\/MAN-Dizel-ve-Turbo-Motorlar\u0131-Tan\u0131t\u0131m\u0131-Yrd.-Prof.-Dr.-Say\u0131n-Ender-ASYALI-300x200.jpg 300w\" sizes=\"auto, (max-width: 595px) 100vw, 595px\" \/><\/p>\n<table style=\"height: 20px\" border=\"0\">\n<tbody>\n<tr>\n<td><\/td>\n<\/tr>\n<\/tbody>\n<\/table>\n<p style=\"text-align: center\"><img loading=\"lazy\" decoding=\"async\" class=\"size-full wp-image-12342 aligncenter\" alt=\"MAN T\u00fcrkiye Dizel ve Turbo Sat\u0131\u015f Servis Ltd. \u015eti. M\u00fcd\u00fcr\u00fc Say\u0131n Kemal O\u011fuz \u00c7OBAN\" src=\"https:\/\/e-marineeducation.com\/tr\/wp-content\/uploads\/MAN-T\u00fcrkiye-Dizel-ve-Turbo-Sat\u0131\u015f-Servis-Ltd.-\u015eti.-M\u00fcd\u00fcr\u00fc-Say\u0131n-Kemal-O\u011fuz-\u00c7OBAN.jpg\" width=\"595\" height=\"397\" srcset=\"https:\/\/e-marineeducation.com\/tr\/wp-content\/uploads\/MAN-T\u00fcrkiye-Dizel-ve-Turbo-Sat\u0131\u015f-Servis-Ltd.-\u015eti.-M\u00fcd\u00fcr\u00fc-Say\u0131n-Kemal-O\u011fuz-\u00c7OBAN.jpg 595w, https:\/\/e-marineeducation.com\/tr\/wp-content\/uploads\/MAN-T\u00fcrkiye-Dizel-ve-Turbo-Sat\u0131\u015f-Servis-Ltd.-\u015eti.-M\u00fcd\u00fcr\u00fc-Say\u0131n-Kemal-O\u011fuz-\u00c7OBAN-150x100.jpg 150w, https:\/\/e-marineeducation.com\/tr\/wp-content\/uploads\/MAN-T\u00fcrkiye-Dizel-ve-Turbo-Sat\u0131\u015f-Servis-Ltd.-\u015eti.-M\u00fcd\u00fcr\u00fc-Say\u0131n-Kemal-O\u011fuz-\u00c7OBAN-300x200.jpg 300w\" sizes=\"auto, (max-width: 595px) 100vw, 595px\" \/><\/p>\n<table style=\"height: 20px\" border=\"0\">\n<tbody>\n<tr>\n<td><\/td>\n<\/tr>\n<\/tbody>\n<\/table>\n<p style=\"text-align: center\"><img loading=\"lazy\" decoding=\"async\" class=\"size-full wp-image-12340 aligncenter\" alt=\"MAN Dizel ve Turbo Motorlar\u0131 Tan\u0131t\u0131m\u0131 Dokuz Eyl\u00fcl \u00dcniversitesi olarak MAN Dizel ve Turbo Makineleri \u0130\u015f Ortaklar\u0131 ve Y\u00f6netim Ba\u015fkan\u0131 Say\u0131n Steen LEMMERGAARD\" src=\"https:\/\/e-marineeducation.com\/tr\/wp-content\/uploads\/MAN-Dizel-ve-Turbo-Motorlar\u0131-Tan\u0131t\u0131m\u0131-Dokuz-Eyl\u00fcl-\u00dcniversitesi-olarak-MAN-Dizel-ve-Turbo-Makineleri-\u0130\u015f-Ortaklar\u0131-ve-Y\u00f6netim-Ba\u015fkan\u0131-Say\u0131n-Steen-LEMMERGAARD.jpg\" width=\"595\" height=\"397\" srcset=\"https:\/\/e-marineeducation.com\/tr\/wp-content\/uploads\/MAN-Dizel-ve-Turbo-Motorlar\u0131-Tan\u0131t\u0131m\u0131-Dokuz-Eyl\u00fcl-\u00dcniversitesi-olarak-MAN-Dizel-ve-Turbo-Makineleri-\u0130\u015f-Ortaklar\u0131-ve-Y\u00f6netim-Ba\u015fkan\u0131-Say\u0131n-Steen-LEMMERGAARD.jpg 595w, https:\/\/e-marineeducation.com\/tr\/wp-content\/uploads\/MAN-Dizel-ve-Turbo-Motorlar\u0131-Tan\u0131t\u0131m\u0131-Dokuz-Eyl\u00fcl-\u00dcniversitesi-olarak-MAN-Dizel-ve-Turbo-Makineleri-\u0130\u015f-Ortaklar\u0131-ve-Y\u00f6netim-Ba\u015fkan\u0131-Say\u0131n-Steen-LEMMERGAARD-150x100.jpg 150w, https:\/\/e-marineeducation.com\/tr\/wp-content\/uploads\/MAN-Dizel-ve-Turbo-Motorlar\u0131-Tan\u0131t\u0131m\u0131-Dokuz-Eyl\u00fcl-\u00dcniversitesi-olarak-MAN-Dizel-ve-Turbo-Makineleri-\u0130\u015f-Ortaklar\u0131-ve-Y\u00f6netim-Ba\u015fkan\u0131-Say\u0131n-Steen-LEMMERGAARD-300x200.jpg 300w\" sizes=\"auto, (max-width: 595px) 100vw, 595px\" \/><\/p>\n<table style=\"height: 20px\" border=\"0\">\n<tbody>\n<tr>\n<td><\/td>\n<\/tr>\n<\/tbody>\n<\/table>\n<p style=\"text-align: center\"><img loading=\"lazy\" decoding=\"async\" class=\"size-full wp-image-12339 aligncenter\" alt=\"MAN Dizel ve Turbo Motorlar\u0131 Tan\u0131t\u0131m\u0131 Dokuz Eyl\u00fcl \u00dcniversitesi Denizcilik Fak\u00fcltesi\" src=\"https:\/\/e-marineeducation.com\/tr\/wp-content\/uploads\/MAN-Dizel-ve-Turbo-Motorlar\u0131-Tan\u0131t\u0131m\u0131-Dokuz-Eyl\u00fcl-\u00dcniversitesi-Denizcilik-Fak\u00fcltesi.jpg\" width=\"595\" height=\"397\" srcset=\"https:\/\/e-marineeducation.com\/tr\/wp-content\/uploads\/MAN-Dizel-ve-Turbo-Motorlar\u0131-Tan\u0131t\u0131m\u0131-Dokuz-Eyl\u00fcl-\u00dcniversitesi-Denizcilik-Fak\u00fcltesi.jpg 595w, https:\/\/e-marineeducation.com\/tr\/wp-content\/uploads\/MAN-Dizel-ve-Turbo-Motorlar\u0131-Tan\u0131t\u0131m\u0131-Dokuz-Eyl\u00fcl-\u00dcniversitesi-Denizcilik-Fak\u00fcltesi-150x100.jpg 150w, https:\/\/e-marineeducation.com\/tr\/wp-content\/uploads\/MAN-Dizel-ve-Turbo-Motorlar\u0131-Tan\u0131t\u0131m\u0131-Dokuz-Eyl\u00fcl-\u00dcniversitesi-Denizcilik-Fak\u00fcltesi-300x200.jpg 300w\" sizes=\"auto, (max-width: 595px) 100vw, 595px\" \/><\/p>\n","protected":false},"excerpt":{"rendered":"<p>MAN Dizel ve Turbo Motorlar\u0131 tan\u0131t\u0131m konferans\u0131 06 Kas\u0131m 2013 \u00c7ar\u015famba G\u00fcn\u00fc Dokuz Eyl\u00fcl \u00dcniversitesi Denizcilik Fak\u00fcltesi \u00c7aka Bey Deniz Feneri Konferans Salonu\u2019nda ger\u00e7ekle\u015fti. A\u00e7\u0131l\u0131\u015f konu\u015fmac\u0131s\u0131 olarak k\u00fcrs\u00fcye gelen Dokuz Eyl\u00fcl \u00dcniversitesi Denizcilik Fak\u00fcltesi Gemi Makineleri \u0130\u015fletme M\u00fchendisli\u011fi B\u00f6l\u00fcm Ba\u015fkan\u0131 Yrd. Prof. Dr. Say\u0131n Ender ASYALI, MAN\u2019\u0131n Avrupa\u2019daki makine par\u00e7alar\u0131 ve motor \u00fcretiminde lider oldu\u011funu &hellip;<\/p>\n","protected":false},"author":1578,"featured_media":1465,"comment_status":"open","ping_status":"open","sticky":false,"template":"","format":"standard","meta":{"_acf_changed":false,"_bbp_topic_count":0,"_bbp_reply_count":0,"_bbp_total_topic_count":0,"_bbp_total_reply_count":0,"_bbp_voice_count":0,"_bbp_anonymous_reply_count":0,"_bbp_topic_count_hidden":0,"_bbp_reply_count_hidden":0,"_bbp_forum_subforum_count":0,"footnotes":""},"categories":[18],"tags":[145,451,1044,1472,1625,1624,1628,1003,1627,1626,1623],"class_list":["post-12334","post","type-post","status-publish","format-standard","has-post-thumbnail","","category-haberler","tag-dokuz-eylul-universitesi","tag-dokuz-eylul-universitesi-denizcilik-fakultesi","tag-fatih-koca-haberleri","tag-gamze-nur-yalcin-eklemeleri","tag-kemal-oguz-coban","tag-man","tag-man-turkiye-dizel-ve-turbo-satis-servis-ltd-sti","tag-orkut-akar-duzenlemeleri","tag-sephardim-koblenz","tag-steen-lemmergaard","tag-yrd-prof-dr-sayin-ender-asyali"],"acf":[],"yoast_head":"<!-- This site is optimized with the Yoast SEO plugin v27.4 - https:\/\/yoast.com\/product\/yoast-seo-wordpress\/ -->\n<title>DE\u00dc Denizcilik Fak\u00fcltesi\u2019nde MAN Dizel ve Turbo Motorlar\u0131 Tan\u0131t\u0131m\u0131 Ger\u00e7ekle\u015ftirildi - e-MarineEducation.com<\/title>\n<meta name=\"description\" content=\"DE\u00dc Denizcilik Fak\u00fcltesi\u2019nde MAN Dizel ve Turbo Motorlar\u0131 Tan\u0131t\u0131m\u0131 Ger\u00e7ekle\u015ftirilmesiyle ilgili yaz\u0131d\u0131r.\" \/>\n<meta name=\"robots\" content=\"index, follow, max-snippet:-1, max-image-preview:large, max-video-preview:-1\" \/>\n<link rel=\"canonical\" href=\"https:\/\/e-marineeducation.com\/tr\/deu-denizcilik-fakultesinde-man-dizel-ve-turbo-motorlari-tanitimi-gerceklestirildi\/\" \/>\n<meta property=\"og:locale\" content=\"tr_TR\" \/>\n<meta property=\"og:type\" content=\"article\" \/>\n<meta property=\"og:title\" content=\"DE\u00dc Denizcilik Fak\u00fcltesi\u2019nde MAN Dizel ve Turbo Motorlar\u0131 Tan\u0131t\u0131m\u0131 Ger\u00e7ekle\u015ftirildi - e-MarineEducation.com\" \/>\n<meta property=\"og:description\" content=\"DE\u00dc Denizcilik Fak\u00fcltesi\u2019nde MAN Dizel ve Turbo Motorlar\u0131 Tan\u0131t\u0131m\u0131 Ger\u00e7ekle\u015ftirilmesiyle ilgili yaz\u0131d\u0131r.\" \/>\n<meta property=\"og:url\" content=\"https:\/\/e-marineeducation.com\/tr\/deu-denizcilik-fakultesinde-man-dizel-ve-turbo-motorlari-tanitimi-gerceklestirildi\/\" \/>\n<meta property=\"og:site_name\" content=\"e-MarineEducation.com\" \/>\n<meta property=\"article:published_time\" content=\"2013-11-12T18:52:21+00:00\" \/>\n<meta property=\"og:image\" content=\"https:\/\/e-marineeducation.com\/tr\/wp-content\/uploads\/Dokuz-Eyl\u00fcl-\u00dcniversitesi-Logo-Simge.png\" \/>\n\t<meta property=\"og:image:width\" content=\"74\" \/>\n\t<meta property=\"og:image:height\" content=\"74\" \/>\n\t<meta property=\"og:image:type\" content=\"image\/png\" \/>\n<meta name=\"author\" content=\"Gamze Nur Yal\u00e7\u0131n\" \/>\n<meta name=\"twitter:card\" content=\"summary_large_image\" \/>\n<meta name=\"twitter:label1\" content=\"Yazan:\" \/>\n\t<meta name=\"twitter:data1\" content=\"Gamze Nur Yal\u00e7\u0131n\" \/>\n\t<meta name=\"twitter:label2\" content=\"Tahmini okuma s\u00fcresi\" \/>\n\t<meta name=\"twitter:data2\" content=\"3 dakika\" \/>\n<script type=\"application\/ld+json\" class=\"yoast-schema-graph\">{\"@context\":\"https:\\\/\\\/schema.org\",\"@graph\":[{\"@type\":\"Article\",\"@id\":\"https:\\\/\\\/e-marineeducation.com\\\/tr\\\/deu-denizcilik-fakultesinde-man-dizel-ve-turbo-motorlari-tanitimi-gerceklestirildi\\\/#article\",\"isPartOf\":{\"@id\":\"https:\\\/\\\/e-marineeducation.com\\\/tr\\\/deu-denizcilik-fakultesinde-man-dizel-ve-turbo-motorlari-tanitimi-gerceklestirildi\\\/\"},\"author\":{\"name\":\"Gamze Nur Yal\u00e7\u0131n\",\"@id\":\"https:\\\/\\\/e-marineeducation.com\\\/tr\\\/#\\\/schema\\\/person\\\/07dcd9e111b38498eb2a2b311cac9cb8\"},\"headline\":\"DE\u00dc Denizcilik Fak\u00fcltesi\u2019nde MAN Dizel ve Turbo Motorlar\u0131 Tan\u0131t\u0131m\u0131 Ger\u00e7ekle\u015ftirildi\",\"datePublished\":\"2013-11-12T18:52:21+00:00\",\"mainEntityOfPage\":{\"@id\":\"https:\\\/\\\/e-marineeducation.com\\\/tr\\\/deu-denizcilik-fakultesinde-man-dizel-ve-turbo-motorlari-tanitimi-gerceklestirildi\\\/\"},\"wordCount\":605,\"commentCount\":0,\"image\":{\"@id\":\"https:\\\/\\\/e-marineeducation.com\\\/tr\\\/deu-denizcilik-fakultesinde-man-dizel-ve-turbo-motorlari-tanitimi-gerceklestirildi\\\/#primaryimage\"},\"thumbnailUrl\":\"https:\\\/\\\/e-marineeducation.com\\\/tr\\\/wp-content\\\/uploads\\\/Dokuz-Eyl\u00fcl-\u00dcniversitesi-Logo-Simge.png\",\"keywords\":[\"dokuz eyl\u00fcl \u00fcniversitesi\",\"dokuz eyl\u00fcl \u00fcniversitesi denizcilik fak\u00fcltesi\",\"Fatih Koca Haberleri\",\"Gamze Nur Yal\u00e7\u0131n Eklemeleri\",\"Kemal O\u011fuz \u00c7oban\",\"MAN\",\"MAN T\u00fcrkiye Dizel ve Turbo Sat\u0131\u015f Servis Ltd. \u015eti.\",\"Orkut Akar D\u00fczenlemeleri\",\"Sephardim KOBLENZ\",\"Steen LEMMERGAARD\",\"Yrd. Prof. Dr. Say\u0131n Ender ASYALI\"],\"articleSection\":[\"Haberler\"],\"inLanguage\":\"tr\",\"potentialAction\":[{\"@type\":\"CommentAction\",\"name\":\"Comment\",\"target\":[\"https:\\\/\\\/e-marineeducation.com\\\/tr\\\/deu-denizcilik-fakultesinde-man-dizel-ve-turbo-motorlari-tanitimi-gerceklestirildi\\\/#respond\"]}]},{\"@type\":\"WebPage\",\"@id\":\"https:\\\/\\\/e-marineeducation.com\\\/tr\\\/deu-denizcilik-fakultesinde-man-dizel-ve-turbo-motorlari-tanitimi-gerceklestirildi\\\/\",\"url\":\"https:\\\/\\\/e-marineeducation.com\\\/tr\\\/deu-denizcilik-fakultesinde-man-dizel-ve-turbo-motorlari-tanitimi-gerceklestirildi\\\/\",\"name\":\"DE\u00dc Denizcilik Fak\u00fcltesi\u2019nde MAN Dizel ve Turbo Motorlar\u0131 Tan\u0131t\u0131m\u0131 Ger\u00e7ekle\u015ftirildi - e-MarineEducation.com\",\"isPartOf\":{\"@id\":\"https:\\\/\\\/e-marineeducation.com\\\/tr\\\/#website\"},\"primaryImageOfPage\":{\"@id\":\"https:\\\/\\\/e-marineeducation.com\\\/tr\\\/deu-denizcilik-fakultesinde-man-dizel-ve-turbo-motorlari-tanitimi-gerceklestirildi\\\/#primaryimage\"},\"image\":{\"@id\":\"https:\\\/\\\/e-marineeducation.com\\\/tr\\\/deu-denizcilik-fakultesinde-man-dizel-ve-turbo-motorlari-tanitimi-gerceklestirildi\\\/#primaryimage\"},\"thumbnailUrl\":\"https:\\\/\\\/e-marineeducation.com\\\/tr\\\/wp-content\\\/uploads\\\/Dokuz-Eyl\u00fcl-\u00dcniversitesi-Logo-Simge.png\",\"datePublished\":\"2013-11-12T18:52:21+00:00\",\"author\":{\"@id\":\"https:\\\/\\\/e-marineeducation.com\\\/tr\\\/#\\\/schema\\\/person\\\/07dcd9e111b38498eb2a2b311cac9cb8\"},\"description\":\"DE\u00dc Denizcilik Fak\u00fcltesi\u2019nde MAN Dizel ve Turbo Motorlar\u0131 Tan\u0131t\u0131m\u0131 Ger\u00e7ekle\u015ftirilmesiyle ilgili yaz\u0131d\u0131r.\",\"breadcrumb\":{\"@id\":\"https:\\\/\\\/e-marineeducation.com\\\/tr\\\/deu-denizcilik-fakultesinde-man-dizel-ve-turbo-motorlari-tanitimi-gerceklestirildi\\\/#breadcrumb\"},\"inLanguage\":\"tr\",\"potentialAction\":[{\"@type\":\"ReadAction\",\"target\":[\"https:\\\/\\\/e-marineeducation.com\\\/tr\\\/deu-denizcilik-fakultesinde-man-dizel-ve-turbo-motorlari-tanitimi-gerceklestirildi\\\/\"]}]},{\"@type\":\"ImageObject\",\"inLanguage\":\"tr\",\"@id\":\"https:\\\/\\\/e-marineeducation.com\\\/tr\\\/deu-denizcilik-fakultesinde-man-dizel-ve-turbo-motorlari-tanitimi-gerceklestirildi\\\/#primaryimage\",\"url\":\"https:\\\/\\\/e-marineeducation.com\\\/tr\\\/wp-content\\\/uploads\\\/Dokuz-Eyl\u00fcl-\u00dcniversitesi-Logo-Simge.png\",\"contentUrl\":\"https:\\\/\\\/e-marineeducation.com\\\/tr\\\/wp-content\\\/uploads\\\/Dokuz-Eyl\u00fcl-\u00dcniversitesi-Logo-Simge.png\",\"width\":\"74\",\"height\":\"74\"},{\"@type\":\"BreadcrumbList\",\"@id\":\"https:\\\/\\\/e-marineeducation.com\\\/tr\\\/deu-denizcilik-fakultesinde-man-dizel-ve-turbo-motorlari-tanitimi-gerceklestirildi\\\/#breadcrumb\",\"itemListElement\":[{\"@type\":\"ListItem\",\"position\":1,\"name\":\"Ana sayfa\",\"item\":\"https:\\\/\\\/e-marineeducation.com\\\/tr\\\/\"},{\"@type\":\"ListItem\",\"position\":2,\"name\":\"DE\u00dc Denizcilik Fak\u00fcltesi\u2019nde MAN Dizel ve Turbo Motorlar\u0131 Tan\u0131t\u0131m\u0131 Ger\u00e7ekle\u015ftirildi\"}]},{\"@type\":\"WebSite\",\"@id\":\"https:\\\/\\\/e-marineeducation.com\\\/tr\\\/#website\",\"url\":\"https:\\\/\\\/e-marineeducation.com\\\/tr\\\/\",\"name\":\"e-MarineEducation.com\",\"description\":\"Denizcilik E\u011fitimine Yeni Bir Bak\u0131\u015f A\u00e7\u0131s\u0131\",\"potentialAction\":[{\"@type\":\"SearchAction\",\"target\":{\"@type\":\"EntryPoint\",\"urlTemplate\":\"https:\\\/\\\/e-marineeducation.com\\\/tr\\\/?s={search_term_string}\"},\"query-input\":{\"@type\":\"PropertyValueSpecification\",\"valueRequired\":true,\"valueName\":\"search_term_string\"}}],\"inLanguage\":\"tr\"},{\"@type\":\"Person\",\"@id\":\"https:\\\/\\\/e-marineeducation.com\\\/tr\\\/#\\\/schema\\\/person\\\/07dcd9e111b38498eb2a2b311cac9cb8\",\"name\":\"Gamze Nur Yal\u00e7\u0131n\",\"image\":{\"@type\":\"ImageObject\",\"inLanguage\":\"tr\",\"@id\":\"https:\\\/\\\/e-marineeducation.com\\\/tr\\\/wp-content\\\/uploads\\\/avatars\\\/1578\\\/1400612874-bpfull.jpg\",\"url\":\"https:\\\/\\\/e-marineeducation.com\\\/tr\\\/wp-content\\\/uploads\\\/avatars\\\/1578\\\/1400612874-bpfull.jpg\",\"contentUrl\":\"https:\\\/\\\/e-marineeducation.com\\\/tr\\\/wp-content\\\/uploads\\\/avatars\\\/1578\\\/1400612874-bpfull.jpg\",\"caption\":\"Gamze Nur Yal\u00e7\u0131n\"},\"description\":\"11 A\u011fustos 1992 do\u011fumludur. \u0130lk ve orta dereceli okulunu 2006 y\u0131l\u0131nda \u0130stanbul\u2019da tamamlam\u0131\u015ft\u0131r. 2006 y\u0131l\u0131nda ba\u015flad\u0131\u011f\u0131 Dilek Sabanc\u0131 Anadolu Ticaret Meslek Lisesi D\u0131\u015f Ticaret B\u00f6l\u00fcm\u00fcn\u00fc 2010 y\u0131l\u0131nda \u00fc\u00e7\u00fcnc\u00fcl\u00fck ile tamamlay\u0131p ayn\u0131 y\u0131l \u0130stanbul\u2019da bulunan Bah\u00e7e\u015fehir \u00dcniversitesi Meslek Y\u00fcksekokulu Deniz ve Liman \u0130\u015fletmecili\u011fi program\u0131na devam etmi\u015ftir. 2012-2013 y\u0131llar\u0131 aras\u0131nda Bah\u00e7e\u015fehir \u00dcniversitesi \u015ei\u015fli Kamp\u00fcs\u00fc\u2019nde Denizcilik Programlar\u0131 Asistanl\u0131\u011f\u0131 g\u00f6revini s\u00fcrd\u00fcrm\u00fc\u015ft\u00fcr. 2012 y\u0131l\u0131nda Arkas Holding b\u00fcnyesindeki Marport Liman \u0130\u015fletmeleri\u2019nde staj\u0131n\u0131 tamamlay\u0131p 2013 y\u0131l\u0131nda \u00fcniversitedeki b\u00f6l\u00fcm\u00fcn\u00fc birincilik ile bitirmi\u015ftir. 2014 senesinde DGS s\u0131nav\u0131n\u0131 kazanarak \u015fuan Girne Amerikan \u00dcniversitesi\u2019nin G\u00fcverte b\u00f6l\u00fcm\u00fcnde e\u011fitim hayat\u0131na devam etmektedir.\",\"sameAs\":[\"https:\\\/\\\/e-marineeducation.com\\\/tr\\\/profil-gamze-nur-yalcin\\\/\"],\"url\":\"https:\\\/\\\/e-marineeducation.com\\\/tr\\\/author\\\/gamzeyalcin\\\/\"}]}<\/script>\n<!-- \/ Yoast SEO plugin. -->","yoast_head_json":{"title":"DE\u00dc Denizcilik Fak\u00fcltesi\u2019nde MAN Dizel ve Turbo Motorlar\u0131 Tan\u0131t\u0131m\u0131 Ger\u00e7ekle\u015ftirildi - e-MarineEducation.com","description":"DE\u00dc Denizcilik Fak\u00fcltesi\u2019nde MAN Dizel ve Turbo Motorlar\u0131 Tan\u0131t\u0131m\u0131 Ger\u00e7ekle\u015ftirilmesiyle ilgili yaz\u0131d\u0131r.","robots":{"index":"index","follow":"follow","max-snippet":"max-snippet:-1","max-image-preview":"max-image-preview:large","max-video-preview":"max-video-preview:-1"},"canonical":"https:\/\/e-marineeducation.com\/tr\/deu-denizcilik-fakultesinde-man-dizel-ve-turbo-motorlari-tanitimi-gerceklestirildi\/","og_locale":"tr_TR","og_type":"article","og_title":"DE\u00dc Denizcilik Fak\u00fcltesi\u2019nde MAN Dizel ve Turbo Motorlar\u0131 Tan\u0131t\u0131m\u0131 Ger\u00e7ekle\u015ftirildi - e-MarineEducation.com","og_description":"DE\u00dc Denizcilik Fak\u00fcltesi\u2019nde MAN Dizel ve Turbo Motorlar\u0131 Tan\u0131t\u0131m\u0131 Ger\u00e7ekle\u015ftirilmesiyle ilgili yaz\u0131d\u0131r.","og_url":"https:\/\/e-marineeducation.com\/tr\/deu-denizcilik-fakultesinde-man-dizel-ve-turbo-motorlari-tanitimi-gerceklestirildi\/","og_site_name":"e-MarineEducation.com","article_published_time":"2013-11-12T18:52:21+00:00","og_image":[{"width":74,"height":74,"url":"https:\/\/e-marineeducation.com\/tr\/wp-content\/uploads\/Dokuz-Eyl\u00fcl-\u00dcniversitesi-Logo-Simge.png","type":"image\/png"}],"author":"Gamze Nur Yal\u00e7\u0131n","twitter_card":"summary_large_image","twitter_misc":{"Yazan:":"Gamze Nur Yal\u00e7\u0131n","Tahmini okuma s\u00fcresi":"3 dakika"},"schema":{"@context":"https:\/\/schema.org","@graph":[{"@type":"Article","@id":"https:\/\/e-marineeducation.com\/tr\/deu-denizcilik-fakultesinde-man-dizel-ve-turbo-motorlari-tanitimi-gerceklestirildi\/#article","isPartOf":{"@id":"https:\/\/e-marineeducation.com\/tr\/deu-denizcilik-fakultesinde-man-dizel-ve-turbo-motorlari-tanitimi-gerceklestirildi\/"},"author":{"name":"Gamze Nur Yal\u00e7\u0131n","@id":"https:\/\/e-marineeducation.com\/tr\/#\/schema\/person\/07dcd9e111b38498eb2a2b311cac9cb8"},"headline":"DE\u00dc Denizcilik Fak\u00fcltesi\u2019nde MAN Dizel ve Turbo Motorlar\u0131 Tan\u0131t\u0131m\u0131 Ger\u00e7ekle\u015ftirildi","datePublished":"2013-11-12T18:52:21+00:00","mainEntityOfPage":{"@id":"https:\/\/e-marineeducation.com\/tr\/deu-denizcilik-fakultesinde-man-dizel-ve-turbo-motorlari-tanitimi-gerceklestirildi\/"},"wordCount":605,"commentCount":0,"image":{"@id":"https:\/\/e-marineeducation.com\/tr\/deu-denizcilik-fakultesinde-man-dizel-ve-turbo-motorlari-tanitimi-gerceklestirildi\/#primaryimage"},"thumbnailUrl":"https:\/\/e-marineeducation.com\/tr\/wp-content\/uploads\/Dokuz-Eyl\u00fcl-\u00dcniversitesi-Logo-Simge.png","keywords":["dokuz eyl\u00fcl \u00fcniversitesi","dokuz eyl\u00fcl \u00fcniversitesi denizcilik fak\u00fcltesi","Fatih Koca Haberleri","Gamze Nur Yal\u00e7\u0131n Eklemeleri","Kemal O\u011fuz \u00c7oban","MAN","MAN T\u00fcrkiye Dizel ve Turbo Sat\u0131\u015f Servis Ltd. \u015eti.","Orkut Akar D\u00fczenlemeleri","Sephardim KOBLENZ","Steen LEMMERGAARD","Yrd. Prof. Dr. Say\u0131n Ender ASYALI"],"articleSection":["Haberler"],"inLanguage":"tr","potentialAction":[{"@type":"CommentAction","name":"Comment","target":["https:\/\/e-marineeducation.com\/tr\/deu-denizcilik-fakultesinde-man-dizel-ve-turbo-motorlari-tanitimi-gerceklestirildi\/#respond"]}]},{"@type":"WebPage","@id":"https:\/\/e-marineeducation.com\/tr\/deu-denizcilik-fakultesinde-man-dizel-ve-turbo-motorlari-tanitimi-gerceklestirildi\/","url":"https:\/\/e-marineeducation.com\/tr\/deu-denizcilik-fakultesinde-man-dizel-ve-turbo-motorlari-tanitimi-gerceklestirildi\/","name":"DE\u00dc Denizcilik Fak\u00fcltesi\u2019nde MAN Dizel ve Turbo Motorlar\u0131 Tan\u0131t\u0131m\u0131 Ger\u00e7ekle\u015ftirildi - e-MarineEducation.com","isPartOf":{"@id":"https:\/\/e-marineeducation.com\/tr\/#website"},"primaryImageOfPage":{"@id":"https:\/\/e-marineeducation.com\/tr\/deu-denizcilik-fakultesinde-man-dizel-ve-turbo-motorlari-tanitimi-gerceklestirildi\/#primaryimage"},"image":{"@id":"https:\/\/e-marineeducation.com\/tr\/deu-denizcilik-fakultesinde-man-dizel-ve-turbo-motorlari-tanitimi-gerceklestirildi\/#primaryimage"},"thumbnailUrl":"https:\/\/e-marineeducation.com\/tr\/wp-content\/uploads\/Dokuz-Eyl\u00fcl-\u00dcniversitesi-Logo-Simge.png","datePublished":"2013-11-12T18:52:21+00:00","author":{"@id":"https:\/\/e-marineeducation.com\/tr\/#\/schema\/person\/07dcd9e111b38498eb2a2b311cac9cb8"},"description":"DE\u00dc Denizcilik Fak\u00fcltesi\u2019nde MAN Dizel ve Turbo Motorlar\u0131 Tan\u0131t\u0131m\u0131 Ger\u00e7ekle\u015ftirilmesiyle ilgili yaz\u0131d\u0131r.","breadcrumb":{"@id":"https:\/\/e-marineeducation.com\/tr\/deu-denizcilik-fakultesinde-man-dizel-ve-turbo-motorlari-tanitimi-gerceklestirildi\/#breadcrumb"},"inLanguage":"tr","potentialAction":[{"@type":"ReadAction","target":["https:\/\/e-marineeducation.com\/tr\/deu-denizcilik-fakultesinde-man-dizel-ve-turbo-motorlari-tanitimi-gerceklestirildi\/"]}]},{"@type":"ImageObject","inLanguage":"tr","@id":"https:\/\/e-marineeducation.com\/tr\/deu-denizcilik-fakultesinde-man-dizel-ve-turbo-motorlari-tanitimi-gerceklestirildi\/#primaryimage","url":"https:\/\/e-marineeducation.com\/tr\/wp-content\/uploads\/Dokuz-Eyl\u00fcl-\u00dcniversitesi-Logo-Simge.png","contentUrl":"https:\/\/e-marineeducation.com\/tr\/wp-content\/uploads\/Dokuz-Eyl\u00fcl-\u00dcniversitesi-Logo-Simge.png","width":"74","height":"74"},{"@type":"BreadcrumbList","@id":"https:\/\/e-marineeducation.com\/tr\/deu-denizcilik-fakultesinde-man-dizel-ve-turbo-motorlari-tanitimi-gerceklestirildi\/#breadcrumb","itemListElement":[{"@type":"ListItem","position":1,"name":"Ana sayfa","item":"https:\/\/e-marineeducation.com\/tr\/"},{"@type":"ListItem","position":2,"name":"DE\u00dc Denizcilik Fak\u00fcltesi\u2019nde MAN Dizel ve Turbo Motorlar\u0131 Tan\u0131t\u0131m\u0131 Ger\u00e7ekle\u015ftirildi"}]},{"@type":"WebSite","@id":"https:\/\/e-marineeducation.com\/tr\/#website","url":"https:\/\/e-marineeducation.com\/tr\/","name":"e-MarineEducation.com","description":"Denizcilik E\u011fitimine Yeni Bir Bak\u0131\u015f A\u00e7\u0131s\u0131","potentialAction":[{"@type":"SearchAction","target":{"@type":"EntryPoint","urlTemplate":"https:\/\/e-marineeducation.com\/tr\/?s={search_term_string}"},"query-input":{"@type":"PropertyValueSpecification","valueRequired":true,"valueName":"search_term_string"}}],"inLanguage":"tr"},{"@type":"Person","@id":"https:\/\/e-marineeducation.com\/tr\/#\/schema\/person\/07dcd9e111b38498eb2a2b311cac9cb8","name":"Gamze Nur Yal\u00e7\u0131n","image":{"@type":"ImageObject","inLanguage":"tr","@id":"https:\/\/e-marineeducation.com\/tr\/wp-content\/uploads\/avatars\/1578\/1400612874-bpfull.jpg","url":"https:\/\/e-marineeducation.com\/tr\/wp-content\/uploads\/avatars\/1578\/1400612874-bpfull.jpg","contentUrl":"https:\/\/e-marineeducation.com\/tr\/wp-content\/uploads\/avatars\/1578\/1400612874-bpfull.jpg","caption":"Gamze Nur Yal\u00e7\u0131n"},"description":"11 A\u011fustos 1992 do\u011fumludur. \u0130lk ve orta dereceli okulunu 2006 y\u0131l\u0131nda \u0130stanbul\u2019da tamamlam\u0131\u015ft\u0131r. 2006 y\u0131l\u0131nda ba\u015flad\u0131\u011f\u0131 Dilek Sabanc\u0131 Anadolu Ticaret Meslek Lisesi D\u0131\u015f Ticaret B\u00f6l\u00fcm\u00fcn\u00fc 2010 y\u0131l\u0131nda \u00fc\u00e7\u00fcnc\u00fcl\u00fck ile tamamlay\u0131p ayn\u0131 y\u0131l \u0130stanbul\u2019da bulunan Bah\u00e7e\u015fehir \u00dcniversitesi Meslek Y\u00fcksekokulu Deniz ve Liman \u0130\u015fletmecili\u011fi program\u0131na devam etmi\u015ftir. 2012-2013 y\u0131llar\u0131 aras\u0131nda Bah\u00e7e\u015fehir \u00dcniversitesi \u015ei\u015fli Kamp\u00fcs\u00fc\u2019nde Denizcilik Programlar\u0131 Asistanl\u0131\u011f\u0131 g\u00f6revini s\u00fcrd\u00fcrm\u00fc\u015ft\u00fcr. 2012 y\u0131l\u0131nda Arkas Holding b\u00fcnyesindeki Marport Liman \u0130\u015fletmeleri\u2019nde staj\u0131n\u0131 tamamlay\u0131p 2013 y\u0131l\u0131nda \u00fcniversitedeki b\u00f6l\u00fcm\u00fcn\u00fc birincilik ile bitirmi\u015ftir. 2014 senesinde DGS s\u0131nav\u0131n\u0131 kazanarak \u015fuan Girne Amerikan \u00dcniversitesi\u2019nin G\u00fcverte b\u00f6l\u00fcm\u00fcnde e\u011fitim hayat\u0131na devam etmektedir.","sameAs":["https:\/\/e-marineeducation.com\/tr\/profil-gamze-nur-yalcin\/"],"url":"https:\/\/e-marineeducation.com\/tr\/author\/gamzeyalcin\/"}]}},"_links":{"self":[{"href":"https:\/\/e-marineeducation.com\/tr\/wp-json\/wp\/v2\/posts\/12334","targetHints":{"allow":["GET"]}}],"collection":[{"href":"https:\/\/e-marineeducation.com\/tr\/wp-json\/wp\/v2\/posts"}],"about":[{"href":"https:\/\/e-marineeducation.com\/tr\/wp-json\/wp\/v2\/types\/post"}],"author":[{"embeddable":true,"href":"https:\/\/e-marineeducation.com\/tr\/wp-json\/wp\/v2\/users\/1578"}],"replies":[{"embeddable":true,"href":"https:\/\/e-marineeducation.com\/tr\/wp-json\/wp\/v2\/comments?post=12334"}],"version-history":[{"count":0,"href":"https:\/\/e-marineeducation.com\/tr\/wp-json\/wp\/v2\/posts\/12334\/revisions"}],"wp:featuredmedia":[{"embeddable":true,"href":"https:\/\/e-marineeducation.com\/tr\/wp-json\/wp\/v2\/media\/1465"}],"wp:attachment":[{"href":"https:\/\/e-marineeducation.com\/tr\/wp-json\/wp\/v2\/media?parent=12334"}],"wp:term":[{"taxonomy":"category","embeddable":true,"href":"https:\/\/e-marineeducation.com\/tr\/wp-json\/wp\/v2\/categories?post=12334"},{"taxonomy":"post_tag","embeddable":true,"href":"https:\/\/e-marineeducation.com\/tr\/wp-json\/wp\/v2\/tags?post=12334"}],"curies":[{"name":"wp","href":"https:\/\/api.w.org\/{rel}","templated":true}]}}