

{"id":10605,"date":"2013-05-19T11:28:54","date_gmt":"2013-05-19T09:28:54","guid":{"rendered":"https:\/\/e-marineeducation.com\/tr\/?p=10605"},"modified":"2013-05-19T11:45:20","modified_gmt":"2013-05-19T09:45:20","slug":"piri-reis-universitesinde-marine-projesi-konferansi","status":"publish","type":"post","link":"https:\/\/e-marineeducation.com\/tr\/piri-reis-universitesinde-marine-projesi-konferansi\/","title":{"rendered":"Piri Reis \u00dcniversitesi&#8217;nde MARINE Projesi Konferans\u0131"},"content":{"rendered":"<p style=\"text-align: justify\"><img loading=\"lazy\" decoding=\"async\" class=\"alignleft size-full wp-image-1083\" alt=\"\" src=\"https:\/\/e-marineeducation.com\/tr\/wp-content\/uploads\/Piri-Reis-\u00dcniversitesi-Logosu.png\" width=\"127\" height=\"127\" \/>AB Karadeniz S\u0131n\u0131r \u00d6tesi i\u015fbirli\u011fi \u00e7er\u00e7evesinde <em><span style=\"color: #3366cc\">Romanya<\/span><\/em>, <span style=\"color: #3366cc\"><em>Ukrayna<\/em><\/span> ve <span style=\"color: #3366cc\"><em>Moldova<\/em><\/span> ile birlikte y\u00fcr\u00fct\u00fclmekte olan <span style=\"color: #3366cc\"><em>MARINE (Maritime Network of Education for the Development of the Maritime Culture in the Black Sea Basin)<\/em><\/span> projesinin ilk konferans\u0131 <span style=\"color: #3366cc\"><em>10 May\u0131s 2013<\/em><\/span> tarihinde Cuma g\u00fcn\u00fc Piri Reis \u00dcniversitesi Tuzla Kamp\u00fcs\u00fc&#8217;nde ger\u00e7ekle\u015ftirildi.<\/p>\n<table style=\"height: 20px\" border=\"0\">\n<tbody>\n<tr>\n<td><\/td>\n<\/tr>\n<\/tbody>\n<\/table>\n<p style=\"text-align: justify\">Piri Reis \u00dcniversitesi Rekt\u00f6r\u00fc Prof. Dr. <span style=\"color: #3366cc\"><em>Osman Kamil Sa\u011f<\/em><\/span>\u2019\u0131n a\u00e7\u0131l\u0131\u015f konu\u015fmas\u0131 ile ba\u015flayan konferans, Emekli Deniz Kuvvetleri Komutan\u0131 Oramiral <span style=\"color: #3366cc\"><em>Metin Ata\u00e7<\/em><\/span> ve AB Bakanl\u0131\u011f\u0131 s\u00f6zc\u00fcs\u00fcn\u00fcn projeye olan desteklerini bildiren konu\u015fmas\u0131 ile devam etti. Daha sonra Piri Reis \u00dcniversitesi Denizcilik Fak\u00fcltesi Dekan Yard\u0131mc\u0131s\u0131 Yrd. Do\u00e7. Dr. <span style=\"color: #3366cc\"><em>Taner Albayrak<\/em><\/span> proje orta\u011f\u0131 okullar\u0131n tan\u0131t\u0131m\u0131n\u0131 yapt\u0131 ve projenin hedeflerini a\u00e7\u0131klad\u0131.<\/p>\n<table style=\"height: 20px\" border=\"0\">\n<tbody>\n<tr>\n<td><\/td>\n<\/tr>\n<\/tbody>\n<\/table>\n<p style=\"text-align: justify\">Konferans Moldova, Ukrayna ve Romanya\u2019dan kat\u0131lan okullar\u0131n \u00f6\u011fretim \u00fcyelerinin proje ilgili sunumlar\u0131n\u0131 yapmas\u0131 ile devam etti. Emekli Deniz Kuvvetleri Komutan\u0131 Oramiral Metin Ata\u00e7\u2019\u0131n konu\u015fmas\u0131 ile konferans son buldu.<\/p>\n<table style=\"height: 20px\" border=\"0\">\n<tbody>\n<tr>\n<td><\/td>\n<\/tr>\n<\/tbody>\n<\/table>\n<p style=\"text-align: justify\"><strong>Haber: <a href=\"https:\/\/e-marineeducation.com\/tr\/profil-eyuphan-altun\/\" target=\"_blank\"><span style=\"text-decoration: underline\"><span style=\"color: #3366cc;text-decoration: underline\">Ey\u00fcphan Altun<\/span><\/span><\/a><\/strong><\/p>\n","protected":false},"excerpt":{"rendered":"<p>AB Karadeniz S\u0131n\u0131r \u00d6tesi i\u015fbirli\u011fi \u00e7er\u00e7evesinde Romanya, Ukrayna ve Moldova ile birlikte y\u00fcr\u00fct\u00fclmekte olan MARINE (Maritime Network of Education for the Development of the Maritime Culture in the Black Sea Basin) projesinin ilk konferans\u0131 10 May\u0131s 2013 tarihinde Cuma g\u00fcn\u00fc Piri Reis \u00dcniversitesi Tuzla Kamp\u00fcs\u00fc&#8217;nde ger\u00e7ekle\u015ftirildi. Piri Reis \u00dcniversitesi Rekt\u00f6r\u00fc Prof. Dr. Osman Kamil Sa\u011f\u2019\u0131n &hellip;<\/p>\n","protected":false},"author":1,"featured_media":573,"comment_status":"open","ping_status":"open","sticky":false,"template":"","format":"standard","meta":{"_acf_changed":false,"_bbp_topic_count":0,"_bbp_reply_count":0,"_bbp_total_topic_count":0,"_bbp_total_reply_count":0,"_bbp_voice_count":0,"_bbp_anonymous_reply_count":0,"_bbp_topic_count_hidden":0,"_bbp_reply_count_hidden":0,"_bbp_forum_subforum_count":0,"footnotes":""},"categories":[18],"tags":[1071,119],"class_list":["post-10605","post","type-post","status-publish","format-standard","has-post-thumbnail","","category-haberler","tag-eyuphan-altun-haberleri","tag-piri-reis-universitesi"],"acf":[],"yoast_head":"<!-- This site is optimized with the Yoast SEO plugin v27.4 - https:\/\/yoast.com\/product\/yoast-seo-wordpress\/ -->\n<title>Piri Reis \u00dcniversitesi&#039;nde MARINE Projesi Konferans\u0131 - e-MarineEducation.com<\/title>\n<meta name=\"description\" content=\"Piri Reis \u00dcniversitesi&#039;nde d\u00fczenlenen MARINE Projesi konferans\u0131n\u0131n haber metnidir.\" \/>\n<meta name=\"robots\" content=\"index, follow, max-snippet:-1, max-image-preview:large, max-video-preview:-1\" \/>\n<link rel=\"canonical\" href=\"https:\/\/e-marineeducation.com\/tr\/piri-reis-universitesinde-marine-projesi-konferansi\/\" \/>\n<meta property=\"og:locale\" content=\"tr_TR\" \/>\n<meta property=\"og:type\" content=\"article\" \/>\n<meta property=\"og:title\" content=\"Piri Reis \u00dcniversitesi&#039;nde MARINE Projesi Konferans\u0131 - e-MarineEducation.com\" \/>\n<meta property=\"og:description\" content=\"Piri Reis \u00dcniversitesi&#039;nde d\u00fczenlenen MARINE Projesi konferans\u0131n\u0131n haber metnidir.\" \/>\n<meta property=\"og:url\" content=\"https:\/\/e-marineeducation.com\/tr\/piri-reis-universitesinde-marine-projesi-konferansi\/\" \/>\n<meta property=\"og:site_name\" content=\"e-MarineEducation.com\" \/>\n<meta property=\"article:author\" content=\"https:\/\/www.facebook.com\/oruc.aybars\" \/>\n<meta property=\"article:published_time\" content=\"2013-05-19T09:28:54+00:00\" \/>\n<meta property=\"article:modified_time\" content=\"2013-05-19T09:45:20+00:00\" \/>\n<meta property=\"og:image\" content=\"https:\/\/e-marineeducation.com\/tr\/wp-content\/uploads\/2011\/08\/piri_reis.png\" \/>\n\t<meta property=\"og:image:width\" content=\"74\" \/>\n\t<meta property=\"og:image:height\" content=\"74\" \/>\n\t<meta property=\"og:image:type\" content=\"image\/png\" \/>\n<meta name=\"author\" content=\"Dr. Aybars Oru\u00e7\" \/>\n<meta name=\"twitter:card\" content=\"summary_large_image\" \/>\n<meta name=\"twitter:creator\" content=\"@aybarsoruc\" \/>\n<meta name=\"twitter:label1\" content=\"Yazan:\" \/>\n\t<meta name=\"twitter:data1\" content=\"Dr. Aybars Oru\u00e7\" \/>\n\t<meta name=\"twitter:label2\" content=\"Tahmini okuma s\u00fcresi\" \/>\n\t<meta name=\"twitter:data2\" content=\"1 dakika\" \/>\n<script type=\"application\/ld+json\" class=\"yoast-schema-graph\">{\"@context\":\"https:\\\/\\\/schema.org\",\"@graph\":[{\"@type\":\"Article\",\"@id\":\"https:\\\/\\\/e-marineeducation.com\\\/tr\\\/piri-reis-universitesinde-marine-projesi-konferansi\\\/#article\",\"isPartOf\":{\"@id\":\"https:\\\/\\\/e-marineeducation.com\\\/tr\\\/piri-reis-universitesinde-marine-projesi-konferansi\\\/\"},\"author\":{\"name\":\"Dr. Aybars Oru\u00e7\",\"@id\":\"https:\\\/\\\/e-marineeducation.com\\\/tr\\\/#\\\/schema\\\/person\\\/f7f32de91b2efb12f23950a06aad9e36\"},\"headline\":\"Piri Reis \u00dcniversitesi&#8217;nde MARINE Projesi Konferans\u0131\",\"datePublished\":\"2013-05-19T09:28:54+00:00\",\"dateModified\":\"2013-05-19T09:45:20+00:00\",\"mainEntityOfPage\":{\"@id\":\"https:\\\/\\\/e-marineeducation.com\\\/tr\\\/piri-reis-universitesinde-marine-projesi-konferansi\\\/\"},\"wordCount\":176,\"commentCount\":0,\"image\":{\"@id\":\"https:\\\/\\\/e-marineeducation.com\\\/tr\\\/piri-reis-universitesinde-marine-projesi-konferansi\\\/#primaryimage\"},\"thumbnailUrl\":\"https:\\\/\\\/e-marineeducation.com\\\/tr\\\/wp-content\\\/uploads\\\/2011\\\/08\\\/piri_reis.png\",\"keywords\":[\"Ey\u00fcphan Altun Haberleri\",\"piri reis \u00fcniversitesi\"],\"articleSection\":[\"Haberler\"],\"inLanguage\":\"tr\",\"potentialAction\":[{\"@type\":\"CommentAction\",\"name\":\"Comment\",\"target\":[\"https:\\\/\\\/e-marineeducation.com\\\/tr\\\/piri-reis-universitesinde-marine-projesi-konferansi\\\/#respond\"]}]},{\"@type\":\"WebPage\",\"@id\":\"https:\\\/\\\/e-marineeducation.com\\\/tr\\\/piri-reis-universitesinde-marine-projesi-konferansi\\\/\",\"url\":\"https:\\\/\\\/e-marineeducation.com\\\/tr\\\/piri-reis-universitesinde-marine-projesi-konferansi\\\/\",\"name\":\"Piri Reis \u00dcniversitesi'nde MARINE Projesi Konferans\u0131 - e-MarineEducation.com\",\"isPartOf\":{\"@id\":\"https:\\\/\\\/e-marineeducation.com\\\/tr\\\/#website\"},\"primaryImageOfPage\":{\"@id\":\"https:\\\/\\\/e-marineeducation.com\\\/tr\\\/piri-reis-universitesinde-marine-projesi-konferansi\\\/#primaryimage\"},\"image\":{\"@id\":\"https:\\\/\\\/e-marineeducation.com\\\/tr\\\/piri-reis-universitesinde-marine-projesi-konferansi\\\/#primaryimage\"},\"thumbnailUrl\":\"https:\\\/\\\/e-marineeducation.com\\\/tr\\\/wp-content\\\/uploads\\\/2011\\\/08\\\/piri_reis.png\",\"datePublished\":\"2013-05-19T09:28:54+00:00\",\"dateModified\":\"2013-05-19T09:45:20+00:00\",\"author\":{\"@id\":\"https:\\\/\\\/e-marineeducation.com\\\/tr\\\/#\\\/schema\\\/person\\\/f7f32de91b2efb12f23950a06aad9e36\"},\"description\":\"Piri Reis \u00dcniversitesi'nde d\u00fczenlenen MARINE Projesi konferans\u0131n\u0131n haber metnidir.\",\"breadcrumb\":{\"@id\":\"https:\\\/\\\/e-marineeducation.com\\\/tr\\\/piri-reis-universitesinde-marine-projesi-konferansi\\\/#breadcrumb\"},\"inLanguage\":\"tr\",\"potentialAction\":[{\"@type\":\"ReadAction\",\"target\":[\"https:\\\/\\\/e-marineeducation.com\\\/tr\\\/piri-reis-universitesinde-marine-projesi-konferansi\\\/\"]}]},{\"@type\":\"ImageObject\",\"inLanguage\":\"tr\",\"@id\":\"https:\\\/\\\/e-marineeducation.com\\\/tr\\\/piri-reis-universitesinde-marine-projesi-konferansi\\\/#primaryimage\",\"url\":\"https:\\\/\\\/e-marineeducation.com\\\/tr\\\/wp-content\\\/uploads\\\/2011\\\/08\\\/piri_reis.png\",\"contentUrl\":\"https:\\\/\\\/e-marineeducation.com\\\/tr\\\/wp-content\\\/uploads\\\/2011\\\/08\\\/piri_reis.png\",\"width\":\"74\",\"height\":\"74\"},{\"@type\":\"BreadcrumbList\",\"@id\":\"https:\\\/\\\/e-marineeducation.com\\\/tr\\\/piri-reis-universitesinde-marine-projesi-konferansi\\\/#breadcrumb\",\"itemListElement\":[{\"@type\":\"ListItem\",\"position\":1,\"name\":\"Ana sayfa\",\"item\":\"https:\\\/\\\/e-marineeducation.com\\\/tr\\\/\"},{\"@type\":\"ListItem\",\"position\":2,\"name\":\"Piri Reis \u00dcniversitesi&#8217;nde MARINE Projesi Konferans\u0131\"}]},{\"@type\":\"WebSite\",\"@id\":\"https:\\\/\\\/e-marineeducation.com\\\/tr\\\/#website\",\"url\":\"https:\\\/\\\/e-marineeducation.com\\\/tr\\\/\",\"name\":\"e-MarineEducation.com\",\"description\":\"Denizcilik E\u011fitimine Yeni Bir Bak\u0131\u015f A\u00e7\u0131s\u0131\",\"potentialAction\":[{\"@type\":\"SearchAction\",\"target\":{\"@type\":\"EntryPoint\",\"urlTemplate\":\"https:\\\/\\\/e-marineeducation.com\\\/tr\\\/?s={search_term_string}\"},\"query-input\":{\"@type\":\"PropertyValueSpecification\",\"valueRequired\":true,\"valueName\":\"search_term_string\"}}],\"inLanguage\":\"tr\"},{\"@type\":\"Person\",\"@id\":\"https:\\\/\\\/e-marineeducation.com\\\/tr\\\/#\\\/schema\\\/person\\\/f7f32de91b2efb12f23950a06aad9e36\",\"name\":\"Dr. Aybars Oru\u00e7\",\"image\":{\"@type\":\"ImageObject\",\"inLanguage\":\"tr\",\"@id\":\"https:\\\/\\\/e-marineeducation.com\\\/tr\\\/wp-content\\\/uploads\\\/avatars\\\/1\\\/1713307065-bpfull.jpg\",\"url\":\"https:\\\/\\\/e-marineeducation.com\\\/tr\\\/wp-content\\\/uploads\\\/avatars\\\/1\\\/1713307065-bpfull.jpg\",\"contentUrl\":\"https:\\\/\\\/e-marineeducation.com\\\/tr\\\/wp-content\\\/uploads\\\/avatars\\\/1\\\/1713307065-bpfull.jpg\",\"caption\":\"Dr. Aybars Oru\u00e7\"},\"description\":\"Dr. Aybars Oruc, e-MarineEducation.com'un kurucusudur. \u015eu anda Tallinn Teknoloji \u00dcniversitesi'ndeki Denizcilik Siber G\u00fcvenlik Merkezi'nde doktor ara\u015ft\u0131rmac\u0131 olarak \u00e7al\u0131\u015fmaktad\u0131r. Doktora (PhD) derecesini Norve\u00e7 Bilim ve Teknoloji \u00dcniversitesi'nden (NTNU) alm\u0131\u015ft\u0131r. \u00c7e\u015fitli tip ve tonajlardaki gemielrde \u00e7al\u0131\u015ft\u0131ktan sonra karaya ge\u00e7mi\u015f ve enspekt\u00f6r olarak \u00e7al\u0131\u015fm\u0131\u015ft\u0131r. Teknik ve operasyonel y\u00f6nlerin yan\u0131 s\u0131ra insan fakt\u00f6rlerini de i\u00e7eren geni\u015f bir yelpazede denizcilik siber g\u00fcvenli\u011fi \u00fczerine bilimsel ara\u015ft\u0131rmalar yapmaktad\u0131r. Uluslararas\u0131 Denizcilik \u00d6rg\u00fct\u00fc (IMO) taraf\u0131ndan bir ay s\u00fcreyle ara\u015ft\u0131rmalar\u0131n\u0131 y\u00fcr\u00fctmek \u00fczere kabul edilmi\u015ftir. Dr. Aybars Oruc, \u00f6zel ve askeri kurumlar dahil olmak \u00fczere klas kurulu\u015flar\u0131na, sigorta \u015firketlerine, Ar-Ge firmalar\u0131na, sahil g\u00fcvenlik ve donanma kuvvetlerine denizcilik siber g\u00fcvenli\u011fi konusunda bir\u00e7ok seminer vermi\u015ftir. 2022 y\u0131l\u0131nda NATO\u2019nun siber g\u00fcvenlik konferans\u0131 (CyCon) kapsam\u0131nda Davetli Konu\u015fmac\u0131 olarak yer alm\u0131\u015f ve \u00e7al\u0131\u015fmalar\u0131n\u0131 geni\u015f bir kitleyle payla\u015fm\u0131\u015ft\u0131r.\",\"sameAs\":[\"https:\\\/\\\/e-marineeducation.com\\\/tr\\\/profil-aybars-oruc\\\/\",\"https:\\\/\\\/www.facebook.com\\\/oruc.aybars\",\"https:\\\/\\\/www.instagram.com\\\/orucaybars\\\/\",\"https:\\\/\\\/www.linkedin.com\\\/in\\\/aybarsoruc\",\"https:\\\/\\\/x.com\\\/aybarsoruc\"],\"url\":\"https:\\\/\\\/e-marineeducation.com\\\/tr\\\/author\\\/denizci88\\\/\"}]}<\/script>\n<!-- \/ Yoast SEO plugin. -->","yoast_head_json":{"title":"Piri Reis \u00dcniversitesi'nde MARINE Projesi Konferans\u0131 - e-MarineEducation.com","description":"Piri Reis \u00dcniversitesi'nde d\u00fczenlenen MARINE Projesi konferans\u0131n\u0131n haber metnidir.","robots":{"index":"index","follow":"follow","max-snippet":"max-snippet:-1","max-image-preview":"max-image-preview:large","max-video-preview":"max-video-preview:-1"},"canonical":"https:\/\/e-marineeducation.com\/tr\/piri-reis-universitesinde-marine-projesi-konferansi\/","og_locale":"tr_TR","og_type":"article","og_title":"Piri Reis \u00dcniversitesi'nde MARINE Projesi Konferans\u0131 - e-MarineEducation.com","og_description":"Piri Reis \u00dcniversitesi'nde d\u00fczenlenen MARINE Projesi konferans\u0131n\u0131n haber metnidir.","og_url":"https:\/\/e-marineeducation.com\/tr\/piri-reis-universitesinde-marine-projesi-konferansi\/","og_site_name":"e-MarineEducation.com","article_author":"https:\/\/www.facebook.com\/oruc.aybars","article_published_time":"2013-05-19T09:28:54+00:00","article_modified_time":"2013-05-19T09:45:20+00:00","og_image":[{"width":74,"height":74,"url":"https:\/\/e-marineeducation.com\/tr\/wp-content\/uploads\/2011\/08\/piri_reis.png","type":"image\/png"}],"author":"Dr. Aybars Oru\u00e7","twitter_card":"summary_large_image","twitter_creator":"@aybarsoruc","twitter_misc":{"Yazan:":"Dr. Aybars Oru\u00e7","Tahmini okuma s\u00fcresi":"1 dakika"},"schema":{"@context":"https:\/\/schema.org","@graph":[{"@type":"Article","@id":"https:\/\/e-marineeducation.com\/tr\/piri-reis-universitesinde-marine-projesi-konferansi\/#article","isPartOf":{"@id":"https:\/\/e-marineeducation.com\/tr\/piri-reis-universitesinde-marine-projesi-konferansi\/"},"author":{"name":"Dr. Aybars Oru\u00e7","@id":"https:\/\/e-marineeducation.com\/tr\/#\/schema\/person\/f7f32de91b2efb12f23950a06aad9e36"},"headline":"Piri Reis \u00dcniversitesi&#8217;nde MARINE Projesi Konferans\u0131","datePublished":"2013-05-19T09:28:54+00:00","dateModified":"2013-05-19T09:45:20+00:00","mainEntityOfPage":{"@id":"https:\/\/e-marineeducation.com\/tr\/piri-reis-universitesinde-marine-projesi-konferansi\/"},"wordCount":176,"commentCount":0,"image":{"@id":"https:\/\/e-marineeducation.com\/tr\/piri-reis-universitesinde-marine-projesi-konferansi\/#primaryimage"},"thumbnailUrl":"https:\/\/e-marineeducation.com\/tr\/wp-content\/uploads\/2011\/08\/piri_reis.png","keywords":["Ey\u00fcphan Altun Haberleri","piri reis \u00fcniversitesi"],"articleSection":["Haberler"],"inLanguage":"tr","potentialAction":[{"@type":"CommentAction","name":"Comment","target":["https:\/\/e-marineeducation.com\/tr\/piri-reis-universitesinde-marine-projesi-konferansi\/#respond"]}]},{"@type":"WebPage","@id":"https:\/\/e-marineeducation.com\/tr\/piri-reis-universitesinde-marine-projesi-konferansi\/","url":"https:\/\/e-marineeducation.com\/tr\/piri-reis-universitesinde-marine-projesi-konferansi\/","name":"Piri Reis \u00dcniversitesi'nde MARINE Projesi Konferans\u0131 - e-MarineEducation.com","isPartOf":{"@id":"https:\/\/e-marineeducation.com\/tr\/#website"},"primaryImageOfPage":{"@id":"https:\/\/e-marineeducation.com\/tr\/piri-reis-universitesinde-marine-projesi-konferansi\/#primaryimage"},"image":{"@id":"https:\/\/e-marineeducation.com\/tr\/piri-reis-universitesinde-marine-projesi-konferansi\/#primaryimage"},"thumbnailUrl":"https:\/\/e-marineeducation.com\/tr\/wp-content\/uploads\/2011\/08\/piri_reis.png","datePublished":"2013-05-19T09:28:54+00:00","dateModified":"2013-05-19T09:45:20+00:00","author":{"@id":"https:\/\/e-marineeducation.com\/tr\/#\/schema\/person\/f7f32de91b2efb12f23950a06aad9e36"},"description":"Piri Reis \u00dcniversitesi'nde d\u00fczenlenen MARINE Projesi konferans\u0131n\u0131n haber metnidir.","breadcrumb":{"@id":"https:\/\/e-marineeducation.com\/tr\/piri-reis-universitesinde-marine-projesi-konferansi\/#breadcrumb"},"inLanguage":"tr","potentialAction":[{"@type":"ReadAction","target":["https:\/\/e-marineeducation.com\/tr\/piri-reis-universitesinde-marine-projesi-konferansi\/"]}]},{"@type":"ImageObject","inLanguage":"tr","@id":"https:\/\/e-marineeducation.com\/tr\/piri-reis-universitesinde-marine-projesi-konferansi\/#primaryimage","url":"https:\/\/e-marineeducation.com\/tr\/wp-content\/uploads\/2011\/08\/piri_reis.png","contentUrl":"https:\/\/e-marineeducation.com\/tr\/wp-content\/uploads\/2011\/08\/piri_reis.png","width":"74","height":"74"},{"@type":"BreadcrumbList","@id":"https:\/\/e-marineeducation.com\/tr\/piri-reis-universitesinde-marine-projesi-konferansi\/#breadcrumb","itemListElement":[{"@type":"ListItem","position":1,"name":"Ana sayfa","item":"https:\/\/e-marineeducation.com\/tr\/"},{"@type":"ListItem","position":2,"name":"Piri Reis \u00dcniversitesi&#8217;nde MARINE Projesi Konferans\u0131"}]},{"@type":"WebSite","@id":"https:\/\/e-marineeducation.com\/tr\/#website","url":"https:\/\/e-marineeducation.com\/tr\/","name":"e-MarineEducation.com","description":"Denizcilik E\u011fitimine Yeni Bir Bak\u0131\u015f A\u00e7\u0131s\u0131","potentialAction":[{"@type":"SearchAction","target":{"@type":"EntryPoint","urlTemplate":"https:\/\/e-marineeducation.com\/tr\/?s={search_term_string}"},"query-input":{"@type":"PropertyValueSpecification","valueRequired":true,"valueName":"search_term_string"}}],"inLanguage":"tr"},{"@type":"Person","@id":"https:\/\/e-marineeducation.com\/tr\/#\/schema\/person\/f7f32de91b2efb12f23950a06aad9e36","name":"Dr. Aybars Oru\u00e7","image":{"@type":"ImageObject","inLanguage":"tr","@id":"https:\/\/e-marineeducation.com\/tr\/wp-content\/uploads\/avatars\/1\/1713307065-bpfull.jpg","url":"https:\/\/e-marineeducation.com\/tr\/wp-content\/uploads\/avatars\/1\/1713307065-bpfull.jpg","contentUrl":"https:\/\/e-marineeducation.com\/tr\/wp-content\/uploads\/avatars\/1\/1713307065-bpfull.jpg","caption":"Dr. Aybars Oru\u00e7"},"description":"Dr. Aybars Oruc, e-MarineEducation.com'un kurucusudur. \u015eu anda Tallinn Teknoloji \u00dcniversitesi'ndeki Denizcilik Siber G\u00fcvenlik Merkezi'nde doktor ara\u015ft\u0131rmac\u0131 olarak \u00e7al\u0131\u015fmaktad\u0131r. Doktora (PhD) derecesini Norve\u00e7 Bilim ve Teknoloji \u00dcniversitesi'nden (NTNU) alm\u0131\u015ft\u0131r. \u00c7e\u015fitli tip ve tonajlardaki gemielrde \u00e7al\u0131\u015ft\u0131ktan sonra karaya ge\u00e7mi\u015f ve enspekt\u00f6r olarak \u00e7al\u0131\u015fm\u0131\u015ft\u0131r. Teknik ve operasyonel y\u00f6nlerin yan\u0131 s\u0131ra insan fakt\u00f6rlerini de i\u00e7eren geni\u015f bir yelpazede denizcilik siber g\u00fcvenli\u011fi \u00fczerine bilimsel ara\u015ft\u0131rmalar yapmaktad\u0131r. Uluslararas\u0131 Denizcilik \u00d6rg\u00fct\u00fc (IMO) taraf\u0131ndan bir ay s\u00fcreyle ara\u015ft\u0131rmalar\u0131n\u0131 y\u00fcr\u00fctmek \u00fczere kabul edilmi\u015ftir. Dr. Aybars Oruc, \u00f6zel ve askeri kurumlar dahil olmak \u00fczere klas kurulu\u015flar\u0131na, sigorta \u015firketlerine, Ar-Ge firmalar\u0131na, sahil g\u00fcvenlik ve donanma kuvvetlerine denizcilik siber g\u00fcvenli\u011fi konusunda bir\u00e7ok seminer vermi\u015ftir. 2022 y\u0131l\u0131nda NATO\u2019nun siber g\u00fcvenlik konferans\u0131 (CyCon) kapsam\u0131nda Davetli Konu\u015fmac\u0131 olarak yer alm\u0131\u015f ve \u00e7al\u0131\u015fmalar\u0131n\u0131 geni\u015f bir kitleyle payla\u015fm\u0131\u015ft\u0131r.","sameAs":["https:\/\/e-marineeducation.com\/tr\/profil-aybars-oruc\/","https:\/\/www.facebook.com\/oruc.aybars","https:\/\/www.instagram.com\/orucaybars\/","https:\/\/www.linkedin.com\/in\/aybarsoruc","https:\/\/x.com\/aybarsoruc"],"url":"https:\/\/e-marineeducation.com\/tr\/author\/denizci88\/"}]}},"_links":{"self":[{"href":"https:\/\/e-marineeducation.com\/tr\/wp-json\/wp\/v2\/posts\/10605","targetHints":{"allow":["GET"]}}],"collection":[{"href":"https:\/\/e-marineeducation.com\/tr\/wp-json\/wp\/v2\/posts"}],"about":[{"href":"https:\/\/e-marineeducation.com\/tr\/wp-json\/wp\/v2\/types\/post"}],"author":[{"embeddable":true,"href":"https:\/\/e-marineeducation.com\/tr\/wp-json\/wp\/v2\/users\/1"}],"replies":[{"embeddable":true,"href":"https:\/\/e-marineeducation.com\/tr\/wp-json\/wp\/v2\/comments?post=10605"}],"version-history":[{"count":0,"href":"https:\/\/e-marineeducation.com\/tr\/wp-json\/wp\/v2\/posts\/10605\/revisions"}],"wp:featuredmedia":[{"embeddable":true,"href":"https:\/\/e-marineeducation.com\/tr\/wp-json\/wp\/v2\/media\/573"}],"wp:attachment":[{"href":"https:\/\/e-marineeducation.com\/tr\/wp-json\/wp\/v2\/media?parent=10605"}],"wp:term":[{"taxonomy":"category","embeddable":true,"href":"https:\/\/e-marineeducation.com\/tr\/wp-json\/wp\/v2\/categories?post=10605"},{"taxonomy":"post_tag","embeddable":true,"href":"https:\/\/e-marineeducation.com\/tr\/wp-json\/wp\/v2\/tags?post=10605"}],"curies":[{"name":"wp","href":"https:\/\/api.w.org\/{rel}","templated":true}]}}