

{"id":10419,"date":"2013-04-05T00:59:42","date_gmt":"2013-04-04T22:59:42","guid":{"rendered":"https:\/\/e-marineeducation.com\/tr\/?p=10419"},"modified":"2013-04-05T00:59:42","modified_gmt":"2013-04-04T22:59:42","slug":"dumlupinar-denizaltisi-ve-kazasi","status":"publish","type":"post","link":"https:\/\/e-marineeducation.com\/tr\/dumlupinar-denizaltisi-ve-kazasi\/","title":{"rendered":"Dumlup\u0131nar Denizalt\u0131s\u0131 ve Kazas\u0131"},"content":{"rendered":"<p style=\"text-align: justify\"><a href=\"https:\/\/e-marineeducation.com\/tr\/profil-fatih-koca\/\" target=\"_blank\"><img loading=\"lazy\" decoding=\"async\" class=\"alignleft size-full wp-image-6292\" alt=\"\" src=\"https:\/\/e-marineeducation.com\/tr\/wp-content\/uploads\/Fatih-Koca-taraf\u0131ndan.png\" width=\"264\" height=\"65\" srcset=\"https:\/\/e-marineeducation.com\/tr\/wp-content\/uploads\/Fatih-Koca-taraf\u0131ndan.png 264w, https:\/\/e-marineeducation.com\/tr\/wp-content\/uploads\/Fatih-Koca-taraf\u0131ndan-150x36.png 150w\" sizes=\"auto, (max-width: 264px) 100vw, 264px\" \/><\/a>Dumlup\u0131nar Denizalt\u0131s\u0131\u00a0<span style=\"color: #3366cc\"><em>23 Nisan 1944<\/em><\/span> y\u0131l\u0131nda denize indirildi ve &#8220;<span style=\"color: #3366cc\"><em>USS Blower<\/em><\/span>&#8221; ad\u0131 ile <span style=\"color: #3366cc\"><em>Amerikan Deniz Kuvvetleri<\/em><\/span>&#8216;nde g\u00f6rev yapt\u0131. USS Blower, \u0130kinci D\u00fcnya Sava\u015f\u0131\u2019nda g\u00f6revler ald\u0131. Daha sonralar\u0131 da bir\u00e7ok tatbikatlarda g\u00f6revler yerine getirdi. \u0130kinci D\u00fcnya Sava\u015f\u0131\u2019nda ilk kazas\u0131n\u0131 ge\u00e7iren USS Blower, daha sonraki zamanlarda da kaza ve ar\u0131za haberleriyle k\u00f6t\u00fc bir \u00fcne sahip olmu\u015ftur. <span style=\"color: #3366cc\"><em>16 Kas\u0131m 1950<\/em><\/span> tarihinde Amerikan envanterinden \u00e7\u0131kart\u0131lan denizalt\u0131, ABD-T\u00fcrkiye aras\u0131ndaki &#8220;<span style=\"color: #3366cc\"><em>Ortak Savunma Destek Yasas\u0131<\/em><\/span>&#8221; kapsam\u0131nda <span style=\"color: #3366cc\"><em>T\u00fcrk Deniz Kuvvetleri<\/em><\/span>&#8216;ne, &#8220;<span style=\"color: #3366cc\"><em>TCG Dumlup\u0131nar S-329<\/em><\/span>&#8221; ad\u0131n\u0131 alarak devredildi.<\/p>\n<table style=\"height: 20px\" border=\"0\">\n<tbody>\n<tr>\n<td><\/td>\n<\/tr>\n<\/tbody>\n<\/table>\n<p style=\"text-align: center\"><img loading=\"lazy\" decoding=\"async\" class=\"aligncenter size-full wp-image-10420\" alt=\"\" src=\"https:\/\/e-marineeducation.com\/tr\/wp-content\/uploads\/Dumlup\u0131nar-1.jpg\" width=\"595\" height=\"384\" srcset=\"https:\/\/e-marineeducation.com\/tr\/wp-content\/uploads\/Dumlup\u0131nar-1.jpg 595w, https:\/\/e-marineeducation.com\/tr\/wp-content\/uploads\/Dumlup\u0131nar-1-150x96.jpg 150w, https:\/\/e-marineeducation.com\/tr\/wp-content\/uploads\/Dumlup\u0131nar-1-300x193.jpg 300w\" sizes=\"auto, (max-width: 595px) 100vw, 595px\" \/><\/p>\n<table style=\"height: 20px\" border=\"0\">\n<tbody>\n<tr>\n<td><\/td>\n<\/tr>\n<\/tbody>\n<\/table>\n<p style=\"text-align: justify\">Dumlup\u0131nar, d\u00f6nemin en modern denizalt\u0131lar\u0131ndan biriydi. <em><span style=\"color: #3366cc\">\u015enorkel<\/span><\/em> sistemiyle donat\u0131lm\u0131\u015f olan Dumlup\u0131nar bu sisteme sahip <em><span style=\"color: #3366cc\">ilk<\/span><\/em> denizalt\u0131m\u0131zd\u0131. 1953 y\u0131l\u0131nda 3 Nisan&#8217;\u0131 4 Nisan&#8217;a ba\u011flayan gece, kat\u0131ld\u0131\u011f\u0131 NATO tatbikat\u0131ndan d\u00f6nen Dumlup\u0131nar Denizalt\u0131s\u0131, sisli ve r\u00fczgarl\u0131 bir gecede su \u00fcst\u00fc seyri yap\u0131yordu. \u00c7anakkale Bo\u011faz\u0131\u2019n\u0131 ge\u00e7tikleri s\u0131rada saat 02:15 sular\u0131nda <span style=\"color: #3366cc\"><em>Nara Burnu<\/em><\/span>&#8216;nu d\u00f6nerken, <em><span style=\"color: #3366cc\">\u0130sve\u00e7 Band\u0131ral\u0131<\/span><\/em> \u015filep gemisi olan <em><span style=\"color: #3366cc\">Naboland<\/span><\/em> ile bo\u011faz\u0131n orta yerinde \u015fiddetli bir \u015fekilde \u00e7at\u0131\u015fma ger\u00e7ekle\u015fti. Naboland gemisi bir <em><span style=\"color: #3366cc\">buzk\u0131rand\u0131<\/span><\/em> ve bu \u00e7at\u0131\u015fman\u0131n \u015fiddetini daha da art\u0131rm\u0131\u015ft\u0131. Naboland, Dumlup\u0131nar\u2019a ba\u015f torpido dairesinin sancak taraf\u0131ndan \u00e7arpm\u0131\u015ft\u0131. G\u00fcverte \u00fczerinde bulunan 8 (sekiz) ki\u015fi \u00e7arp\u0131\u015fman\u0131n \u015fiddetiyle denize d\u00fc\u015ft\u00fc. \u00d6yle s\u00fcratli bir \u015fekilde batm\u0131\u015ft\u0131 ki denizalt\u0131 i\u00e7indeki 81 ki\u015fiden yaln\u0131zca 22 ki\u015fi k\u0131\u00e7 taraftaki torpido dairesine s\u0131\u011f\u0131nabilmi\u015fti. Naboland gemisi kaptan\u0131 durumu hemen ilgililere rapor etti. Kurtarma amac\u0131yla gemiden fosforlu can kurtarma simitleri, ayd\u0131nlatma fi\u015fekleri at\u0131ld\u0131 ve sandallar denize indirildi. Dumlup\u0131nar\u2019\u0131n g\u00fcvertesinden d\u00fc\u015fen 5 (be\u015f) askerimiz bu sandallarla kurtuldu. Yine g\u00fcverteden d\u00fc\u015fen iki askerimiz ise Naboland\u2019\u0131n pervanesine tak\u0131l\u0131p \u015fehit oldular.<\/p>\n<table style=\"height: 20px\" border=\"0\">\n<tbody>\n<tr>\n<td><\/td>\n<\/tr>\n<\/tbody>\n<\/table>\n<p style=\"text-align: center\"><img loading=\"lazy\" decoding=\"async\" class=\"aligncenter size-full wp-image-10421\" alt=\"\" src=\"https:\/\/e-marineeducation.com\/tr\/wp-content\/uploads\/Dumlup\u0131nar-2.jpg\" width=\"595\" height=\"381\" srcset=\"https:\/\/e-marineeducation.com\/tr\/wp-content\/uploads\/Dumlup\u0131nar-2.jpg 595w, https:\/\/e-marineeducation.com\/tr\/wp-content\/uploads\/Dumlup\u0131nar-2-150x96.jpg 150w, https:\/\/e-marineeducation.com\/tr\/wp-content\/uploads\/Dumlup\u0131nar-2-300x192.jpg 300w\" sizes=\"auto, (max-width: 595px) 100vw, 595px\" \/><\/p>\n<table style=\"height: 20px\" border=\"0\">\n<tbody>\n<tr>\n<td><\/td>\n<\/tr>\n<\/tbody>\n<\/table>\n<p style=\"text-align: justify\">Denizalt\u0131daki m\u00fcrettebat su y\u00fczeyine, batt\u0131 \u015famand\u0131ras\u0131n\u0131 g\u00f6ndermi\u015fti. Haberle\u015fme ancak b\u00f6yle m\u00fcmk\u00fcn olacakt\u0131. K\u0131sa zamanda gelen G\u00fcmr\u00fck Motoru \u015famand\u0131ray\u0131 buldu. Haberle\u015fmeyi sa\u011flayan G\u00fcmr\u00fck Motoru <span style=\"color: #3366cc\"><em>\u0130kinci \u00c7ark\u00e7\u0131s\u0131 Selim YOLUD\u00dcZ<\/em><\/span>, \u015famand\u0131radaki ahizeyi kald\u0131rarak &#8216;<em>Alo<\/em>&#8216; dedi ve cevap bekledi. Denizalt\u0131dan cevap veren <em><span style=\"color: #3366cc\">Astsubay Selami \u00d6ZBEN<\/span><\/em> bilgiler vermeye ba\u015flad\u0131. Elektri\u011fin kesik oldu\u011funu, geminin sancak tarafa 15 derece yat\u0131k bulundu\u011funu ve k\u0131\u00e7 torpido dairesinde 22 ki\u015fi olduklar\u0131n\u0131 aktard\u0131. Yukar\u0131dan gelen cevap &#8216;<em>O\u011flum, merak etmeyin. Sizi kurtaraca\u011f\u0131z&#8230;<\/em>&#8216; y\u00f6n\u00fcnde oldu. Kurtarma \u00e7al\u0131\u015fmalar\u0131 hemen ba\u015flad\u0131. Herkes seferber olmu\u015ftu. Eldeki t\u00fcm imkanlar deneniyordu. Kazadan on saat sonra <span style=\"color: #3366cc\"><em>Kurtaran<\/em><\/span> adl\u0131 <span style=\"color: #3366cc\"><em>kurtarma gemisi<\/em><\/span> olay yerine gelmi\u015fti. \u00c7al\u0131\u015fmalar ba\u015flad\u0131. Bu s\u0131rada a\u015fa\u011f\u0131ya, &#8216;<em>Gereksiz yere konu\u015fmay\u0131n, \u015fark\u0131 s\u00f6ylemeyin ve sigara i\u00e7meyin&#8230;<\/em>&#8216; gibi uyar\u0131lar veriliyordu. \u00c7al\u0131\u015fmalar bir t\u00fcrl\u00fc istenilen sonuca do\u011fru gitmiyordu, \u00e7\u00fcnk\u00fc ak\u0131nt\u0131 \u00e7ok fazlayd\u0131 ve yeterli teknik ekipmanlar maalesef yoktu. Yine de u\u011fra\u015flara devam edildi. Dalg\u0131\u00e7lar 11 dal\u0131\u015f yapt\u0131, ancak <span style=\"color: #3366cc\"><em>Y\u0131lmaz S\u00dcSEN<\/em><\/span> isimli dalg\u0131\u00e7 denizalt\u0131ya 11 metre kala bas\u0131n\u00e7tan dolay\u0131 bay\u0131lm\u0131\u015ft\u0131. O&#8217;nu hemen y\u00fczeye \u00e7ekmek zorunda kald\u0131lar ve hemen tedaviye al\u0131nd\u0131. 15 saat tedavi alt\u0131nda kalan S\u00dcSEN, vurgun yemekten son anda kurtulmu\u015ftu. 72 saatlik u\u011fra\u015f, yerini b\u00fcy\u00fck bir yasa b\u0131rakt\u0131 \u00c7anakkle Bo\u011faz\u0131\u2019nda&#8230;<\/p>\n<table style=\"height: 20px\" border=\"0\">\n<tbody>\n<tr>\n<td><\/td>\n<\/tr>\n<\/tbody>\n<\/table>\n<p style=\"text-align: justify\">Umutlar t\u00fckenmi\u015fti art\u0131k. Yukar\u0131dan a\u015fa\u011f\u0131ya son emir geldi. Art\u0131k konu\u015fabilirler, \u015fark\u0131 s\u00f6yleyebiliriler, hatta sigara bile i\u00e7ebilirlerdi. Her \u015feyin bitti\u011fi o anda telefondan b\u00fct\u00fcn T\u00fcrkiye\u2019ye verdikleri cevap &#8216;<em>Sizler sa\u011folun, VATAN SA\u011eOLSUN!<\/em>&#8216; oldu ve arkas\u0131ndan da &#8216;<em>Ah bir ata\u015f ver cigaram\u0131 yakay\u0131m; sen sal\u0131n (sallan) gel ben boyuna bakay\u0131m; uzun olur gemilerin dire\u011fi; ah \u00e7atal olur efelerin y\u00fcre\u011fi<\/em>&#8216; dizeleriydi. B\u00fct\u00fcn \u00fclke 22 efeyi ve di\u011fer efeleri bu t\u00fcrk\u00fcyle u\u011furlad\u0131 son yolculu\u011funa&#8230;<\/p>\n<table style=\"height: 20px\" border=\"0\">\n<tbody>\n<tr>\n<td><\/td>\n<\/tr>\n<\/tbody>\n<\/table>\n<p style=\"text-align: center\"><img loading=\"lazy\" decoding=\"async\" class=\"aligncenter size-full wp-image-10423\" alt=\"\" src=\"https:\/\/e-marineeducation.com\/tr\/wp-content\/uploads\/Dumlup\u0131nar-7.jpg\" width=\"595\" height=\"404\" srcset=\"https:\/\/e-marineeducation.com\/tr\/wp-content\/uploads\/Dumlup\u0131nar-7.jpg 595w, https:\/\/e-marineeducation.com\/tr\/wp-content\/uploads\/Dumlup\u0131nar-7-150x101.jpg 150w, https:\/\/e-marineeducation.com\/tr\/wp-content\/uploads\/Dumlup\u0131nar-7-300x203.jpg 300w\" sizes=\"auto, (max-width: 595px) 100vw, 595px\" \/><\/p>\n<table style=\"height: 20px\" border=\"0\">\n<tbody>\n<tr>\n<td><\/td>\n<\/tr>\n<\/tbody>\n<\/table>\n<p style=\"text-align: justify\">Olay\u0131n mahkeme a\u015famas\u0131nda ise Naboland gemisi kaptan\u0131 60 ya\u015f\u0131ndaki <span style=\"color: #3366cc\"><em>Oscar Lorentson<\/em><\/span> hakk\u0131nda tedbirsizlik ve dikkatsizlik y\u00fcz\u00fcnden \u00f6l\u00fcme sebebiyet vermekten dava a\u00e7\u0131ld\u0131. Lorentson 1 (bir) y\u0131l hapse mahkum edildi. Ancak S.O.S. verip kurtarma \u00e7al\u0131\u015fmalar\u0131na kat\u0131l\u0131p 5 (be\u015f) ki\u015fiyi kurtarmas\u0131 sebebiyle cezas\u0131 6 (alt\u0131) aya d\u00fc\u015f\u00fcr\u00fcld\u00fc. Lorentson, fener \u0131\u015f\u0131\u011f\u0131n\u0131 g\u00f6rmedi\u011fini s\u00f6yleyerek mahkemede T\u00fcrk taraf\u0131n\u0131 su\u00e7lam\u0131\u015ft\u0131r. Bunun \u00fczerine tatbikat yap\u0131ld\u0131 ve kurtulan <span style=\"color: #3366cc\"><em>K\u0131demli Y\u00fczba\u015f\u0131 Sabri \u00c7elebio\u011flu<\/em><\/span> ilk anda beraat etmesine ra\u011fmen Yarg\u0131tay taraf\u0131ndan 2 (iki) y\u0131l 6 (alt\u0131) ayl\u0131k bir cezaya \u00e7arpt\u0131r\u0131l\u0131r.<\/p>\n<table style=\"height: 20px\" border=\"0\">\n<tbody>\n<tr>\n<td><\/td>\n<\/tr>\n<\/tbody>\n<\/table>\n<p style=\"text-align: justify\">Kazadan y\u0131llar sonra \u0130sve\u00e7 Band\u0131ral\u0131 Naboland gemisi <span style=\"color: #3366cc\"><em>Nijerya<\/em><\/span> a\u00e7\u0131klar\u0131nda makine dairesinde \u00e7\u0131kan yang\u0131n sonucunda batm\u0131\u015ft\u0131r.<\/p>\n<table style=\"height: 20px\" border=\"0\">\n<tbody>\n<tr>\n<td><\/td>\n<\/tr>\n<\/tbody>\n<\/table>\n<p style=\"text-align: center\"><img loading=\"lazy\" decoding=\"async\" class=\"aligncenter size-full wp-image-10424\" alt=\"\" src=\"https:\/\/e-marineeducation.com\/tr\/wp-content\/uploads\/Dumlup\u0131nar-6.jpg\" width=\"595\" height=\"397\" srcset=\"https:\/\/e-marineeducation.com\/tr\/wp-content\/uploads\/Dumlup\u0131nar-6.jpg 595w, https:\/\/e-marineeducation.com\/tr\/wp-content\/uploads\/Dumlup\u0131nar-6-150x100.jpg 150w, https:\/\/e-marineeducation.com\/tr\/wp-content\/uploads\/Dumlup\u0131nar-6-300x200.jpg 300w\" sizes=\"auto, (max-width: 595px) 100vw, 595px\" \/><\/p>\n<table style=\"height: 20px\" border=\"0\">\n<tbody>\n<tr>\n<td><\/td>\n<\/tr>\n<\/tbody>\n<\/table>\n<p style=\"text-align: justify\">\u0130lgin\u00e7tir ki <em><span style=\"color: #3366cc\">Dumlup\u0131nar<\/span><\/em> ismi T\u00fcrk Deniz Kuvvetleri&#8217;nde <span style=\"color: #3366cc\"><em>3 (\u00fc\u00e7)<\/em><\/span> denizalt\u0131na verilmi\u015ftir. Ancak \u00fc\u00e7\u00fcn\u00fcn de ba\u015f\u0131na talihsiz olaylar geldi\u011fi i\u00e7in Denizalt\u0131 Filosu&#8217;nda hi\u00e7bir denizalt\u0131ya Dumlup\u0131nar ad\u0131 verilmemi\u015ftir.<\/p>\n<table style=\"height: 20px\" border=\"0\">\n<tbody>\n<tr>\n<td><\/td>\n<\/tr>\n<\/tbody>\n<\/table>\n<p style=\"text-align: justify\">T\u00fcrk Deniz Tarihi\u2019mizdeki bu talihsiz ve ac\u0131 olay, \u00fczerinden y\u0131llar ge\u00e7se de unutulmayacak. \u00c7\u00fcnk\u00fc bizler hatalar\u0131m\u0131zdan, yanl\u0131\u015flar\u0131m\u0131zdan ders \u00e7\u0131kararak eksiklerimizi \u00f6\u011frenip kapatarak ve ileriye, hep daha ileriye daha g\u00fc\u00e7l\u00fc ad\u0131mlar ataca\u011f\u0131z. Aziz \u015fehitlerimizden emanetimiz, \u015eanl\u0131 Bayra\u011f\u0131m\u0131z\u0131 d\u00fcnya denizlerinde onurlu bir \u015fekilde D\u00fcnya durduk\u00e7a dalgaland\u0131raca\u011f\u0131z.<\/p>\n<table style=\"height: 20px\" border=\"0\">\n<tbody>\n<tr>\n<td><\/td>\n<\/tr>\n<\/tbody>\n<\/table>\n<p style=\"text-align: center\"><img loading=\"lazy\" decoding=\"async\" class=\"aligncenter size-full wp-image-10422\" alt=\"\" src=\"https:\/\/e-marineeducation.com\/tr\/wp-content\/uploads\/Dumlup\u0131nar-3.jpg\" width=\"595\" height=\"214\" srcset=\"https:\/\/e-marineeducation.com\/tr\/wp-content\/uploads\/Dumlup\u0131nar-3.jpg 595w, https:\/\/e-marineeducation.com\/tr\/wp-content\/uploads\/Dumlup\u0131nar-3-150x53.jpg 150w, https:\/\/e-marineeducation.com\/tr\/wp-content\/uploads\/Dumlup\u0131nar-3-300x107.jpg 300w\" sizes=\"auto, (max-width: 595px) 100vw, 595px\" \/><\/p>\n<table style=\"height: 20px\" border=\"0\">\n<tbody>\n<tr>\n<td><\/td>\n<\/tr>\n<\/tbody>\n<\/table>\n<p style=\"text-align: center\"><img loading=\"lazy\" decoding=\"async\" class=\"aligncenter size-full wp-image-10425\" alt=\"Dumlup\u0131nar 5\" src=\"https:\/\/e-marineeducation.com\/tr\/wp-content\/uploads\/Dumlup\u0131nar-5.jpg\" width=\"595\" height=\"493\" srcset=\"https:\/\/e-marineeducation.com\/tr\/wp-content\/uploads\/Dumlup\u0131nar-5.jpg 595w, https:\/\/e-marineeducation.com\/tr\/wp-content\/uploads\/Dumlup\u0131nar-5-150x124.jpg 150w, https:\/\/e-marineeducation.com\/tr\/wp-content\/uploads\/Dumlup\u0131nar-5-300x248.jpg 300w\" sizes=\"auto, (max-width: 595px) 100vw, 595px\" \/><\/p>\n","protected":false},"excerpt":{"rendered":"<p>Dumlup\u0131nar Denizalt\u0131s\u0131\u00a023 Nisan 1944 y\u0131l\u0131nda denize indirildi ve &#8220;USS Blower&#8221; ad\u0131 ile Amerikan Deniz Kuvvetleri&#8216;nde g\u00f6rev yapt\u0131. USS Blower, \u0130kinci D\u00fcnya Sava\u015f\u0131\u2019nda g\u00f6revler ald\u0131. Daha sonralar\u0131 da bir\u00e7ok tatbikatlarda g\u00f6revler yerine getirdi. \u0130kinci D\u00fcnya Sava\u015f\u0131\u2019nda ilk kazas\u0131n\u0131 ge\u00e7iren USS Blower, daha sonraki zamanlarda da kaza ve ar\u0131za haberleriyle k\u00f6t\u00fc bir \u00fcne sahip olmu\u015ftur. 16 Kas\u0131m &hellip;<\/p>\n","protected":false},"author":1,"featured_media":10426,"comment_status":"open","ping_status":"open","sticky":false,"template":"","format":"standard","meta":{"_acf_changed":false,"_bbp_topic_count":0,"_bbp_reply_count":0,"_bbp_total_topic_count":0,"_bbp_total_reply_count":0,"_bbp_voice_count":0,"_bbp_anonymous_reply_count":0,"_bbp_topic_count_hidden":0,"_bbp_reply_count_hidden":0,"_bbp_forum_subforum_count":0,"footnotes":""},"categories":[213],"tags":[1405,1045,180],"class_list":["post-10419","post","type-post","status-publish","format-standard","has-post-thumbnail","","category-deniz-tarihi","tag-dumlupinar-denizalti","tag-fatih-koca-yazilari","tag-kaza"],"acf":[],"yoast_head":"<!-- This site is optimized with the Yoast SEO plugin v27.4 - https:\/\/yoast.com\/product\/yoast-seo-wordpress\/ -->\n<title>Dumlup\u0131nar Denizalt\u0131s\u0131 ve Kazas\u0131 - e-MarineEducation.com<\/title>\n<meta name=\"description\" content=\"Dumlup\u0131nar Denizalt\u0131s\u0131&#039;n\u0131n tarihte ya\u015fad\u0131\u011f\u0131 kazan\u0131n anlat\u0131ld\u0131\u011f\u0131 yaz\u0131d\u0131r.\" \/>\n<meta name=\"robots\" content=\"index, follow, max-snippet:-1, max-image-preview:large, max-video-preview:-1\" \/>\n<link rel=\"canonical\" href=\"https:\/\/e-marineeducation.com\/tr\/dumlupinar-denizaltisi-ve-kazasi\/\" \/>\n<meta property=\"og:locale\" content=\"tr_TR\" \/>\n<meta property=\"og:type\" content=\"article\" \/>\n<meta property=\"og:title\" content=\"Dumlup\u0131nar Denizalt\u0131s\u0131 ve Kazas\u0131 - e-MarineEducation.com\" \/>\n<meta property=\"og:description\" content=\"Dumlup\u0131nar Denizalt\u0131s\u0131&#039;n\u0131n tarihte ya\u015fad\u0131\u011f\u0131 kazan\u0131n anlat\u0131ld\u0131\u011f\u0131 yaz\u0131d\u0131r.\" \/>\n<meta property=\"og:url\" content=\"https:\/\/e-marineeducation.com\/tr\/dumlupinar-denizaltisi-ve-kazasi\/\" \/>\n<meta property=\"og:site_name\" content=\"e-MarineEducation.com\" \/>\n<meta property=\"article:author\" content=\"https:\/\/www.facebook.com\/oruc.aybars\" \/>\n<meta property=\"article:published_time\" content=\"2013-04-04T22:59:42+00:00\" \/>\n<meta property=\"og:image\" content=\"https:\/\/e-marineeducation.com\/tr\/wp-content\/uploads\/Dumlup\u0131nar-Simge.png\" \/>\n\t<meta property=\"og:image:width\" content=\"74\" \/>\n\t<meta property=\"og:image:height\" content=\"74\" \/>\n\t<meta property=\"og:image:type\" content=\"image\/png\" \/>\n<meta name=\"author\" content=\"Dr. Aybars Oru\u00e7\" \/>\n<meta name=\"twitter:card\" content=\"summary_large_image\" \/>\n<meta name=\"twitter:creator\" content=\"@aybarsoruc\" \/>\n<meta name=\"twitter:label1\" content=\"Yazan:\" \/>\n\t<meta name=\"twitter:data1\" content=\"Dr. Aybars Oru\u00e7\" \/>\n\t<meta name=\"twitter:label2\" content=\"Tahmini okuma s\u00fcresi\" \/>\n\t<meta name=\"twitter:data2\" content=\"4 dakika\" \/>\n<script type=\"application\/ld+json\" class=\"yoast-schema-graph\">{\"@context\":\"https:\\\/\\\/schema.org\",\"@graph\":[{\"@type\":\"Article\",\"@id\":\"https:\\\/\\\/e-marineeducation.com\\\/tr\\\/dumlupinar-denizaltisi-ve-kazasi\\\/#article\",\"isPartOf\":{\"@id\":\"https:\\\/\\\/e-marineeducation.com\\\/tr\\\/dumlupinar-denizaltisi-ve-kazasi\\\/\"},\"author\":{\"name\":\"Dr. Aybars Oru\u00e7\",\"@id\":\"https:\\\/\\\/e-marineeducation.com\\\/tr\\\/#\\\/schema\\\/person\\\/f7f32de91b2efb12f23950a06aad9e36\"},\"headline\":\"Dumlup\u0131nar Denizalt\u0131s\u0131 ve Kazas\u0131\",\"datePublished\":\"2013-04-04T22:59:42+00:00\",\"mainEntityOfPage\":{\"@id\":\"https:\\\/\\\/e-marineeducation.com\\\/tr\\\/dumlupinar-denizaltisi-ve-kazasi\\\/\"},\"wordCount\":904,\"commentCount\":1,\"image\":{\"@id\":\"https:\\\/\\\/e-marineeducation.com\\\/tr\\\/dumlupinar-denizaltisi-ve-kazasi\\\/#primaryimage\"},\"thumbnailUrl\":\"https:\\\/\\\/e-marineeducation.com\\\/tr\\\/wp-content\\\/uploads\\\/Dumlup\u0131nar-Simge.png\",\"keywords\":[\"dumlup\u0131nar denizalt\u0131\",\"Fatih Koca Yaz\u0131lar\u0131\",\"kaza\"],\"articleSection\":[\"Deniz Tarihi\"],\"inLanguage\":\"tr\",\"potentialAction\":[{\"@type\":\"CommentAction\",\"name\":\"Comment\",\"target\":[\"https:\\\/\\\/e-marineeducation.com\\\/tr\\\/dumlupinar-denizaltisi-ve-kazasi\\\/#respond\"]}]},{\"@type\":\"WebPage\",\"@id\":\"https:\\\/\\\/e-marineeducation.com\\\/tr\\\/dumlupinar-denizaltisi-ve-kazasi\\\/\",\"url\":\"https:\\\/\\\/e-marineeducation.com\\\/tr\\\/dumlupinar-denizaltisi-ve-kazasi\\\/\",\"name\":\"Dumlup\u0131nar Denizalt\u0131s\u0131 ve Kazas\u0131 - e-MarineEducation.com\",\"isPartOf\":{\"@id\":\"https:\\\/\\\/e-marineeducation.com\\\/tr\\\/#website\"},\"primaryImageOfPage\":{\"@id\":\"https:\\\/\\\/e-marineeducation.com\\\/tr\\\/dumlupinar-denizaltisi-ve-kazasi\\\/#primaryimage\"},\"image\":{\"@id\":\"https:\\\/\\\/e-marineeducation.com\\\/tr\\\/dumlupinar-denizaltisi-ve-kazasi\\\/#primaryimage\"},\"thumbnailUrl\":\"https:\\\/\\\/e-marineeducation.com\\\/tr\\\/wp-content\\\/uploads\\\/Dumlup\u0131nar-Simge.png\",\"datePublished\":\"2013-04-04T22:59:42+00:00\",\"author\":{\"@id\":\"https:\\\/\\\/e-marineeducation.com\\\/tr\\\/#\\\/schema\\\/person\\\/f7f32de91b2efb12f23950a06aad9e36\"},\"description\":\"Dumlup\u0131nar Denizalt\u0131s\u0131'n\u0131n tarihte ya\u015fad\u0131\u011f\u0131 kazan\u0131n anlat\u0131ld\u0131\u011f\u0131 yaz\u0131d\u0131r.\",\"breadcrumb\":{\"@id\":\"https:\\\/\\\/e-marineeducation.com\\\/tr\\\/dumlupinar-denizaltisi-ve-kazasi\\\/#breadcrumb\"},\"inLanguage\":\"tr\",\"potentialAction\":[{\"@type\":\"ReadAction\",\"target\":[\"https:\\\/\\\/e-marineeducation.com\\\/tr\\\/dumlupinar-denizaltisi-ve-kazasi\\\/\"]}]},{\"@type\":\"ImageObject\",\"inLanguage\":\"tr\",\"@id\":\"https:\\\/\\\/e-marineeducation.com\\\/tr\\\/dumlupinar-denizaltisi-ve-kazasi\\\/#primaryimage\",\"url\":\"https:\\\/\\\/e-marineeducation.com\\\/tr\\\/wp-content\\\/uploads\\\/Dumlup\u0131nar-Simge.png\",\"contentUrl\":\"https:\\\/\\\/e-marineeducation.com\\\/tr\\\/wp-content\\\/uploads\\\/Dumlup\u0131nar-Simge.png\",\"width\":74,\"height\":74},{\"@type\":\"BreadcrumbList\",\"@id\":\"https:\\\/\\\/e-marineeducation.com\\\/tr\\\/dumlupinar-denizaltisi-ve-kazasi\\\/#breadcrumb\",\"itemListElement\":[{\"@type\":\"ListItem\",\"position\":1,\"name\":\"Ana sayfa\",\"item\":\"https:\\\/\\\/e-marineeducation.com\\\/tr\\\/\"},{\"@type\":\"ListItem\",\"position\":2,\"name\":\"Dumlup\u0131nar Denizalt\u0131s\u0131 ve Kazas\u0131\"}]},{\"@type\":\"WebSite\",\"@id\":\"https:\\\/\\\/e-marineeducation.com\\\/tr\\\/#website\",\"url\":\"https:\\\/\\\/e-marineeducation.com\\\/tr\\\/\",\"name\":\"e-MarineEducation.com\",\"description\":\"Denizcilik E\u011fitimine Yeni Bir Bak\u0131\u015f A\u00e7\u0131s\u0131\",\"potentialAction\":[{\"@type\":\"SearchAction\",\"target\":{\"@type\":\"EntryPoint\",\"urlTemplate\":\"https:\\\/\\\/e-marineeducation.com\\\/tr\\\/?s={search_term_string}\"},\"query-input\":{\"@type\":\"PropertyValueSpecification\",\"valueRequired\":true,\"valueName\":\"search_term_string\"}}],\"inLanguage\":\"tr\"},{\"@type\":\"Person\",\"@id\":\"https:\\\/\\\/e-marineeducation.com\\\/tr\\\/#\\\/schema\\\/person\\\/f7f32de91b2efb12f23950a06aad9e36\",\"name\":\"Dr. Aybars Oru\u00e7\",\"image\":{\"@type\":\"ImageObject\",\"inLanguage\":\"tr\",\"@id\":\"https:\\\/\\\/e-marineeducation.com\\\/tr\\\/wp-content\\\/uploads\\\/avatars\\\/1\\\/1713307065-bpfull.jpg\",\"url\":\"https:\\\/\\\/e-marineeducation.com\\\/tr\\\/wp-content\\\/uploads\\\/avatars\\\/1\\\/1713307065-bpfull.jpg\",\"contentUrl\":\"https:\\\/\\\/e-marineeducation.com\\\/tr\\\/wp-content\\\/uploads\\\/avatars\\\/1\\\/1713307065-bpfull.jpg\",\"caption\":\"Dr. Aybars Oru\u00e7\"},\"description\":\"Dr. Aybars Oruc, e-MarineEducation.com'un kurucusudur. \u015eu anda Tallinn Teknoloji \u00dcniversitesi'ndeki Denizcilik Siber G\u00fcvenlik Merkezi'nde doktor ara\u015ft\u0131rmac\u0131 olarak \u00e7al\u0131\u015fmaktad\u0131r. Doktora (PhD) derecesini Norve\u00e7 Bilim ve Teknoloji \u00dcniversitesi'nden (NTNU) alm\u0131\u015ft\u0131r. \u00c7e\u015fitli tip ve tonajlardaki gemielrde \u00e7al\u0131\u015ft\u0131ktan sonra karaya ge\u00e7mi\u015f ve enspekt\u00f6r olarak \u00e7al\u0131\u015fm\u0131\u015ft\u0131r. Teknik ve operasyonel y\u00f6nlerin yan\u0131 s\u0131ra insan fakt\u00f6rlerini de i\u00e7eren geni\u015f bir yelpazede denizcilik siber g\u00fcvenli\u011fi \u00fczerine bilimsel ara\u015ft\u0131rmalar yapmaktad\u0131r. Uluslararas\u0131 Denizcilik \u00d6rg\u00fct\u00fc (IMO) taraf\u0131ndan bir ay s\u00fcreyle ara\u015ft\u0131rmalar\u0131n\u0131 y\u00fcr\u00fctmek \u00fczere kabul edilmi\u015ftir. Dr. Aybars Oruc, \u00f6zel ve askeri kurumlar dahil olmak \u00fczere klas kurulu\u015flar\u0131na, sigorta \u015firketlerine, Ar-Ge firmalar\u0131na, sahil g\u00fcvenlik ve donanma kuvvetlerine denizcilik siber g\u00fcvenli\u011fi konusunda bir\u00e7ok seminer vermi\u015ftir. 2022 y\u0131l\u0131nda NATO\u2019nun siber g\u00fcvenlik konferans\u0131 (CyCon) kapsam\u0131nda Davetli Konu\u015fmac\u0131 olarak yer alm\u0131\u015f ve \u00e7al\u0131\u015fmalar\u0131n\u0131 geni\u015f bir kitleyle payla\u015fm\u0131\u015ft\u0131r.\",\"sameAs\":[\"https:\\\/\\\/e-marineeducation.com\\\/tr\\\/profil-aybars-oruc\\\/\",\"https:\\\/\\\/www.facebook.com\\\/oruc.aybars\",\"https:\\\/\\\/www.instagram.com\\\/orucaybars\\\/\",\"https:\\\/\\\/www.linkedin.com\\\/in\\\/aybarsoruc\",\"https:\\\/\\\/x.com\\\/aybarsoruc\"],\"url\":\"https:\\\/\\\/e-marineeducation.com\\\/tr\\\/author\\\/denizci88\\\/\"}]}<\/script>\n<!-- \/ Yoast SEO plugin. -->","yoast_head_json":{"title":"Dumlup\u0131nar Denizalt\u0131s\u0131 ve Kazas\u0131 - e-MarineEducation.com","description":"Dumlup\u0131nar Denizalt\u0131s\u0131'n\u0131n tarihte ya\u015fad\u0131\u011f\u0131 kazan\u0131n anlat\u0131ld\u0131\u011f\u0131 yaz\u0131d\u0131r.","robots":{"index":"index","follow":"follow","max-snippet":"max-snippet:-1","max-image-preview":"max-image-preview:large","max-video-preview":"max-video-preview:-1"},"canonical":"https:\/\/e-marineeducation.com\/tr\/dumlupinar-denizaltisi-ve-kazasi\/","og_locale":"tr_TR","og_type":"article","og_title":"Dumlup\u0131nar Denizalt\u0131s\u0131 ve Kazas\u0131 - e-MarineEducation.com","og_description":"Dumlup\u0131nar Denizalt\u0131s\u0131'n\u0131n tarihte ya\u015fad\u0131\u011f\u0131 kazan\u0131n anlat\u0131ld\u0131\u011f\u0131 yaz\u0131d\u0131r.","og_url":"https:\/\/e-marineeducation.com\/tr\/dumlupinar-denizaltisi-ve-kazasi\/","og_site_name":"e-MarineEducation.com","article_author":"https:\/\/www.facebook.com\/oruc.aybars","article_published_time":"2013-04-04T22:59:42+00:00","og_image":[{"width":74,"height":74,"url":"https:\/\/e-marineeducation.com\/tr\/wp-content\/uploads\/Dumlup\u0131nar-Simge.png","type":"image\/png"}],"author":"Dr. Aybars Oru\u00e7","twitter_card":"summary_large_image","twitter_creator":"@aybarsoruc","twitter_misc":{"Yazan:":"Dr. Aybars Oru\u00e7","Tahmini okuma s\u00fcresi":"4 dakika"},"schema":{"@context":"https:\/\/schema.org","@graph":[{"@type":"Article","@id":"https:\/\/e-marineeducation.com\/tr\/dumlupinar-denizaltisi-ve-kazasi\/#article","isPartOf":{"@id":"https:\/\/e-marineeducation.com\/tr\/dumlupinar-denizaltisi-ve-kazasi\/"},"author":{"name":"Dr. Aybars Oru\u00e7","@id":"https:\/\/e-marineeducation.com\/tr\/#\/schema\/person\/f7f32de91b2efb12f23950a06aad9e36"},"headline":"Dumlup\u0131nar Denizalt\u0131s\u0131 ve Kazas\u0131","datePublished":"2013-04-04T22:59:42+00:00","mainEntityOfPage":{"@id":"https:\/\/e-marineeducation.com\/tr\/dumlupinar-denizaltisi-ve-kazasi\/"},"wordCount":904,"commentCount":1,"image":{"@id":"https:\/\/e-marineeducation.com\/tr\/dumlupinar-denizaltisi-ve-kazasi\/#primaryimage"},"thumbnailUrl":"https:\/\/e-marineeducation.com\/tr\/wp-content\/uploads\/Dumlup\u0131nar-Simge.png","keywords":["dumlup\u0131nar denizalt\u0131","Fatih Koca Yaz\u0131lar\u0131","kaza"],"articleSection":["Deniz Tarihi"],"inLanguage":"tr","potentialAction":[{"@type":"CommentAction","name":"Comment","target":["https:\/\/e-marineeducation.com\/tr\/dumlupinar-denizaltisi-ve-kazasi\/#respond"]}]},{"@type":"WebPage","@id":"https:\/\/e-marineeducation.com\/tr\/dumlupinar-denizaltisi-ve-kazasi\/","url":"https:\/\/e-marineeducation.com\/tr\/dumlupinar-denizaltisi-ve-kazasi\/","name":"Dumlup\u0131nar Denizalt\u0131s\u0131 ve Kazas\u0131 - e-MarineEducation.com","isPartOf":{"@id":"https:\/\/e-marineeducation.com\/tr\/#website"},"primaryImageOfPage":{"@id":"https:\/\/e-marineeducation.com\/tr\/dumlupinar-denizaltisi-ve-kazasi\/#primaryimage"},"image":{"@id":"https:\/\/e-marineeducation.com\/tr\/dumlupinar-denizaltisi-ve-kazasi\/#primaryimage"},"thumbnailUrl":"https:\/\/e-marineeducation.com\/tr\/wp-content\/uploads\/Dumlup\u0131nar-Simge.png","datePublished":"2013-04-04T22:59:42+00:00","author":{"@id":"https:\/\/e-marineeducation.com\/tr\/#\/schema\/person\/f7f32de91b2efb12f23950a06aad9e36"},"description":"Dumlup\u0131nar Denizalt\u0131s\u0131'n\u0131n tarihte ya\u015fad\u0131\u011f\u0131 kazan\u0131n anlat\u0131ld\u0131\u011f\u0131 yaz\u0131d\u0131r.","breadcrumb":{"@id":"https:\/\/e-marineeducation.com\/tr\/dumlupinar-denizaltisi-ve-kazasi\/#breadcrumb"},"inLanguage":"tr","potentialAction":[{"@type":"ReadAction","target":["https:\/\/e-marineeducation.com\/tr\/dumlupinar-denizaltisi-ve-kazasi\/"]}]},{"@type":"ImageObject","inLanguage":"tr","@id":"https:\/\/e-marineeducation.com\/tr\/dumlupinar-denizaltisi-ve-kazasi\/#primaryimage","url":"https:\/\/e-marineeducation.com\/tr\/wp-content\/uploads\/Dumlup\u0131nar-Simge.png","contentUrl":"https:\/\/e-marineeducation.com\/tr\/wp-content\/uploads\/Dumlup\u0131nar-Simge.png","width":74,"height":74},{"@type":"BreadcrumbList","@id":"https:\/\/e-marineeducation.com\/tr\/dumlupinar-denizaltisi-ve-kazasi\/#breadcrumb","itemListElement":[{"@type":"ListItem","position":1,"name":"Ana sayfa","item":"https:\/\/e-marineeducation.com\/tr\/"},{"@type":"ListItem","position":2,"name":"Dumlup\u0131nar Denizalt\u0131s\u0131 ve Kazas\u0131"}]},{"@type":"WebSite","@id":"https:\/\/e-marineeducation.com\/tr\/#website","url":"https:\/\/e-marineeducation.com\/tr\/","name":"e-MarineEducation.com","description":"Denizcilik E\u011fitimine Yeni Bir Bak\u0131\u015f A\u00e7\u0131s\u0131","potentialAction":[{"@type":"SearchAction","target":{"@type":"EntryPoint","urlTemplate":"https:\/\/e-marineeducation.com\/tr\/?s={search_term_string}"},"query-input":{"@type":"PropertyValueSpecification","valueRequired":true,"valueName":"search_term_string"}}],"inLanguage":"tr"},{"@type":"Person","@id":"https:\/\/e-marineeducation.com\/tr\/#\/schema\/person\/f7f32de91b2efb12f23950a06aad9e36","name":"Dr. Aybars Oru\u00e7","image":{"@type":"ImageObject","inLanguage":"tr","@id":"https:\/\/e-marineeducation.com\/tr\/wp-content\/uploads\/avatars\/1\/1713307065-bpfull.jpg","url":"https:\/\/e-marineeducation.com\/tr\/wp-content\/uploads\/avatars\/1\/1713307065-bpfull.jpg","contentUrl":"https:\/\/e-marineeducation.com\/tr\/wp-content\/uploads\/avatars\/1\/1713307065-bpfull.jpg","caption":"Dr. Aybars Oru\u00e7"},"description":"Dr. Aybars Oruc, e-MarineEducation.com'un kurucusudur. \u015eu anda Tallinn Teknoloji \u00dcniversitesi'ndeki Denizcilik Siber G\u00fcvenlik Merkezi'nde doktor ara\u015ft\u0131rmac\u0131 olarak \u00e7al\u0131\u015fmaktad\u0131r. Doktora (PhD) derecesini Norve\u00e7 Bilim ve Teknoloji \u00dcniversitesi'nden (NTNU) alm\u0131\u015ft\u0131r. \u00c7e\u015fitli tip ve tonajlardaki gemielrde \u00e7al\u0131\u015ft\u0131ktan sonra karaya ge\u00e7mi\u015f ve enspekt\u00f6r olarak \u00e7al\u0131\u015fm\u0131\u015ft\u0131r. Teknik ve operasyonel y\u00f6nlerin yan\u0131 s\u0131ra insan fakt\u00f6rlerini de i\u00e7eren geni\u015f bir yelpazede denizcilik siber g\u00fcvenli\u011fi \u00fczerine bilimsel ara\u015ft\u0131rmalar yapmaktad\u0131r. Uluslararas\u0131 Denizcilik \u00d6rg\u00fct\u00fc (IMO) taraf\u0131ndan bir ay s\u00fcreyle ara\u015ft\u0131rmalar\u0131n\u0131 y\u00fcr\u00fctmek \u00fczere kabul edilmi\u015ftir. Dr. Aybars Oruc, \u00f6zel ve askeri kurumlar dahil olmak \u00fczere klas kurulu\u015flar\u0131na, sigorta \u015firketlerine, Ar-Ge firmalar\u0131na, sahil g\u00fcvenlik ve donanma kuvvetlerine denizcilik siber g\u00fcvenli\u011fi konusunda bir\u00e7ok seminer vermi\u015ftir. 2022 y\u0131l\u0131nda NATO\u2019nun siber g\u00fcvenlik konferans\u0131 (CyCon) kapsam\u0131nda Davetli Konu\u015fmac\u0131 olarak yer alm\u0131\u015f ve \u00e7al\u0131\u015fmalar\u0131n\u0131 geni\u015f bir kitleyle payla\u015fm\u0131\u015ft\u0131r.","sameAs":["https:\/\/e-marineeducation.com\/tr\/profil-aybars-oruc\/","https:\/\/www.facebook.com\/oruc.aybars","https:\/\/www.instagram.com\/orucaybars\/","https:\/\/www.linkedin.com\/in\/aybarsoruc","https:\/\/x.com\/aybarsoruc"],"url":"https:\/\/e-marineeducation.com\/tr\/author\/denizci88\/"}]}},"_links":{"self":[{"href":"https:\/\/e-marineeducation.com\/tr\/wp-json\/wp\/v2\/posts\/10419","targetHints":{"allow":["GET"]}}],"collection":[{"href":"https:\/\/e-marineeducation.com\/tr\/wp-json\/wp\/v2\/posts"}],"about":[{"href":"https:\/\/e-marineeducation.com\/tr\/wp-json\/wp\/v2\/types\/post"}],"author":[{"embeddable":true,"href":"https:\/\/e-marineeducation.com\/tr\/wp-json\/wp\/v2\/users\/1"}],"replies":[{"embeddable":true,"href":"https:\/\/e-marineeducation.com\/tr\/wp-json\/wp\/v2\/comments?post=10419"}],"version-history":[{"count":0,"href":"https:\/\/e-marineeducation.com\/tr\/wp-json\/wp\/v2\/posts\/10419\/revisions"}],"wp:featuredmedia":[{"embeddable":true,"href":"https:\/\/e-marineeducation.com\/tr\/wp-json\/wp\/v2\/media\/10426"}],"wp:attachment":[{"href":"https:\/\/e-marineeducation.com\/tr\/wp-json\/wp\/v2\/media?parent=10419"}],"wp:term":[{"taxonomy":"category","embeddable":true,"href":"https:\/\/e-marineeducation.com\/tr\/wp-json\/wp\/v2\/categories?post=10419"},{"taxonomy":"post_tag","embeddable":true,"href":"https:\/\/e-marineeducation.com\/tr\/wp-json\/wp\/v2\/tags?post=10419"}],"curies":[{"name":"wp","href":"https:\/\/api.w.org\/{rel}","templated":true}]}}